{"id":26444,"date":"2021-02-08T10:57:31","date_gmt":"2021-02-08T10:57:31","guid":{"rendered":"http:\/\/www.africanchallenges.com\/?p=26444"},"modified":"2021-02-08T11:24:47","modified_gmt":"2021-02-08T11:24:47","slug":"tunisie-le-chef-de-letat-kais-saied-adresse-ses-voeux-a-son-homologue-algerien-abdelmajid-tebboune-a-loccasion-du-63eme-anniversaire-des-evenements-de-sakiet-sidi-youssef","status":"publish","type":"post","link":"https:\/\/www.africanchallenges.com\/?p=26444","title":{"rendered":"Tunisie : Le chef de l&rsquo;Etat Kais Saied adresse ses v\u0153ux  \u00e0 son homologue alg\u00e9rien, Abdelmajid Tebboune \u00e0 l\u2019occasion du 63\u00e8me anniversaire des \u00e9v\u00e8nements de Sakiet Sidi Youssef"},"content":{"rendered":"\n<p class=\"wp-block-paragraph\">A l\u2019occasion du 63<sup>\u00e8me<\/sup>\u00a0anniversaire des \u00e9v\u00e8nements de Sakiet Sidi Youssef, le pr\u00e9sident de la R\u00e9publique, Kais Saied, \u00a0a adress\u00e9 une lettre de v\u0153ux \u00e0 son homologue alg\u00e9rien, Abdelmajid Tebboune \u00e0, dans lequel il a exprim\u00e9 ses sinc\u00e8res f\u00e9licitations et ses v\u0153ux sinc\u00e8res de bonne sant\u00e9 , souhaitant au peuple alg\u00e9rien fr\u00e8re plus de progr\u00e8s et de prosp\u00e9rit\u00e9.<\/p>\n\n\n\n<p class=\"wp-block-paragraph\">A cette occasion glorieuse, le Pr\u00e9sident de la R\u00e9publique a invoqu\u00e9 les immenses sacrifices et les \u00e9pop\u00e9es de lutte des martyrs qui ont donn\u00e9 leur \u00e2me pure en sacrifice \u00e0 la Tunisie et \u00e0 l&rsquo;Alg\u00e9rie, et qui ont d\u00e9fendu les valeurs de libert\u00e9 et de dignit\u00e9.<\/p>\n\n\n\n<p class=\"wp-block-paragraph\">Le Chef de l&rsquo;Etat a affirm\u00e9 que cette m\u00e9moire restera une occasion renouvel\u00e9e de rappeler aux deux pays des liens fraternels sinc\u00e8res, et une page lumineuse dans l&rsquo;histoire conjointe tuniso-alg\u00e9rienne de la lutte, dont nous nous inspirons des valeurs de sacrifice. , solidarit\u00e9, et int\u00e9gration dans la fid\u00e9lit\u00e9 aux martyrs et dans l&rsquo;int\u00e9r\u00eat de construire un avenir meilleur pour les g\u00e9n\u00e9rations futures.<\/p>\n\n\n\n<p class=\"wp-block-paragraph\">Le &nbsp;pr\u00e9sident de la R\u00e9publique a \u00e9galement renouvel\u00e9 au pr\u00e9sident Tebboune la d\u00e9termination permanente de continuer \u00e0 renforcer \u00ab&nbsp;l&rsquo;ann\u00e9e de concertation et de coordination continues&nbsp;\u00bb entre eux, indiquant que la Tunisie et l&rsquo;Alg\u00e9rie sont un seul peuple qui, \u00e0 travers l&rsquo;histoire, ont des liens dans tous les domaines et ils ont les m\u00eames espoirs d&rsquo;ouvrir de nouveaux horizons qui r\u00e9pondent aux aspirations des Tunisiens et des Alg\u00e9riens.<\/p>\n","protected":false},"excerpt":{"rendered":"<p>A l\u2019occasion du 63\u00e8me\u00a0anniversaire des \u00e9v\u00e8nements de Sakiet Sidi Youssef, le pr\u00e9sident de la R\u00e9publique, Kais Saied, \u00a0a adress\u00e9 une lettre de v\u0153ux \u00e0 son homologue alg\u00e9rien, Abdelmajid Tebboune \u00e0, dans lequel il a exprim\u00e9 ses sinc\u00e8res f\u00e9licitations et ses v\u0153ux sinc\u00e8res de bonne sant\u00e9 , souhaitant au peuple alg\u00e9rien fr\u00e8re plus de progr\u00e8s et [&hellip;]<\/p>\n","protected":false},"author":4,"featured_media":18841,"comment_status":"open","ping_status":"closed","sticky":false,"template":"","format":"standard","meta":{"content-type":"","jnews-multi-image_gallery":[],"jnews_single_post":{"subtitle":"","format":"standard","video":"","gallery":"","source_name":"","source_url":"","via_name":"","via_url":"","override":[{"single_blog_custom":"","sidebar":"","second_sidebar":"","share_position":"","share_float_style":"","post_date_format":"","post_date_format_custom":"","post_reading_time_wpm":"","zoom_button_out_step":"1","zoom_button_in_step":"1","number_popup_post":"1"}],"image_override":[{"single_post_thumbnail_size":"","single_post_gallery_size":""}],"trending_post_position":"","trending_post_label":"","sponsored_post_label":"","sponsored_post_name":"","sponsored_post_url":"","sponsored_post_logo":"","sponsored_post_desc":""},"jnews_primary_category":{"id":""},"jnews_override_bookmark_settings":[],"jnews_review":[],"enable_review":"","type":"","name":"","summary":"","brand":"","sku":"","good":[],"bad":[],"score_override":"","override_value":"","rating":[],"price":[],"jnews_post_split":[],"footnotes":""},"categories":[2],"tags":[4931,7049,3712,7050],"class_list":["post-26444","post","type-post","status-publish","format-standard","has-post-thumbnail","hentry","category-news-politique","tag-abdelmajid-tebboune","tag-evenements","tag-kais-saied-2","tag-sakiet-sidi-youssef"],"_links":{"self":[{"href":"https:\/\/www.africanchallenges.com\/index.php?rest_route=\/wp\/v2\/posts\/26444","targetHints":{"allow":["GET"]}}],"collection":[{"href":"https:\/\/www.africanchallenges.com\/index.php?rest_route=\/wp\/v2\/posts"}],"about":[{"href":"https:\/\/www.africanchallenges.com\/index.php?rest_route=\/wp\/v2\/types\/post"}],"author":[{"embeddable":true,"href":"https:\/\/www.africanchallenges.com\/index.php?rest_route=\/wp\/v2\/users\/4"}],"replies":[{"embeddable":true,"href":"https:\/\/www.africanchallenges.com\/index.php?rest_route=%2Fwp%2Fv2%2Fcomments&post=26444"}],"version-history":[{"count":2,"href":"https:\/\/www.africanchallenges.com\/index.php?rest_route=\/wp\/v2\/posts\/26444\/revisions"}],"predecessor-version":[{"id":26446,"href":"https:\/\/www.africanchallenges.com\/index.php?rest_route=\/wp\/v2\/posts\/26444\/revisions\/26446"}],"wp:featuredmedia":[{"embeddable":true,"href":"https:\/\/www.africanchallenges.com\/index.php?rest_route=\/wp\/v2\/media\/18841"}],"wp:attachment":[{"href":"https:\/\/www.africanchallenges.com\/index.php?rest_route=%2Fwp%2Fv2%2Fmedia&parent=26444"}],"wp:term":[{"taxonomy":"category","embeddable":true,"href":"https:\/\/www.africanchallenges.com\/index.php?rest_route=%2Fwp%2Fv2%2Fcategories&post=26444"},{"taxonomy":"post_tag","embeddable":true,"href":"https:\/\/www.africanchallenges.com\/index.php?rest_route=%2Fwp%2Fv2%2Ftags&post=26444"}],"curies":[{"name":"wp","href":"https:\/\/api.w.org\/{rel}","templated":true}]}}