{"id":26129,"date":"2021-02-01T12:37:38","date_gmt":"2021-02-01T12:37:38","guid":{"rendered":"http:\/\/www.africanchallenges.com\/?p=26129"},"modified":"2021-02-01T12:48:12","modified_gmt":"2021-02-01T12:48:12","slug":"libye-forum-du-dialogue-politique-libyen-un-nouveau-cycle-de-pourparlers-a-geneve","status":"publish","type":"post","link":"https:\/\/www.africanchallenges.com\/?p=26129","title":{"rendered":"Libye : Forum du dialogue politique libyen, un nouveau cycle de pourparlers \u00e0 Gen\u00e8ve"},"content":{"rendered":"\n<p class=\"wp-block-paragraph\">Les participants au dialogue interlibyen, facilit\u00e9 par l&rsquo;ONU, entament &nbsp;ce lundi1er f\u00e9vrier 2021, &nbsp;un nouveau cycle de pourparlers en Suisse pour choisir un nouveau Premier ministre et un Conseil pr\u00e9sidentiel, qui seront charg\u00e9s d&rsquo;assurer la transition dans le pays en crise d&rsquo;ici les \u00e9lections pr\u00e9vues en d\u00e9cembre.<\/p>\n\n\n\n<p class=\"wp-block-paragraph\">Les 75 repr\u00e9sentants libyens de tous bords participant au Forum de dialogue politique vont se r\u00e9unir du 1 au 5 f\u00e9vrier pour se prononcer sur une liste de 45 candidats, d\u00e9voil\u00e9e samedi par la mission de l&rsquo;ONU en Libye (Manul).<\/p>\n\n\n\n<p class=\"wp-block-paragraph\">Ils \u00ab\u00a0voteront pour choisir le Conseil pr\u00e9sidentiel, qui sera compos\u00e9 de trois membres, et un Premier ministre, assist\u00e9 de deux adjoints\u00a0\u00bb, selon l&rsquo;ONU.<\/p>\n\n\n\n<p class=\"wp-block-paragraph\">Ce conseil transitoire aura pour mission de \u00ab\u00a0r\u00e9unifier les institutions de l&rsquo;Etat et assurer la s\u00e9curit\u00e9\u00a0\u00bb jusqu&rsquo;aux \u00e9lections annonc\u00e9es pour le 24 d\u00e9cembre.<\/p>\n\n\n\n<p class=\"wp-block-paragraph\">La liste des candidats au Conseil pr\u00e9sidentiel, qui comprend trois femmes, a elle-m\u00eame \u00e9t\u00e9 approuv\u00e9e par les participants \u00e0 ce dialogue.<\/p>\n\n\n\n<p class=\"wp-block-paragraph\">Dans l&rsquo;Ouest, le ministre de l&rsquo;Int\u00e9rieur Fathi Bachagha du gouvernement d&rsquo;union libyen (GNA), reconnu par l&rsquo;ONU, est candidat au poste de Premier ministre, tout comme le vice-pr\u00e9sident du Conseil pr\u00e9sidentiel Ahmed Meitig. Le pr\u00e9sident du Haut Conseil d&rsquo;Etat (l&rsquo;\u00e9quivalent d&rsquo;une chambre haute) Khaled Al-Mechri se pr\u00e9sente au Conseil pr\u00e9sidentiel.<\/p>\n\n\n\n<p class=\"wp-block-paragraph\">Dans l&rsquo;Est, le juriste et pr\u00e9sident du Parlement de Tobrouk, Aguila Saleh, brigue le poste de Premier ministre.<\/p>\n\n\n\n<p class=\"wp-block-paragraph\">Le secr\u00e9taire g\u00e9n\u00e9ral de l&rsquo;ONU Antonio Guterres a salu\u00e9 les progr\u00e8s accomplis dans les n\u00e9gociations, tout en r\u00e9it\u00e9rant son appel \u00e0 un d\u00e9part des militaires \u00e9trangers et des mercenaires pr\u00e9sents dans le pays et qui auraient d\u00fb partir au plus tard le 23 janvier en vertu de l&rsquo;accord de cessez-le-feu.<\/p>\n\n\n\n<p class=\"wp-block-paragraph\">L&#8217;embargo sur les armes impos\u00e9 \u00e0 la Libye continue quant \u00e0 lui d&rsquo;\u00eatre viol\u00e9 aujourd&rsquo;hui, avec des arriv\u00e9es qui se poursuivent d&rsquo;avions-cargos, selon l&rsquo;ONU.<\/p>\n\n\n\n<p class=\"wp-block-paragraph\">La r\u00e9union de lundi \u00e0 Gen\u00e8ve d\u00e9butera par une allocution de la repr\u00e9sentante sp\u00e9ciale de l&rsquo;ONU par int\u00e9rim, l&rsquo;Am\u00e9ricaine St\u00e9phanie Williams, suivie par des pr\u00e9sentations des candidats au Conseil pr\u00e9sidentiel, selon le programme.<\/p>\n\n\n\n<p class=\"wp-block-paragraph\">Bien qu&rsquo;un nouvel \u00e9missaire onusien pour la Libye, en l&rsquo;occurrence le Slovaque Jan Kubis, ait \u00e9t\u00e9 r\u00e9cemment nomm\u00e9, c&rsquo;est toujours St\u00e9phanie Williams qui chapeaute les difficiles pourparlers interlibyens.<\/p>\n\n\n\n<p class=\"wp-block-paragraph\">Le 13 novembre \u00e0 Tunis, des pourparlers interlibyens ont d\u00e9bouch\u00e9 sur un accord pour une pr\u00e9sidentielle le 24 d\u00e9cembre 2021, mais pas sur le m\u00e9canisme de d\u00e9signation d&rsquo;un ex\u00e9cutif unifi\u00e9 pour assurer la transition jusqu&rsquo;au scrutin.&nbsp; Le forum a ensuite tenu plusieurs cycles de pourparlers et a approuv\u00e9, le 19 janvier, le m\u00e9canisme de s\u00e9lection de l&rsquo;autorit\u00e9 ex\u00e9cutive int\u00e9rimaire.<\/p>\n\n\n\n<p class=\"wp-block-paragraph\">Apr\u00e8s approbation, les Nations unies ont annonc\u00e9 un d\u00e9lai d&rsquo;une semaine pour la pr\u00e9sentation des candidatures, qui s&rsquo;est termin\u00e9 le 28 du m\u00eame mois. La Libye est, depuis des ann\u00e9es, en proie \u00e0 des violences. Mais un accord de cessez-le-feu a \u00e9t\u00e9 conclu le 23 octobre 2020 entre les deux camps rivaux, \u00e0 l&rsquo;est repr\u00e9sent\u00e9 par le mar\u00e9chal Khalifa Haftar et \u00e0 l&rsquo;ouest \u00e0 Tripoli par le GNA, reconnu par l&rsquo;ONU, et dirig\u00e9 par Faiz al-Sarraj.<\/p>\n","protected":false},"excerpt":{"rendered":"<p>Les participants au dialogue interlibyen, facilit\u00e9 par l&rsquo;ONU, entament &nbsp;ce lundi1er f\u00e9vrier 2021, &nbsp;un nouveau cycle de pourparlers en Suisse pour choisir un nouveau Premier ministre et un Conseil pr\u00e9sidentiel, qui seront charg\u00e9s d&rsquo;assurer la transition dans le pays en crise d&rsquo;ici les \u00e9lections pr\u00e9vues en d\u00e9cembre. Les 75 repr\u00e9sentants libyens de tous bords participant [&hellip;]<\/p>\n","protected":false},"author":4,"featured_media":25006,"comment_status":"open","ping_status":"closed","sticky":false,"template":"","format":"standard","meta":{"content-type":"","jnews-multi-image_gallery":[],"jnews_single_post":{"subtitle":"","format":"standard","video":"","gallery":"","source_name":"","source_url":"","via_name":"","via_url":"","override":[{"single_blog_custom":"","sidebar":"","second_sidebar":"","share_position":"","share_float_style":"","post_date_format":"","post_date_format_custom":"","post_reading_time_wpm":"","zoom_button_out_step":"1","zoom_button_in_step":"1","number_popup_post":"1"}],"image_override":[{"single_post_thumbnail_size":"","single_post_gallery_size":""}],"trending_post_position":"","trending_post_label":"","sponsored_post_label":"","sponsored_post_name":"","sponsored_post_url":"","sponsored_post_logo":"","sponsored_post_desc":""},"jnews_primary_category":{"id":""},"jnews_override_bookmark_settings":[],"jnews_review":[],"enable_review":"","type":"","name":"","summary":"","brand":"","sku":"","good":[],"bad":[],"score_override":"","override_value":"","rating":[],"price":[],"jnews_post_split":[],"footnotes":""},"categories":[6],"tags":[981,6993,5972],"class_list":["post-26129","post","type-post","status-publish","format-standard","has-post-thumbnail","hentry","category-world","tag-forum","tag-geneve","tag-pourparlers"],"_links":{"self":[{"href":"https:\/\/www.africanchallenges.com\/index.php?rest_route=\/wp\/v2\/posts\/26129","targetHints":{"allow":["GET"]}}],"collection":[{"href":"https:\/\/www.africanchallenges.com\/index.php?rest_route=\/wp\/v2\/posts"}],"about":[{"href":"https:\/\/www.africanchallenges.com\/index.php?rest_route=\/wp\/v2\/types\/post"}],"author":[{"embeddable":true,"href":"https:\/\/www.africanchallenges.com\/index.php?rest_route=\/wp\/v2\/users\/4"}],"replies":[{"embeddable":true,"href":"https:\/\/www.africanchallenges.com\/index.php?rest_route=%2Fwp%2Fv2%2Fcomments&post=26129"}],"version-history":[{"count":1,"href":"https:\/\/www.africanchallenges.com\/index.php?rest_route=\/wp\/v2\/posts\/26129\/revisions"}],"predecessor-version":[{"id":26131,"href":"https:\/\/www.africanchallenges.com\/index.php?rest_route=\/wp\/v2\/posts\/26129\/revisions\/26131"}],"wp:featuredmedia":[{"embeddable":true,"href":"https:\/\/www.africanchallenges.com\/index.php?rest_route=\/wp\/v2\/media\/25006"}],"wp:attachment":[{"href":"https:\/\/www.africanchallenges.com\/index.php?rest_route=%2Fwp%2Fv2%2Fmedia&parent=26129"}],"wp:term":[{"taxonomy":"category","embeddable":true,"href":"https:\/\/www.africanchallenges.com\/index.php?rest_route=%2Fwp%2Fv2%2Fcategories&post=26129"},{"taxonomy":"post_tag","embeddable":true,"href":"https:\/\/www.africanchallenges.com\/index.php?rest_route=%2Fwp%2Fv2%2Ftags&post=26129"}],"curies":[{"name":"wp","href":"https:\/\/api.w.org\/{rel}","templated":true}]}}