{"id":2535,"date":"2018-09-30T00:04:56","date_gmt":"2018-09-30T00:04:56","guid":{"rendered":"http:\/\/www.africanchallenges.com\/?p=2535"},"modified":"2018-09-30T00:04:56","modified_gmt":"2018-09-30T00:04:56","slug":"tunisie-le-president-de-la-republique-de-djibouti-ismail-omar-guelleh-assistera-au-forum-daffaires-tuniso-djiboutien-du-2-au-4-octobre-2018-a-tunis","status":"publish","type":"post","link":"https:\/\/www.africanchallenges.com\/?p=2535","title":{"rendered":"Tunisie : le pr\u00e9sident de la R\u00e9publique de Djibouti, Isma\u00efl Omar Guelleh, assistera au forum d\u2019affaires tuniso-djiboutien du 2 au 4 octobre 2018 \u00e0 Tunis"},"content":{"rendered":"<p><strong>Le pr\u00e9sident de la R\u00e9publique de Djibouti, Isma\u00efl Omar Guelleh, effectuera du 2 au 4 octobre 2018 une visite officielle en Tunisie \u00e0 l\u2019invitation du pr\u00e9sident de la R\u00e9publique, B\u00e9ji Ca\u00efd Essebsi et assistera\u00a0 au Forum d\u2019affaires tuniso-djiboutien qui sera organis\u00e9 \u00e0 l\u2019initiative du patronat et du Conseil d\u2019affaires tuniso-africain et aura pour th\u00e8me.: \u00ab\u00a0Pour un partenariat strat\u00e9gique, afin d&rsquo;acc\u00e9der au March\u00e9 du COMESA\u00a0\u00bb, au si\u00e8ge de l\u2019Union tunisienne de l\u2019Industrie, du Commerce et de l\u2019Artisanat (UTICA)<\/strong>,.<\/p>\n<p>Le president Djiboutien sera accompagn\u00e9 par une d\u00e9l\u00e9gation d&rsquo;hommes d&rsquo;affaires multisectorielles\u00a0de tr\u00e8s haut niveau.<\/p>\n<p>Au cours de cette visite, le pr\u00e9sident djiboutien aura une rencontre avec son homologue tunisien B\u00e9ji Ca\u00efd Essebsi.<\/p>\n<p>Cette rencontre sera sanctionn\u00e9e par la signature d\u2019une s\u00e9rie d\u2019accords de coop\u00e9ration.<\/p>\n<p>Isma\u00efl Omar Guelleh aura \u00e9galement des entretiens avec le pr\u00e9sident de l\u2019Assembl\u00e9e des repr\u00e9sentants du peuple (ARP), Mohamed Ennaceur, et le chef du gouvernement, Youssef Chahed.<\/p>\n<p>&nbsp;<\/p>\n","protected":false},"excerpt":{"rendered":"<p>Le pr\u00e9sident de la R\u00e9publique de Djibouti, Isma\u00efl Omar Guelleh, effectuera du 2 au 4 octobre 2018 une visite officielle en Tunisie \u00e0 l\u2019invitation du pr\u00e9sident de la R\u00e9publique, B\u00e9ji Ca\u00efd Essebsi et assistera\u00a0 au Forum d\u2019affaires tuniso-djiboutien qui sera organis\u00e9 \u00e0 l\u2019initiative du patronat et du Conseil d\u2019affaires tuniso-africain et aura pour th\u00e8me.: \u00ab\u00a0Pour [&hellip;]<\/p>\n","protected":false},"author":3,"featured_media":2537,"comment_status":"open","ping_status":"closed","sticky":false,"template":"","format":"standard","meta":{"content-type":"","jnews-multi-image_gallery":[],"jnews_single_post":{"override_template":"0","override":[{"template":"1","parallax":"1","fullscreen":"0","layout":"right-sidebar","sidebar":"default-sidebar","second_sidebar":"default-sidebar","sticky_sidebar":"1","share_position":"top","share_float_style":"share-monocrhome","show_share_counter":"1","show_view_counter":"1","show_featured":"1","show_post_meta":"1","show_post_author":"1","show_post_author_image":"1","show_post_date":"1","post_date_format":"default","post_date_format_custom":"Y\/m\/d","show_post_category":"1","show_post_tag":"1","show_prev_next_post":"1","show_popup_post":"1","number_popup_post":"1","show_author_box":"0","show_post_related":"1","show_inline_post_related":"0"}],"override_image_size":"0","image_override":[{"single_post_thumbnail_size":"crop-500","single_post_gallery_size":"crop-500"}]},"jnews_primary_category":{"id":""},"jnews_override_bookmark_settings":[],"jnews_review":[],"enable_review":"","type":"","name":"","summary":"","brand":"","sku":"","good":[],"bad":[],"score_override":"","override_value":"","rating":[],"price":[],"jnews_post_split":[],"footnotes":""},"categories":[43,73],"tags":[1319],"class_list":["post-2535","post","type-post","status-publish","format-standard","has-post-thumbnail","hentry","category-eco-business","category-eco","tag-ismail-omar-guelleh"],"_links":{"self":[{"href":"https:\/\/www.africanchallenges.com\/index.php?rest_route=\/wp\/v2\/posts\/2535","targetHints":{"allow":["GET"]}}],"collection":[{"href":"https:\/\/www.africanchallenges.com\/index.php?rest_route=\/wp\/v2\/posts"}],"about":[{"href":"https:\/\/www.africanchallenges.com\/index.php?rest_route=\/wp\/v2\/types\/post"}],"author":[{"embeddable":true,"href":"https:\/\/www.africanchallenges.com\/index.php?rest_route=\/wp\/v2\/users\/3"}],"replies":[{"embeddable":true,"href":"https:\/\/www.africanchallenges.com\/index.php?rest_route=%2Fwp%2Fv2%2Fcomments&post=2535"}],"version-history":[{"count":2,"href":"https:\/\/www.africanchallenges.com\/index.php?rest_route=\/wp\/v2\/posts\/2535\/revisions"}],"predecessor-version":[{"id":2538,"href":"https:\/\/www.africanchallenges.com\/index.php?rest_route=\/wp\/v2\/posts\/2535\/revisions\/2538"}],"wp:featuredmedia":[{"embeddable":true,"href":"https:\/\/www.africanchallenges.com\/index.php?rest_route=\/wp\/v2\/media\/2537"}],"wp:attachment":[{"href":"https:\/\/www.africanchallenges.com\/index.php?rest_route=%2Fwp%2Fv2%2Fmedia&parent=2535"}],"wp:term":[{"taxonomy":"category","embeddable":true,"href":"https:\/\/www.africanchallenges.com\/index.php?rest_route=%2Fwp%2Fv2%2Fcategories&post=2535"},{"taxonomy":"post_tag","embeddable":true,"href":"https:\/\/www.africanchallenges.com\/index.php?rest_route=%2Fwp%2Fv2%2Ftags&post=2535"}],"curies":[{"name":"wp","href":"https:\/\/api.w.org\/{rel}","templated":true}]}}