{"id":24989,"date":"2020-12-31T12:54:00","date_gmt":"2020-12-31T12:54:00","guid":{"rendered":"http:\/\/www.africanchallenges.com\/?p=24989"},"modified":"2020-12-31T13:04:06","modified_gmt":"2020-12-31T13:04:06","slug":"retrospective-2020-une-annee-sous-le-signe-du-terrorisme","status":"publish","type":"post","link":"https:\/\/www.africanchallenges.com\/?p=24989","title":{"rendered":"R\u00e9trospective 2020 : Une ann\u00e9e sous le signe du \u00ab\u00a0terrorisme\u00a0\u00bb"},"content":{"rendered":"\n<p class=\"wp-block-paragraph\">2020 une ann\u00e9e qui s&rsquo;ach\u00e8ve en laissant des d\u00e9g\u00e2ts consid\u00e9rables en Europe sur les plans \u00e9conomique, sanitaire et \u00e9videmment politique.<br>Si nous choisissions un titre \u00e0 cette ann\u00e9e que nous venons de passer, \u00e7a ne pourrait \u00eatre que \u00ab\u00a0l&rsquo;ann\u00e9e du terrorisme\u00a0\u00bb, ce ph\u00e9nom\u00e8ne qui a envahi le monde entier et surtout le vieux continent au cours de ces douze mois.<\/p>\n\n\n\n<p class=\"wp-block-paragraph\"><strong>Attentat du 3 janvier 2020 \u00e0 Villejuif en France<\/strong><\/p>\n\n\n\n<p class=\"wp-block-paragraph\">L&rsquo;attentat du 3 janvier 2020 est une attaque au couteau survenue dans le parc d\u00e9partemental des Hautes-Bruy\u00e8res \u00e0 Villejuif, lors de laquelle un homme agresse \u00e0 l&rsquo;arme blanche plusieurs passants au cri d&rsquo;Allah Akbar. Il fait un mort et deux bless\u00e9s.<\/p>\n\n\n\n<p class=\"wp-block-paragraph\"><br><strong>Attentats de Hanau en Allemagne le 19 f\u00e9vrier 2020<\/strong><\/p>\n\n\n\n<p class=\"wp-block-paragraph\"><br>Les attentats de Hanau ont lieu le 19 f\u00e9vrier 2020, quand neuf personnes sont tu\u00e9es et cinq bless\u00e9es par un terroriste qui attaque deux bars \u00e0 chicha \u00e0 Hanau en Allemagne. Apr\u00e8s les attaques, le terroriste est retourn\u00e9 \u00e0 son appartement o\u00f9 il a tu\u00e9 sa m\u00e8re et s&rsquo;est suicid\u00e9. Le massacre a \u00e9t\u00e9 d\u00e9fini comme un acte terroriste par le minist\u00e8re f\u00e9d\u00e9ral de l&rsquo;Int\u00e9rieur. Le terroriste n&rsquo;a \u00e9t\u00e9 li\u00e9 \u00e0 aucune organisation ou groupe extr\u00e9miste mais les attentats ont \u00e9t\u00e9 li\u00e9s \u00e0 la mont\u00e9e de l&rsquo;extr\u00eame droite en Allemagne.<br>Les fusillades ont \u00e9t\u00e9 commises \u00e0 22h, le 19 f\u00e9vrier 2020, dans deux bars \u00e0 chicha, l&rsquo;un au Midnight sur la place centrale de Hanau, et l&rsquo;autre \u00e0 l&rsquo;Arena Bar &amp; Caf\u00e9 dans le quartier ouest de Kesselstadt.<\/p>\n\n\n\n<p class=\"wp-block-paragraph\"><strong>Attentat du 4 avril 2020 \u00e0 Romans-sur-Is\u00e8re en France<\/strong><\/p>\n\n\n\n<p class=\"wp-block-paragraph\"><br>L&rsquo;attentat du 4 avril 2020 est un acte terroriste au couteau perp\u00e9tr\u00e9 en France, le 4 avril 2020, dans le centre-ville de Romans-sur-Is\u00e8re. Il est le fait d&rsquo;un r\u00e9fugi\u00e9 soudanais, Abdallah Ahmed-Osman, rapidement interpell\u00e9 apr\u00e8s ses actes en train de prier. Durant son passage \u00e0 l&rsquo;acte, il aurait cri\u00e9 \u00ab Allah Akbar \u00bb, tue deux passants et en blesse cinq autres, leur demandant s&rsquo;ils sont de confession musulmane.<br>L&rsquo;attaque a lieu durant la p\u00e9riode de confinement en raison de la pand\u00e9mie de Covid-19.<br>Le 4 avril 2020, vers 10h41.<\/p>\n\n\n\n<p class=\"wp-block-paragraph\"><br><strong>Attaque du 20 juin 2020 \u00e0 Reading en Angleterre<\/strong><\/p>\n\n\n\n<p class=\"wp-block-paragraph\"><br>L&rsquo;attaque du 20 juin 2020 \u00e0 Reading est une attaque terroriste au couteau \u00e0 Forbury Gardens, Reading, au Royaume-Uni. Trois personnes sont d\u00e9c\u00e9d\u00e9es des suites de leurs blessures et trois autres ont \u00e9t\u00e9 gri\u00e8vement bless\u00e9es. Un homme de 25 ans a \u00e9t\u00e9 arr\u00eat\u00e9 sur les lieux, soup\u00e7onn\u00e9 de meurtre. Le lendemain, l&rsquo;attaque est consid\u00e9r\u00e9e comme une attaque terroriste.<br>Le 20 Juin 2020, vers 19h00 , les officiers de police de Thames Valley ont \u00e9t\u00e9 appel\u00e9s \u00e0 Forbury Gardens, un parc public dans le centre de Reading, Berkshire, Angleterre, 40 miles (64 kilom\u00e8tres) \u00e0 l&rsquo; ouest de Londres. La police a r\u00e9pondu \u00e0 des alertes faisant \u00e9tat de coups de couteau engendrant de nombreuses victimes.<\/p>\n\n\n\n<p class=\"wp-block-paragraph\"><strong>Attaque du 25 septembre 2020 \u00e0 Paris<\/strong><\/p>\n\n\n\n<p class=\"wp-block-paragraph\"><br>L&rsquo;attaque du 25 septembre 2020 \u00e0 Paris est une attaque terroriste islamiste commise \u00e0 proximit\u00e9 des anciens locaux de Charlie Hebdo o\u00f9 deux personnes sont gravement bless\u00e9es \u00e0 l&rsquo;arme blanche par un jeune \u00e9tranger pakistanais, qui affirme avoir agi en repr\u00e9sailles de la r\u00e9cente republication par le journal des caricatures de Mahomet.<br>Le 25 septembre 2020 dans la matin\u00e9e, une attaque au tranchoir de boucher pr\u00e8s des anciens locaux de Charlie Hebdo rue Nicolas-Appert fait deux bless\u00e9s.Le premier suspect s&rsquo;est pr\u00e9sent\u00e9 comme \u00e9tant Hassan A, \u00e2g\u00e9 de 18 ans, n\u00e9 \u00e0 Mandi Bahauddin au Pakistan.<\/p>\n\n\n\n<p class=\"wp-block-paragraph\"><br><strong>Attaque au couteau de Dresde en Allemagne le 4 octobre 2020<\/strong><\/p>\n\n\n\n<p class=\"wp-block-paragraph\"><br>L&rsquo;attaque au couteau de Dresde est survenue le 4 octobre 2020 \u00e0 Dresde, en Allemagne, faisant un mort et un bless\u00e9. L&rsquo;auteur pr\u00e9sum\u00e9 a \u00e9t\u00e9 arr\u00eat\u00e9 au bout de deux semaines et la police a d\u00e9clar\u00e9 que l&rsquo;attaque \u00e9tait d&rsquo;origine islamiste.<br>Deux hommes allemands qui visitaient Dresde ont \u00e9t\u00e9 poignard\u00e9s avec un couteau par le suspect. L&rsquo;une des victimes, \u00e2g\u00e9e de 55 ans, est d\u00e9c\u00e9d\u00e9e des suites de ses blessures, tandis que l&rsquo;autre, \u00e2g\u00e9e de 53 ans, a \u00e9t\u00e9 gri\u00e8vement bless\u00e9e mais s&rsquo;est r\u00e9tablie plus tard. L&rsquo;auteur a fui les lieux et a \u00e9t\u00e9 arr\u00eat\u00e9 deux semaines plus tard, apr\u00e8s que ses traces d&rsquo;ADN aient \u00e9t\u00e9 trouv\u00e9es sur le couteau, qui a \u00e9t\u00e9 retrouv\u00e9 pr\u00e8s des lieux de l&rsquo;attaque. Le caract\u00e8re islamiste de l&rsquo;attaque a \u00e9t\u00e9 confirm\u00e9.<br>Le suspect est identifi\u00e9 comme \u00e9tant Abdullah al-HH, un ressortissant syrien de 20 ans arriv\u00e9 en Allemagne en 2015 pour demander l&rsquo;asile. Il avait auparavant fait l&rsquo;objet d&rsquo;une enqu\u00eate pour avoir planifi\u00e9 une attaque terroriste et avait \u00e9t\u00e9 signal\u00e9 aux autorit\u00e9s allemandes par un service de renseignement \u00e9tranger.<\/p>\n\n\n\n<p class=\"wp-block-paragraph\"><strong>Assassinat de Samuel Paty en France<\/strong><\/p>\n\n\n\n<p class=\"wp-block-paragraph\">L&rsquo;assassinat de Samuel Paty, aussi d\u00e9sign\u00e9 comme l&rsquo;attentat de Conflans-Sainte-Honorine, est une attaque terroriste islamiste perp\u00e9tr\u00e9e le 16 octobre 2020 dans la commune fran\u00e7aise de Conflans-Sainte-Honorine, situ\u00e9e dans les Yvelines.<br>Samuel Paty, professeur d&rsquo;histoire-g\u00e9ographie, est assassin\u00e9 par arme blanche et d\u00e9capit\u00e9 peu apr\u00e8s \u00eatre sorti de son coll\u00e8ge.<br>Son assassin, Abdoullakh Anzorov, est un citoyen russe d&rsquo;origine tch\u00e9tch\u00e8ne \u00e2g\u00e9 de 18 ans et qui b\u00e9n\u00e9ficie du statut de r\u00e9fugi\u00e9 accord\u00e9 \u00e0 ses parents alors qu&rsquo;il \u00e9tait mineur. Il est abattu quelques minutes apr\u00e8s l&rsquo;attentat par la police \u00e0 \u00c9ragny, une ville du Val-d&rsquo;Oise voisine du lieu du drame.<\/p>\n\n\n\n<p><strong>Attentat de la basilique Notre-Dame de Nice<\/strong><\/p>\n\n\n\n<p class=\"wp-block-paragraph\"><br>L&rsquo;attentat de la basilique Notre-Dame de Nice est une attaque au couteau perp\u00e9tr\u00e9e par un terroriste islamiste \u00e0 Nice (Alpes-Maritimes, France), le 29 octobre 2020, entre 8h50 et 9h. L&rsquo;attaque a lieu au sein de la basilique Notre-Dame de l&rsquo;Assomption, \u00e0 Nice, et fait trois morts (deux femmes et un homme). L&rsquo;assaillant, Brahim Issaoui, un Tunisien de 21 ans, est bless\u00e9 par les tirs des policiers qu&rsquo;il tentait d&rsquo;attaquer, puis est interpell\u00e9 et hospitalis\u00e9.<\/p>\n\n\n\n<p class=\"wp-block-paragraph\"><strong>Attentat du 2 novembre 2020 \u00e0 Vienne<\/strong><\/p>\n\n\n\n<p class=\"wp-block-paragraph\"><strong><br><\/strong>L&rsquo;attentat du 2 novembre 2020 \u00e0 Vienne, capitale de l&rsquo;Autriche, est une fusillade terroriste islamiste survenue dans la soir\u00e9e du 2 novembre 2020, qui a fait plusieurs morts et bless\u00e9s. Des coups de feu sont d&rsquo;abord entendus dans la Seitenstettengasse pr\u00e8s de la synagogue Stadttempel situ\u00e9e \u00e0 proximit\u00e9 de la Schwedenplatz, dans le quartier central de la ville, Innere Stadt.<\/p>\n\n\n\n<p class=\"wp-block-paragraph\">L&rsquo;assaillant, Kujtim Fejzullai, est abattu par la police tandis qu&rsquo;un policier est gravement bless\u00e9. Les m\u00e9dias locaux parlent tr\u00e8s vite d&rsquo;une \u00ab attaque terroriste \u00bb, information non reprise par les autorit\u00e9s dans un premier temps, puis qu&rsquo;elles confirment au matin du 3 novembre en qualifiant l&rsquo;attentat d&rsquo;attaque \u00ab terroriste islamiste \u00bb<\/p>\n\n\n\n<p><strong>Par Marwen BALAAZI<\/strong><\/p>\n","protected":false},"excerpt":{"rendered":"<p>2020 une ann\u00e9e qui s&rsquo;ach\u00e8ve en laissant des d\u00e9g\u00e2ts consid\u00e9rables en Europe sur les plans \u00e9conomique, sanitaire et \u00e9videmment politique.Si nous choisissions un titre \u00e0 cette ann\u00e9e que nous venons de passer, \u00e7a ne pourrait \u00eatre que \u00ab\u00a0l&rsquo;ann\u00e9e du terrorisme\u00a0\u00bb, ce ph\u00e9nom\u00e8ne qui a envahi le monde entier et surtout le vieux continent au cours [&hellip;]<\/p>\n","protected":false},"author":4,"featured_media":24991,"comment_status":"open","ping_status":"closed","sticky":false,"template":"","format":"standard","meta":{"content-type":"","jnews-multi-image_gallery":[],"jnews_single_post":{"subtitle":"","format":"standard","video":"","gallery":"","source_name":"","source_url":"","via_name":"","via_url":"","override":[{"single_blog_custom":"","sidebar":"","second_sidebar":"","share_position":"","share_float_style":"","post_date_format":"","post_date_format_custom":"","post_reading_time_wpm":"","zoom_button_out_step":"1","zoom_button_in_step":"1","number_popup_post":"1"}],"image_override":[{"single_post_thumbnail_size":"","single_post_gallery_size":""}],"trending_post_position":"","trending_post_label":"","sponsored_post_label":"","sponsored_post_name":"","sponsored_post_url":"","sponsored_post_logo":"","sponsored_post_desc":""},"jnews_primary_category":{"id":""},"jnews_override_bookmark_settings":[],"jnews_review":[],"enable_review":"","type":"","name":"","summary":"","brand":"","sku":"","good":[],"bad":[],"score_override":"","override_value":"","rating":[],"price":[],"jnews_post_split":[],"footnotes":""},"categories":[6],"tags":[6732,2320],"class_list":["post-24989","post","type-post","status-publish","format-standard","has-post-thumbnail","hentry","category-world","tag-retrospective-2020","tag-terrorisme"],"_links":{"self":[{"href":"https:\/\/www.africanchallenges.com\/index.php?rest_route=\/wp\/v2\/posts\/24989","targetHints":{"allow":["GET"]}}],"collection":[{"href":"https:\/\/www.africanchallenges.com\/index.php?rest_route=\/wp\/v2\/posts"}],"about":[{"href":"https:\/\/www.africanchallenges.com\/index.php?rest_route=\/wp\/v2\/types\/post"}],"author":[{"embeddable":true,"href":"https:\/\/www.africanchallenges.com\/index.php?rest_route=\/wp\/v2\/users\/4"}],"replies":[{"embeddable":true,"href":"https:\/\/www.africanchallenges.com\/index.php?rest_route=%2Fwp%2Fv2%2Fcomments&post=24989"}],"version-history":[{"count":7,"href":"https:\/\/www.africanchallenges.com\/index.php?rest_route=\/wp\/v2\/posts\/24989\/revisions"}],"predecessor-version":[{"id":24997,"href":"https:\/\/www.africanchallenges.com\/index.php?rest_route=\/wp\/v2\/posts\/24989\/revisions\/24997"}],"wp:featuredmedia":[{"embeddable":true,"href":"https:\/\/www.africanchallenges.com\/index.php?rest_route=\/wp\/v2\/media\/24991"}],"wp:attachment":[{"href":"https:\/\/www.africanchallenges.com\/index.php?rest_route=%2Fwp%2Fv2%2Fmedia&parent=24989"}],"wp:term":[{"taxonomy":"category","embeddable":true,"href":"https:\/\/www.africanchallenges.com\/index.php?rest_route=%2Fwp%2Fv2%2Fcategories&post=24989"},{"taxonomy":"post_tag","embeddable":true,"href":"https:\/\/www.africanchallenges.com\/index.php?rest_route=%2Fwp%2Fv2%2Ftags&post=24989"}],"curies":[{"name":"wp","href":"https:\/\/api.w.org\/{rel}","templated":true}]}}