{"id":24918,"date":"2020-12-29T17:36:37","date_gmt":"2020-12-29T17:36:37","guid":{"rendered":"http:\/\/www.africanchallenges.com\/?p=24918"},"modified":"2020-12-29T17:40:57","modified_gmt":"2020-12-29T17:40:57","slug":"tunisie-hichem-mechichi-inaugure-lunite-disolement-dans-le-service-des-maladies-infectieuses-de-lhopital-universitaire-farhat-hached","status":"publish","type":"post","link":"https:\/\/www.africanchallenges.com\/?p=24918","title":{"rendered":"Tunisie : Hichem Mechichi inaugure l\u2019unit\u00e9 d&rsquo;isolement dans le service des maladies infectieuses de l&rsquo;h\u00f4pital universitaire Farhat Hached de Sousse"},"content":{"rendered":"\n<p class=\"wp-block-paragraph\">Le Premier ministre Hichem Mechichi s&rsquo;est rendu, ce matin, mardi 29 d\u00e9cembre 2020, dans le gouvernorat de Sousse pour voir l&rsquo;\u00e9tat d&rsquo;avancement des travaux dans les d\u00e9partements consacr\u00e9s \u00e0 l&rsquo;accueil des patients \u00abCovid-19\u00bb au CHU \u00abSahloul\u00bb et \u00e0 l&rsquo;h\u00f4pital Farhat Hached.<\/p>\n\n\n\n<p class=\"wp-block-paragraph\">Mechichi a commenc\u00e9 sa visite au CHU de Sahloul en inspectant l&rsquo;unit\u00e9 du laboratoire de virologie consacr\u00e9e \u00e0 la pr\u00e9paration d&rsquo;analyses et d&rsquo;\u00e9tudes sur le d\u00e9veloppement du Coronavirus. Il a \u00e9galement pass\u00e9 en revue les pr\u00e9paratifs du cadre m\u00e9dical et param\u00e9dical dans l&rsquo;unit\u00e9 de transplantation d&rsquo;organes destin\u00e9e \u00e0 accueillir les patients du \u00abCovid-19\u00bb, dont le co\u00fbt est estim\u00e9 \u00e0 environ 1 million de dinars et re\u00e7u Jusqu&rsquo;\u00e0 pr\u00e9sent, 125 arriv\u00e9es.<\/p>\n\n\n\n<p class=\"wp-block-paragraph\">En cons\u00e9quence, le Premier ministre s&rsquo;est rendu \u00e0 l&rsquo;h\u00f4pital Farhat Hached, o\u00f9 il a entrepris l&rsquo;inauguration de l&rsquo;unit\u00e9 d&rsquo;isolement dans le service des maladies bact\u00e9riennes de l&rsquo;h\u00f4pital Farhat Hashad, apr\u00e8s avoir \u00e9t\u00e9 reconfigur\u00e9e gr\u00e2ce \u00e0 un partenariat entre le secteur public et le secteur priv\u00e9, pour \u00eatre la premi\u00e8re du genre en Tunisie et en Afrique du Nord conform\u00e9ment aux sp\u00e9cifications internationales.<\/p>\n\n\n\n<p class=\"wp-block-paragraph\">A l&rsquo;issue de la visite, le Premier ministre a livr\u00e9 des ambulances de type \u00abB\u00bb aux directeurs des h\u00f4pitaux de Kendar, Hargila et Masaken pour renforcer les capacit\u00e9s de ces h\u00f4pitaux r\u00e9gionaux face au Coronavirus.<\/p>\n\n\n\n<p class=\"wp-block-paragraph\">Dans un communiqu\u00e9 de presse \u00e0 l&rsquo;issue de cette visite, le Premier ministre a affirm\u00e9 que cette visite s&rsquo;inscrit dans le cadre du renforcement des capacit\u00e9s du secteur de la sant\u00e9 face \u00e0 l&rsquo;\u00e9pid\u00e9mie de Corona dans l&rsquo;\u00e9tat de Sousse, appr\u00e9ciant les efforts du cadre m\u00e9dical travaillant dans ces unit\u00e9s et laboratoires.<\/p>\n\n\n\n<p class=\"wp-block-paragraph\">Hichem Mechichi a estim\u00e9 que le laboratoire de virologie de Sahloul est consid\u00e9r\u00e9 comme un atout national important, et c&rsquo;est un laboratoire de r\u00e9f\u00e9rence qui peut rayonner tous les \u00e9tats du centre et du sud, d&rsquo;autant plus qu&rsquo;il permettra de faire progresser les capacit\u00e9s analytiques et scientifiques face au virus Corona.<\/p>\n\n\n\n<p class=\"wp-block-paragraph\">Il a \u00e9galement indiqu\u00e9 que l&rsquo;unit\u00e9 d&rsquo;isolement du service des maladies bact\u00e9riennes de l&rsquo;h\u00f4pital Farhat Hashad est un exemple marquant du partenariat entre les secteurs public et priv\u00e9 pour faire face au virus Corona et pr\u00e9server la sant\u00e9 des Tunisiens.<\/p>\n\n\n\n<p class=\"wp-block-paragraph\">A l&rsquo;occasion, le Premier ministre a appel\u00e9 \u00e0 la n\u00e9cessit\u00e9 de respecter les mesures de pr\u00e9vention et de s\u00e9curit\u00e9 n\u00e9cessaires pour faire face au virus, notant que la situation \u00e9pid\u00e9miologique est toujours dangereuse et n\u00e9cessite plus de vigilance, de prudence et d&rsquo;engagement \u00e0 toutes les mesures pr\u00e9ventives.<\/p>\n\n\n","protected":false},"excerpt":{"rendered":"<p>Le Premier ministre Hichem Mechichi s&rsquo;est rendu, ce matin, mardi 29 d\u00e9cembre 2020, dans le gouvernorat de Sousse pour voir l&rsquo;\u00e9tat d&rsquo;avancement des travaux dans les d\u00e9partements consacr\u00e9s \u00e0 l&rsquo;accueil des patients \u00abCovid-19\u00bb au CHU \u00abSahloul\u00bb et \u00e0 l&rsquo;h\u00f4pital Farhat Hached. Mechichi a commenc\u00e9 sa visite au CHU de Sahloul en inspectant l&rsquo;unit\u00e9 du laboratoire [&hellip;]<\/p>\n","protected":false},"author":3,"featured_media":24919,"comment_status":"open","ping_status":"closed","sticky":false,"template":"","format":"standard","meta":{"content-type":"","jnews-multi-image_gallery":[],"jnews_single_post":{"subtitle":"","format":"standard","video":"","gallery":"","source_name":"","source_url":"","via_name":"","via_url":"","override":[{"single_blog_custom":"","sidebar":"","second_sidebar":"","share_position":"","share_float_style":"","post_date_format":"","post_date_format_custom":"","post_reading_time_wpm":"","zoom_button_out_step":"1","zoom_button_in_step":"1","number_popup_post":"1"}],"image_override":[{"single_post_thumbnail_size":"","single_post_gallery_size":""}],"trending_post_position":"","trending_post_label":"","sponsored_post_label":"","sponsored_post_name":"","sponsored_post_url":"","sponsored_post_logo":"","sponsored_post_desc":""},"jnews_primary_category":{"id":""},"jnews_override_bookmark_settings":[],"jnews_review":[],"enable_review":"","type":"","name":"","summary":"","brand":"","sku":"","good":[],"bad":[],"score_override":"","override_value":"","rating":[],"price":[],"jnews_post_split":[],"footnotes":""},"categories":[11],"tags":[4232,6711,6710,6713],"class_list":["post-24918","post","type-post","status-publish","format-standard","has-post-thumbnail","hentry","category-health","tag-hichem-mechichi","tag-maladies-infectieuses","tag-service","tag-sosse"],"_links":{"self":[{"href":"https:\/\/www.africanchallenges.com\/index.php?rest_route=\/wp\/v2\/posts\/24918","targetHints":{"allow":["GET"]}}],"collection":[{"href":"https:\/\/www.africanchallenges.com\/index.php?rest_route=\/wp\/v2\/posts"}],"about":[{"href":"https:\/\/www.africanchallenges.com\/index.php?rest_route=\/wp\/v2\/types\/post"}],"author":[{"embeddable":true,"href":"https:\/\/www.africanchallenges.com\/index.php?rest_route=\/wp\/v2\/users\/3"}],"replies":[{"embeddable":true,"href":"https:\/\/www.africanchallenges.com\/index.php?rest_route=%2Fwp%2Fv2%2Fcomments&post=24918"}],"version-history":[{"count":2,"href":"https:\/\/www.africanchallenges.com\/index.php?rest_route=\/wp\/v2\/posts\/24918\/revisions"}],"predecessor-version":[{"id":24921,"href":"https:\/\/www.africanchallenges.com\/index.php?rest_route=\/wp\/v2\/posts\/24918\/revisions\/24921"}],"wp:featuredmedia":[{"embeddable":true,"href":"https:\/\/www.africanchallenges.com\/index.php?rest_route=\/wp\/v2\/media\/24919"}],"wp:attachment":[{"href":"https:\/\/www.africanchallenges.com\/index.php?rest_route=%2Fwp%2Fv2%2Fmedia&parent=24918"}],"wp:term":[{"taxonomy":"category","embeddable":true,"href":"https:\/\/www.africanchallenges.com\/index.php?rest_route=%2Fwp%2Fv2%2Fcategories&post=24918"},{"taxonomy":"post_tag","embeddable":true,"href":"https:\/\/www.africanchallenges.com\/index.php?rest_route=%2Fwp%2Fv2%2Ftags&post=24918"}],"curies":[{"name":"wp","href":"https:\/\/api.w.org\/{rel}","templated":true}]}}