{"id":2489,"date":"2018-09-28T22:03:11","date_gmt":"2018-09-28T22:03:11","guid":{"rendered":"http:\/\/www.africanchallenges.com\/?p=2489"},"modified":"2018-09-28T22:03:11","modified_gmt":"2018-09-28T22:03:11","slug":"une-faille-de-securite-affecte-cinquante-millions-de-comptes-facebook","status":"publish","type":"post","link":"https:\/\/www.africanchallenges.com\/?p=2489","title":{"rendered":"Une faille de s\u00e9curit\u00e9 affecte Cinquante millions de comptes Facebook"},"content":{"rendered":"<h4><strong><span style=\"font-size: 12pt;\">Facebook a annonc\u00e9\u00a0 ce vendredi 28\u00a0septembre 2018\u00a0 avoir\u00a0\u00e9t\u00e9 victime d\u2019une attaque informatique. Des pirates, tirant parti d\u2019une faille dans le code du r\u00e9seau social, ont eu acc\u00e8s \u00e0 des \u00e9l\u00e9ments susceptibles de leur ouvrir\u00a0\u00a0les portes d\u2019un peu moins de 50\u00a0millions de comptes Facebook.<\/span><\/strong><\/h4>\n<p>Lors d\u2019une conf\u00e9rence de presse tenue vendredi en pr\u00e9sence de son PDG, Mark Zuckerberg, l\u2019entreprise a expliqu\u00e9 ne pas\u00a0savoir si ces pirates avaient effectivement pris le contr\u00f4le de tout ou partie des comptes concern\u00e9s ou extrait des informations de ces comptes. L\u2019enqu\u00eate interne, en collaboration avec le FBI, vient tout juste de d\u00e9buter, et l\u2019entreprise n\u2019exclut pas \u00e0 ce stade cette inqui\u00e9tante hypoth\u00e8se.\u00a0L\u2019entreprise a \u00e9galement dit ne pas savoir qui se trouvait derri\u00e8re cette attaque, d\u2019une ampleur in\u00e9dite dans l\u2019histoire de Facebook.<\/p>\n<p>Alert\u00e9 par une activit\u00e9 suspecte sur son r\u00e9seau, Facebook a d\u00e9couvert la faille mardi apr\u00e8s-midi, avant de la corriger\u00a0 dans la nuit du 27 au vendredi 28\u00a0septembre. Pour circonscrire\u00a0 totalement l\u2019incident, l\u2019entreprise a pris la d\u00e9cision de d\u00e9connecter\u00a0de force la cinquantaine de\u00a0millions de comptes affect\u00e9s ainsi que 40\u00a0millions de comptes suppl\u00e9mentaires,<\/p>\n<p>C\u2019est la premi\u00e8re fois que Facebook r\u00e9v\u00e8le une attaque informatique d\u2019une telle ampleur.<em><strong>\u00a0\u00ab\u00a0Nous continuons \u00e0\u00a0 am\u00e9liorer nos d\u00e9fenses. Nous faisons l\u2019objet d\u2019attaques constantes de la part de gens qui tentent de pirater\u00a0 des comptes ou de r\u00e9cup\u00e9rer\u00a0des informations personnelles\u00a0\u00bb<\/strong><\/em>\u00a0a d\u00e9clar\u00e9 Mark Zuckerberg.<\/p>\n<p><strong>source : le Monde<\/strong><\/p>\n<h2><\/h2>\n<h2><\/h2>\n<h2><\/h2>\n<h2><\/h2>\n<p>&nbsp;<\/p>\n","protected":false},"excerpt":{"rendered":"<p>Facebook a annonc\u00e9\u00a0 ce vendredi 28\u00a0septembre 2018\u00a0 avoir\u00a0\u00e9t\u00e9 victime d\u2019une attaque informatique. Des pirates, tirant parti d\u2019une faille dans le code du r\u00e9seau social, ont eu acc\u00e8s \u00e0 des \u00e9l\u00e9ments susceptibles de leur ouvrir\u00a0\u00a0les portes d\u2019un peu moins de 50\u00a0millions de comptes Facebook. Lors d\u2019une conf\u00e9rence de presse tenue vendredi en pr\u00e9sence de son PDG, [&hellip;]<\/p>\n","protected":false},"author":3,"featured_media":2491,"comment_status":"open","ping_status":"closed","sticky":false,"template":"","format":"standard","meta":{"content-type":"","jnews-multi-image_gallery":[],"jnews_single_post":{"override_template":"0","override":[{"template":"1","parallax":"1","fullscreen":"0","layout":"right-sidebar","sidebar":"default-sidebar","second_sidebar":"default-sidebar","sticky_sidebar":"1","share_position":"top","share_float_style":"share-monocrhome","show_share_counter":"1","show_view_counter":"1","show_featured":"1","show_post_meta":"1","show_post_author":"1","show_post_author_image":"1","show_post_date":"1","post_date_format":"default","post_date_format_custom":"Y\/m\/d","show_post_category":"1","show_post_tag":"1","show_prev_next_post":"1","show_popup_post":"1","number_popup_post":"1","show_author_box":"0","show_post_related":"1","show_inline_post_related":"0"}],"override_image_size":"0","image_override":[{"single_post_thumbnail_size":"crop-500","single_post_gallery_size":"crop-500"}]},"jnews_primary_category":{"id":""},"jnews_override_bookmark_settings":[],"jnews_review":[],"enable_review":"","type":"","name":"","summary":"","brand":"","sku":"","good":[],"bad":[],"score_override":"","override_value":"","rating":[],"price":[],"jnews_post_split":[],"footnotes":""},"categories":[12,6],"tags":[1296,326,162,1297,599,216],"class_list":["post-2489","post","type-post","status-publish","format-standard","has-post-thumbnail","hentry","category-tech","category-world","tag-attaque-informatique","tag-conference","tag-facebook","tag-faille","tag-mark-zuckerberg","tag-securite"],"_links":{"self":[{"href":"https:\/\/www.africanchallenges.com\/index.php?rest_route=\/wp\/v2\/posts\/2489","targetHints":{"allow":["GET"]}}],"collection":[{"href":"https:\/\/www.africanchallenges.com\/index.php?rest_route=\/wp\/v2\/posts"}],"about":[{"href":"https:\/\/www.africanchallenges.com\/index.php?rest_route=\/wp\/v2\/types\/post"}],"author":[{"embeddable":true,"href":"https:\/\/www.africanchallenges.com\/index.php?rest_route=\/wp\/v2\/users\/3"}],"replies":[{"embeddable":true,"href":"https:\/\/www.africanchallenges.com\/index.php?rest_route=%2Fwp%2Fv2%2Fcomments&post=2489"}],"version-history":[{"count":2,"href":"https:\/\/www.africanchallenges.com\/index.php?rest_route=\/wp\/v2\/posts\/2489\/revisions"}],"predecessor-version":[{"id":2492,"href":"https:\/\/www.africanchallenges.com\/index.php?rest_route=\/wp\/v2\/posts\/2489\/revisions\/2492"}],"wp:featuredmedia":[{"embeddable":true,"href":"https:\/\/www.africanchallenges.com\/index.php?rest_route=\/wp\/v2\/media\/2491"}],"wp:attachment":[{"href":"https:\/\/www.africanchallenges.com\/index.php?rest_route=%2Fwp%2Fv2%2Fmedia&parent=2489"}],"wp:term":[{"taxonomy":"category","embeddable":true,"href":"https:\/\/www.africanchallenges.com\/index.php?rest_route=%2Fwp%2Fv2%2Fcategories&post=2489"},{"taxonomy":"post_tag","embeddable":true,"href":"https:\/\/www.africanchallenges.com\/index.php?rest_route=%2Fwp%2Fv2%2Ftags&post=2489"}],"curies":[{"name":"wp","href":"https:\/\/api.w.org\/{rel}","templated":true}]}}