{"id":2460,"date":"2018-09-27T22:48:02","date_gmt":"2018-09-27T22:48:02","guid":{"rendered":"http:\/\/www.africanchallenges.com\/?p=2460"},"modified":"2018-09-27T23:14:55","modified_gmt":"2018-09-27T23:14:55","slug":"tunisie-le-chef-de-letat-recoit-le-vice-president-du-conseil-et-ministre-italien-de-linterieur-matteo-salvini","status":"publish","type":"post","link":"https:\/\/www.africanchallenges.com\/?p=2460","title":{"rendered":"Tunisie : le chef de l\u2019Etat  re\u00e7oit le vice-pr\u00e9sident du Conseil et ministre italien de l\u2019Int\u00e9rieur Matteo Salvini"},"content":{"rendered":"<p><strong>Le pr\u00e9sident de la R\u00e9publique, B\u00e9ji Ca\u00efd Essebsi, a re\u00e7u,\u00a0 ce jeudi 27 se^tembre 2018, au Palais de Carthage, le vice-pr\u00e9sident du Conseil et ministre italien de l\u2019Int\u00e9rieur, Matteo Salvini, qui \u00e9tait en visite de travail en Tunisie.<\/strong><\/p>\n<p>A l\u2019issue de la rencontre, Salvini a expliqu\u00e9 que sa visite en Tunisie vient t\u00e9moigner des relations profondes d\u2019amiti\u00e9 unissant les deux pays.<\/p>\n<p>Elle illustre, aussi, le souci de l\u2019Italie de consolider et de diversifier la coop\u00e9ration dans les domaines \u00e9conomiques, sociaux, culturels et s\u00e9curitaires pour faire face aux d\u00e9fis communs dans l\u2019espace m\u00e9diterran\u00e9en, a-t-il poursuivi.<\/p>\n<p>Le ministre a salu\u00e9 l\u2019exp\u00e9rience d\u00e9mocratique naissante en Tunisie et les pas franchis sur la voie de l\u2019instauration des institutions d\u00e9mocratiques et de la cons\u00e9cration des droits de l\u2019Homme et des libert\u00e9s.<\/p>\n<p>Il s\u2019est, en outre, f\u00e9licit\u00e9 du climat social sain en Tunisie qui a encourag\u00e9 plusieurs investisseurs italiens \u00e0 s\u2019installer en Tunisie et dans les r\u00e9gions int\u00e9rieures, g\u00e9n\u00e9rant des opportunit\u00e9s d\u2019emploi \u00e0 la jeunesse tunisienne.<\/p>\n<p>Salvini a indiqu\u00e9 que la coop\u00e9ration est \u00ab\u00a0\u00e9troite et continue entre les deux pays en mati\u00e8re de lutte contre la migration irr\u00e9guli\u00e8re et le terrorisme\u00a0\u00bb.<\/p>\n<p>Le renforcement de cette coop\u00e9ration, a-t-il dit, n\u00e9cessite la conjugaison de tous les efforts et la mobilisation de tous les moyens pour trouver des solutions radicales \u00e0 ces fl\u00e9aux qui menacent la stabilit\u00e9 et la paix dans les deux pays et dans l\u2019espace m\u00e9diterran\u00e9en.<\/p>\n<p>De son c\u00f4t\u00e9, le pr\u00e9sident Ca\u00efd Essebsi a mis en avant les relations privil\u00e9gi\u00e9es d\u2019amiti\u00e9 et d\u2019\u00e9troite coop\u00e9ration entre les deux pays qui, selon lui, doivent \u00eatre mises \u00e0 profit pour diversifier les domaines de coop\u00e9ration bilat\u00e9rale et les hisser aux plus haut niveau, au service des int\u00e9r\u00eats communs.<\/p>\n<p>Il a relev\u00e9 que les d\u00e9fis qui mettent en p\u00e9ril la s\u00e9curit\u00e9 et la stabilit\u00e9 de la r\u00e9gion m\u00e9diterran\u00e9en et entravent les efforts de d\u00e9veloppement n\u00e9cessitent de parfaire la coordination et de raffermir la coop\u00e9ration.<\/p>\n<p><strong>Avec TAP<\/strong><\/p>\n","protected":false},"excerpt":{"rendered":"<p>Le pr\u00e9sident de la R\u00e9publique, B\u00e9ji Ca\u00efd Essebsi, a re\u00e7u,\u00a0 ce jeudi 27 se^tembre 2018, au Palais de Carthage, le vice-pr\u00e9sident du Conseil et ministre italien de l\u2019Int\u00e9rieur, Matteo Salvini, qui \u00e9tait en visite de travail en Tunisie. A l\u2019issue de la rencontre, Salvini a expliqu\u00e9 que sa visite en Tunisie vient t\u00e9moigner des relations [&hellip;]<\/p>\n","protected":false},"author":3,"featured_media":2461,"comment_status":"open","ping_status":"closed","sticky":false,"template":"","format":"standard","meta":{"content-type":"","jnews-multi-image_gallery":[],"jnews_single_post":{"override_template":"0","override":[{"template":"1","parallax":"1","fullscreen":"0","layout":"right-sidebar","sidebar":"default-sidebar","second_sidebar":"default-sidebar","sticky_sidebar":"1","share_position":"top","share_float_style":"share-monocrhome","show_share_counter":"1","show_view_counter":"1","show_featured":"1","show_post_meta":"1","show_post_author":"1","show_post_author_image":"1","show_post_date":"1","post_date_format":"default","post_date_format_custom":"Y\/m\/d","show_post_category":"1","show_post_tag":"1","show_prev_next_post":"1","show_popup_post":"1","number_popup_post":"1","show_author_box":"0","show_post_related":"1","show_inline_post_related":"0"}],"override_image_size":"0","image_override":[{"single_post_thumbnail_size":"crop-500","single_post_gallery_size":"crop-500"}]},"jnews_primary_category":{"id":""},"jnews_override_bookmark_settings":[],"jnews_review":[],"enable_review":"","type":"","name":"","summary":"","brand":"","sku":"","good":[],"bad":[],"score_override":"","override_value":"","rating":[],"price":[],"jnews_post_split":[],"footnotes":""},"categories":[2],"tags":[329,298,723,1281,944,1282,1283,54],"class_list":["post-2460","post","type-post","status-publish","format-standard","has-post-thumbnail","hentry","category-news-politique","tag-beji-caid-essebsi","tag-cooperation","tag-lutte","tag-matteo-salvini","tag-migration","tag-rencontre","tag-renforcement","tag-tunisie"],"_links":{"self":[{"href":"https:\/\/www.africanchallenges.com\/index.php?rest_route=\/wp\/v2\/posts\/2460","targetHints":{"allow":["GET"]}}],"collection":[{"href":"https:\/\/www.africanchallenges.com\/index.php?rest_route=\/wp\/v2\/posts"}],"about":[{"href":"https:\/\/www.africanchallenges.com\/index.php?rest_route=\/wp\/v2\/types\/post"}],"author":[{"embeddable":true,"href":"https:\/\/www.africanchallenges.com\/index.php?rest_route=\/wp\/v2\/users\/3"}],"replies":[{"embeddable":true,"href":"https:\/\/www.africanchallenges.com\/index.php?rest_route=%2Fwp%2Fv2%2Fcomments&post=2460"}],"version-history":[{"count":4,"href":"https:\/\/www.africanchallenges.com\/index.php?rest_route=\/wp\/v2\/posts\/2460\/revisions"}],"predecessor-version":[{"id":2463,"href":"https:\/\/www.africanchallenges.com\/index.php?rest_route=\/wp\/v2\/posts\/2460\/revisions\/2463"}],"wp:featuredmedia":[{"embeddable":true,"href":"https:\/\/www.africanchallenges.com\/index.php?rest_route=\/wp\/v2\/media\/2461"}],"wp:attachment":[{"href":"https:\/\/www.africanchallenges.com\/index.php?rest_route=%2Fwp%2Fv2%2Fmedia&parent=2460"}],"wp:term":[{"taxonomy":"category","embeddable":true,"href":"https:\/\/www.africanchallenges.com\/index.php?rest_route=%2Fwp%2Fv2%2Fcategories&post=2460"},{"taxonomy":"post_tag","embeddable":true,"href":"https:\/\/www.africanchallenges.com\/index.php?rest_route=%2Fwp%2Fv2%2Ftags&post=2460"}],"curies":[{"name":"wp","href":"https:\/\/api.w.org\/{rel}","templated":true}]}}