{"id":2446,"date":"2018-09-27T21:13:18","date_gmt":"2018-09-27T21:13:18","guid":{"rendered":"http:\/\/www.africanchallenges.com\/?p=2446"},"modified":"2018-09-27T21:13:18","modified_gmt":"2018-09-27T21:13:18","slug":"tunisie-inauguration-du-1er-parking-velos-de-la-cite-de-la-culture-de-tunis","status":"publish","type":"post","link":"https:\/\/www.africanchallenges.com\/?p=2446","title":{"rendered":"Tunisie : inauguration du 1er parking v\u00e9los de la cit\u00e9 de la culture de Tunis"},"content":{"rendered":"<p><strong>Sous l\u2019\u00e9gide du minist\u00e8re des Affaires Culturelles et \u00e0 l\u2019occasion de la 5<sup>\u00e8me<\/sup>\u00a0\u00e9dition des Journ\u00e9es Musicales de Carthage \u00ab JMC 2018 \u00ab \u00abL\u2019Association Thakafia\u00bb dans le cadre de son projet unique en son genre \u00ab Caf\u00e9 v\u00e9lo Mio Mondo \u00bb inaugure le premier parking de v\u00e9los \u00e0 la Cit\u00e9 de la Culture de Tunis et ce le 29 septembre 2018.<\/strong><\/p>\n<p>Ce nouveau parking offre 50 places de stationnement de v\u00e9los au c\u0153ur de la Capitale de la Tunisie.<\/p>\n<p>Disposer d\u2019un stationnement cyclable est toujours un atout consid\u00e9rable. Cette infrastructure contribue au d\u00e9veloppement de la pratique du v\u00e9lo comme moyen de transport pr\u00e9servant l\u2019environnement tout en \u00e9vitant la circulation.<\/p>\n<p>Motivante et rassurante, elle encourage \u00e0 l\u2019usage d\u2019un moyen du transport \u00e9colo au quotidien.<\/p>\n<p>l\u2019occasion de l\u2019inauguration du premier Parking v\u00e9los \u00e0 la Cit\u00e9 de la Culture, les JMC organisent en partenariat avec \u00ab l\u2019Association Thakafia \u00bb une parade pour la d\u00e9couverte du charme de la capitale Tunis o\u00f9 des points d\u2019arr\u00eat musicaux seront programm\u00e9s dans le circuit des cyclistes participants pour la promotion du festival tout en sensibilisant les festivaliers \u00e0 l\u2019importance de l\u2019utilisation des v\u00e9los comme moyen de transport \u00e9cologique.<\/p>\n<p>Alors ! Ensemble \u00ab Pour que le v\u00e9lo s\u2019impose comme un style de vie durable en Tunisie \u00bb.<\/p>\n<p><strong>Avec Communiqu\u00e9<\/strong><\/p>\n","protected":false},"excerpt":{"rendered":"<p>Sous l\u2019\u00e9gide du minist\u00e8re des Affaires Culturelles et \u00e0 l\u2019occasion de la 5\u00e8me\u00a0\u00e9dition des Journ\u00e9es Musicales de Carthage \u00ab JMC 2018 \u00ab \u00abL\u2019Association Thakafia\u00bb dans le cadre de son projet unique en son genre \u00ab Caf\u00e9 v\u00e9lo Mio Mondo \u00bb inaugure le premier parking de v\u00e9los \u00e0 la Cit\u00e9 de la Culture de Tunis et [&hellip;]<\/p>\n","protected":false},"author":3,"featured_media":2448,"comment_status":"open","ping_status":"closed","sticky":false,"template":"","format":"standard","meta":{"content-type":"","jnews-multi-image_gallery":[],"jnews_single_post":{"override_template":"0","override":[{"template":"1","parallax":"1","fullscreen":"0","layout":"right-sidebar","sidebar":"default-sidebar","second_sidebar":"default-sidebar","sticky_sidebar":"1","share_position":"top","share_float_style":"share-monocrhome","show_share_counter":"1","show_view_counter":"1","show_featured":"1","show_post_meta":"1","show_post_author":"1","show_post_author_image":"1","show_post_date":"1","post_date_format":"default","post_date_format_custom":"Y\/m\/d","show_post_category":"1","show_post_tag":"1","show_prev_next_post":"1","show_popup_post":"1","number_popup_post":"1","show_author_box":"0","show_post_related":"1","show_inline_post_related":"0"}],"override_image_size":"0","image_override":[{"single_post_thumbnail_size":"crop-500","single_post_gallery_size":"crop-500"}]},"jnews_primary_category":{"id":""},"jnews_override_bookmark_settings":[],"jnews_review":[],"enable_review":"","type":"","name":"","summary":"","brand":"","sku":"","good":[],"bad":[],"score_override":"","override_value":"","rating":[],"price":[],"jnews_post_split":[],"footnotes":""},"categories":[61],"tags":[1271,227,1266,1268,1267,1269,1270],"class_list":["post-2446","post","type-post","status-publish","format-standard","has-post-thumbnail","hentry","category-societe","tag-cite-de-la-culture-de-tunis","tag-inauguration","tag-jmc-2018","tag-lassociation-thakafia","tag-ministere-des-affaires-culturelles","tag-parking","tag-velos"],"_links":{"self":[{"href":"https:\/\/www.africanchallenges.com\/index.php?rest_route=\/wp\/v2\/posts\/2446","targetHints":{"allow":["GET"]}}],"collection":[{"href":"https:\/\/www.africanchallenges.com\/index.php?rest_route=\/wp\/v2\/posts"}],"about":[{"href":"https:\/\/www.africanchallenges.com\/index.php?rest_route=\/wp\/v2\/types\/post"}],"author":[{"embeddable":true,"href":"https:\/\/www.africanchallenges.com\/index.php?rest_route=\/wp\/v2\/users\/3"}],"replies":[{"embeddable":true,"href":"https:\/\/www.africanchallenges.com\/index.php?rest_route=%2Fwp%2Fv2%2Fcomments&post=2446"}],"version-history":[{"count":3,"href":"https:\/\/www.africanchallenges.com\/index.php?rest_route=\/wp\/v2\/posts\/2446\/revisions"}],"predecessor-version":[{"id":2450,"href":"https:\/\/www.africanchallenges.com\/index.php?rest_route=\/wp\/v2\/posts\/2446\/revisions\/2450"}],"wp:featuredmedia":[{"embeddable":true,"href":"https:\/\/www.africanchallenges.com\/index.php?rest_route=\/wp\/v2\/media\/2448"}],"wp:attachment":[{"href":"https:\/\/www.africanchallenges.com\/index.php?rest_route=%2Fwp%2Fv2%2Fmedia&parent=2446"}],"wp:term":[{"taxonomy":"category","embeddable":true,"href":"https:\/\/www.africanchallenges.com\/index.php?rest_route=%2Fwp%2Fv2%2Fcategories&post=2446"},{"taxonomy":"post_tag","embeddable":true,"href":"https:\/\/www.africanchallenges.com\/index.php?rest_route=%2Fwp%2Fv2%2Ftags&post=2446"}],"curies":[{"name":"wp","href":"https:\/\/api.w.org\/{rel}","templated":true}]}}