{"id":24167,"date":"2020-12-10T10:33:19","date_gmt":"2020-12-10T10:33:19","guid":{"rendered":"http:\/\/www.africanchallenges.com\/?p=24167"},"modified":"2020-12-10T10:35:17","modified_gmt":"2020-12-10T10:35:17","slug":"liban-saad-hariri-presente-a-aoun-son-cabinet-de-18-ministres-specialistes-non-partisans","status":"publish","type":"post","link":"https:\/\/www.africanchallenges.com\/?p=24167","title":{"rendered":"Liban : Saad Hariri pr\u00e9sente \u00e0 Aoun son cabinet de 18 ministres sp\u00e9cialistes non partisans"},"content":{"rendered":"\n<p>Le Premier ministre libanais charg\u00e9 de former le gouvernement, Saad Hariri, a fait savoir mercredi, qu\u2019il a pr\u00e9sent\u00e9 au Pr\u00e9sident de la R\u00e9publique, Michel Aoun, la composition de son nouveau cabinet (gouvernement). Ledit cabinet est compos\u00e9 de 18 ministres sp\u00e9cialistes et non partisans.<\/p>\n<p>Lors \u00a0d\u2019une conf\u00e9rence de presse organis\u00e9e \u00e0 l\u2019issue de son entretien avec Aoun, au Palais Pr\u00e9sidentiel de Baabda, Saad Hariri a d\u00e9clar\u00e9 \u00a0que \u00ab le climat est positif, le pr\u00e9sident m&rsquo;a promis d&rsquo;\u00e9tudier cette composition. Nous allons de nouveau nous entretenir bient\u00f4t \u00bb.<\/p>\n<p>Il a ajut\u00e9 <strong><em>\u00ab l\u2019espoir est grand de pouvoir former un gouvernement afin de reconstruire Beyrouth (apr\u00e8s l&rsquo;explosion du port), regagner la confiance des Libanais \u00e0 travers la mise en \u0153uvre des r\u00e9formes pr\u00e9vues dans le cadre de l&rsquo;initiative fran\u00e7aise \u00bb.<\/em><\/strong><\/p>\n<p>Un communiqu\u00e9 de la Pr\u00e9sidence Libanaise a indiqu\u00e9 que le Pr\u00e9sident Aoun a re\u00e7u de la part de Hariri la composition du nouveau cabinet et a, dans ce cadre lui aussi, pr\u00e9sent\u00e9 \u00e0 son tour \u00ab une formule gouvernementale exhaustive \u00bb, incluant une r\u00e9partition des portefeuilles.<\/p>\n<p>A rappeler le \u00a04 ao\u00fbt, le port de la capitale libanaise Beyrouth, a \u00e9t\u00e9 le th\u00e9\u00e2tre d\u2019u d\u2019une explosion catastrophique ayant aggrav\u00e9 la situation dans ce pays qui endure la pire crise \u00e9conomique depuis la fin de la guerre civile (1975-1990), et min\u00e9 par une forte polarisation politique.<\/p>\n<p>En ao\u00fbt dernier, quelques jours apr\u00e8s l\u2019explosion du port de Beyrouth, le pr\u00e9sident fran\u00e7ais, Emmanuel Macron, a lanc\u00e9 une initiative sur un ton \u00abmena\u00e7ant\u00bb pour former un gouvernement libanais de sp\u00e9cialistes, capable de mener des r\u00e9formes administratives et bancaires dans le pays.<\/p>\n<p>\u00a0<\/p>\n<p>\u00a0<\/p>\n","protected":false},"excerpt":{"rendered":"Le Premier ministre libanais charg\u00e9 de former le gouvernement, Saad Hariri, a fait savoir mercredi, qu\u2019il a pr\u00e9sent\u00e9 au Pr\u00e9sident de la R\u00e9publique, Michel Aoun, la composition de son nouveau cabinet (gouvernement). Ledit cabinet est compos\u00e9 de 18 ministres sp\u00e9cialistes et non partisans. Lors \u00a0d\u2019une conf\u00e9rence de presse organis\u00e9e \u00e0 l\u2019issue de son entretien avec [...]","protected":false},"author":4,"featured_media":24168,"comment_status":"open","ping_status":"closed","sticky":false,"template":"","format":"standard","meta":{"content-type":"","jnews-multi-image_gallery":[],"jnews_single_post":{"subtitle":"","format":"standard","video":"","gallery":"","source_name":"","source_url":"","via_name":"","via_url":"","override":[{"single_blog_custom":"","sidebar":"","second_sidebar":"","share_position":"","share_float_style":"","post_date_format":"","post_date_format_custom":"","post_reading_time_wpm":"","zoom_button_out_step":"1","zoom_button_in_step":"1","number_popup_post":"1"}],"image_override":[{"single_post_thumbnail_size":"","single_post_gallery_size":""}],"trending_post_position":"","trending_post_label":"","sponsored_post_label":"","sponsored_post_name":"","sponsored_post_url":"","sponsored_post_logo":"","sponsored_post_desc":""},"jnews_primary_category":{"id":""},"jnews_override_bookmark_settings":[],"jnews_review":[],"enable_review":"","type":"","name":"","summary":"","brand":"","sku":"","good":[],"bad":[],"score_override":"","override_value":"","rating":[],"price":[],"jnews_post_split":[],"footnotes":""},"categories":[6],"tags":[6523,1172,5325,6522],"class_list":["post-24167","post","type-post","status-publish","format-standard","has-post-thumbnail","hentry","category-world","tag-aoun","tag-liban","tag-ministres","tag-saad-hariri"],"_links":{"self":[{"href":"https:\/\/www.africanchallenges.com\/index.php?rest_route=\/wp\/v2\/posts\/24167","targetHints":{"allow":["GET"]}}],"collection":[{"href":"https:\/\/www.africanchallenges.com\/index.php?rest_route=\/wp\/v2\/posts"}],"about":[{"href":"https:\/\/www.africanchallenges.com\/index.php?rest_route=\/wp\/v2\/types\/post"}],"author":[{"embeddable":true,"href":"https:\/\/www.africanchallenges.com\/index.php?rest_route=\/wp\/v2\/users\/4"}],"replies":[{"embeddable":true,"href":"https:\/\/www.africanchallenges.com\/index.php?rest_route=%2Fwp%2Fv2%2Fcomments&post=24167"}],"version-history":[{"count":1,"href":"https:\/\/www.africanchallenges.com\/index.php?rest_route=\/wp\/v2\/posts\/24167\/revisions"}],"predecessor-version":[{"id":24169,"href":"https:\/\/www.africanchallenges.com\/index.php?rest_route=\/wp\/v2\/posts\/24167\/revisions\/24169"}],"wp:featuredmedia":[{"embeddable":true,"href":"https:\/\/www.africanchallenges.com\/index.php?rest_route=\/wp\/v2\/media\/24168"}],"wp:attachment":[{"href":"https:\/\/www.africanchallenges.com\/index.php?rest_route=%2Fwp%2Fv2%2Fmedia&parent=24167"}],"wp:term":[{"taxonomy":"category","embeddable":true,"href":"https:\/\/www.africanchallenges.com\/index.php?rest_route=%2Fwp%2Fv2%2Fcategories&post=24167"},{"taxonomy":"post_tag","embeddable":true,"href":"https:\/\/www.africanchallenges.com\/index.php?rest_route=%2Fwp%2Fv2%2Ftags&post=24167"}],"curies":[{"name":"wp","href":"https:\/\/api.w.org\/{rel}","templated":true}]}}