{"id":24070,"date":"2020-12-09T08:26:12","date_gmt":"2020-12-09T08:26:12","guid":{"rendered":"http:\/\/www.africanchallenges.com\/?p=24070"},"modified":"2020-12-09T09:58:42","modified_gmt":"2020-12-09T09:58:42","slug":"tunisie-un-sit-in-du-bloc-democrate-a-larp","status":"publish","type":"post","link":"https:\/\/www.africanchallenges.com\/?p=24070","title":{"rendered":"Tunisie : un sit-in du Bloc d\u00e9mocrate  \u00e0 l\u2019ARP"},"content":{"rendered":"\n<p>Lors d\u2019une conf\u00e9rence tenue hier mardi 8 d\u00e9cembre 2020,\u00a0 le chef du Bloc d\u00e9mocrate, Mohamed Ammar, a annonc\u00e9, que le bloc entamera un sit-in au si\u00e8ge du Parlement pour d\u00e9noncer le silence de la pr\u00e9sidence de l\u2019ARP, face \u00e0 la mont\u00e9e de la violence et aux agressions subies lundi par les d\u00e9put\u00e9s.<\/p>\n<p>Il a pr\u00e9cis\u00e9 que la pr\u00e9sidence du Parlement devait consacrer la pl\u00e9ni\u00e8re de mardi pour d\u00e9battre de la violence qui r\u00e8gne au sein de l\u2019Assembl\u00e9e et publier une d\u00e9claration de condamnation claire et document\u00e9e pour confirmer qu&rsquo;au sein du parlement il y a \u00ab\u00a0des milices et non des d\u00e9put\u00e9s\u00a0\u00bb.<\/p>\n<p>Le chef du Bloc d\u00e9mocrate a ajout\u00e9 que la session qui s\u2019\u00e9tait tenue mardi \u00e9tait cens\u00e9e inclure une d\u00e9claration du Bloc pour \u00eatre discut\u00e9e mais que la pr\u00e9sidence de l\u2019ARP a totalement ignor\u00e9 le sujet.<\/p>\n<p>Le Bloc d\u00e9mocrate \u00a0a fait porter la responsabilit\u00e9 de la d\u00e9t\u00e9rioration de la situation au sein du Parlement au pr\u00e9sident de l\u2019ARP, Rached Ghannouchi, qu\u2019il a accus\u00e9 de \u00ab\u00a0d\u00e9fendre le terrorisme\u00a0\u00bb et de \u00ab\u00a0prot\u00e9ger les terroristes\u00a0\u00bb.<\/p>\n<p>https:\/\/www.facebook.com\/B.democ\/videos\/221377136057913\/<\/p>\n<p>\u00a0<\/p>\n<p>.<\/p>\n<p>\u00a0<\/p>\n<p>\u00a0<\/p>\n<p>\u00a0<\/p>\n<p>\u00a0<\/p>\n<p>\u00a0<\/p>\n<p>\u00a0<\/p>\n<p>\u00a0<\/p>\n<p>\u00a0<\/p>\n","protected":false},"excerpt":{"rendered":"Lors d\u2019une conf\u00e9rence tenue hier mardi 8 d\u00e9cembre 2020,\u00a0 le chef du Bloc d\u00e9mocrate, Mohamed Ammar, a annonc\u00e9, que le bloc entamera un sit-in au si\u00e8ge du Parlement pour d\u00e9noncer le silence de la pr\u00e9sidence de l\u2019ARP, face \u00e0 la mont\u00e9e de la violence et aux agressions subies lundi par les d\u00e9put\u00e9s. Il a pr\u00e9cis\u00e9 [...]","protected":false},"author":4,"featured_media":24073,"comment_status":"open","ping_status":"closed","sticky":false,"template":"","format":"standard","meta":{"content-type":"","jnews-multi-image_gallery":[],"jnews_single_post":{"subtitle":"","format":"standard","video":"","gallery":"","source_name":"","source_url":"","via_name":"","via_url":"","override":[{"single_blog_custom":"","sidebar":"","second_sidebar":"","share_position":"","share_float_style":"","post_date_format":"","post_date_format_custom":"","post_reading_time_wpm":"","zoom_button_out_step":"1","zoom_button_in_step":"1","number_popup_post":"1"}],"image_override":[{"single_post_thumbnail_size":"","single_post_gallery_size":""}],"trending_post_position":"","trending_post_label":"","sponsored_post_label":"","sponsored_post_name":"","sponsored_post_url":"","sponsored_post_logo":"","sponsored_post_desc":""},"jnews_primary_category":{"id":""},"jnews_override_bookmark_settings":[],"jnews_review":[],"enable_review":"","type":"","name":"","summary":"","brand":"","sku":"","good":[],"bad":[],"score_override":"","override_value":"","rating":[],"price":[],"jnews_post_split":[],"footnotes":""},"categories":[2],"tags":[6498,2957],"class_list":["post-24070","post","type-post","status-publish","format-standard","has-post-thumbnail","hentry","category-news-politique","tag-mohamed-ammar","tag-parlement"],"_links":{"self":[{"href":"https:\/\/www.africanchallenges.com\/index.php?rest_route=\/wp\/v2\/posts\/24070","targetHints":{"allow":["GET"]}}],"collection":[{"href":"https:\/\/www.africanchallenges.com\/index.php?rest_route=\/wp\/v2\/posts"}],"about":[{"href":"https:\/\/www.africanchallenges.com\/index.php?rest_route=\/wp\/v2\/types\/post"}],"author":[{"embeddable":true,"href":"https:\/\/www.africanchallenges.com\/index.php?rest_route=\/wp\/v2\/users\/4"}],"replies":[{"embeddable":true,"href":"https:\/\/www.africanchallenges.com\/index.php?rest_route=%2Fwp%2Fv2%2Fcomments&post=24070"}],"version-history":[{"count":1,"href":"https:\/\/www.africanchallenges.com\/index.php?rest_route=\/wp\/v2\/posts\/24070\/revisions"}],"predecessor-version":[{"id":24071,"href":"https:\/\/www.africanchallenges.com\/index.php?rest_route=\/wp\/v2\/posts\/24070\/revisions\/24071"}],"wp:featuredmedia":[{"embeddable":true,"href":"https:\/\/www.africanchallenges.com\/index.php?rest_route=\/wp\/v2\/media\/24073"}],"wp:attachment":[{"href":"https:\/\/www.africanchallenges.com\/index.php?rest_route=%2Fwp%2Fv2%2Fmedia&parent=24070"}],"wp:term":[{"taxonomy":"category","embeddable":true,"href":"https:\/\/www.africanchallenges.com\/index.php?rest_route=%2Fwp%2Fv2%2Fcategories&post=24070"},{"taxonomy":"post_tag","embeddable":true,"href":"https:\/\/www.africanchallenges.com\/index.php?rest_route=%2Fwp%2Fv2%2Ftags&post=24070"}],"curies":[{"name":"wp","href":"https:\/\/api.w.org\/{rel}","templated":true}]}}