{"id":2404,"date":"2018-09-26T18:12:19","date_gmt":"2018-09-26T18:12:19","guid":{"rendered":"http:\/\/www.africanchallenges.com\/?p=2404"},"modified":"2018-09-26T18:13:46","modified_gmt":"2018-09-26T18:13:46","slug":"tunisie-1ere-edition-du-forum-de-la-mer-bizerte-les-20-21-et-22-octobre-2018","status":"publish","type":"post","link":"https:\/\/www.africanchallenges.com\/?p=2404","title":{"rendered":"Tunisie : 1\u00e8re \u00e9dition du forum de la Mer-Bizerte les 20, 21 et 22 octobre 2018"},"content":{"rendered":"<p><strong>Une conf\u00e9rence de presse s\u2019est tenue ,le mardi 25 septembre 2018, \u00e0 Dar Dhiafa \u00e0 Carthage, afin de pr\u00e9senter la 1\u00e8re \u00e9dition du forum de la Mer-Bizerte 2018, s\u2019inscrivant dans le cadre des rencontres euro-m\u00e9diterran\u00e9ennes de l\u2019environnement et de l\u2019\u00e9conomie bleue durable organis\u00e9es les 20 et 21 octobre 2018 \u00e0 Bizerte, en pr\u00e9sence de l\u2019ambassadeur de France en Tunisie, Olivier Poivre d\u2019Arvor, l\u2019ambassadeur de l\u2019Union europ\u00e9enne en Tunisie, Patrice Bergamini, N\u00e9ji Jalloul, directeur de l\u2019Institut tunisien des \u00e9tudes strat\u00e9giques (Ites),ainsi que des repr\u00e9sentants de l\u2019Union pour la M\u00e9diterran\u00e9e\u00a0.\u00a0 \u00a0 \u00a0 \u00a0 \u00a0 \u00a0<\/strong><\/p>\n<p>Ce Forum traitera plusieurs th\u00e9matiques comme la pr\u00e9servation de l\u2019environnement, la conservation et l\u2019exploitation durable des oc\u00e9ans et des mers et la lutte contre les changements climatiques, et ce dans le cadre d&rsquo;une approche durable de l\u2019\u00e9conomie bleue partag\u00e9e et solidaire. Il vise en outre \u00e0 mettre en r\u00e9seau des acteurs euro-m\u00e9diterran\u00e9ens (experts, politiques, soci\u00e9t\u00e9 civile) dont les initiatives, en lien avec la mer, demeurent trop souvent cloisonn\u00e9es voire isol\u00e9es, pour favoriser leur bon d\u00e9veloppement, leur partage d\u2019expertise et des bonnes pratiques.<\/p>\n<p>Le Forum de la Mer de Bizerte s\u2019articulera autour de trois journ\u00e9es d\u2019\u00e9changes entre experts et de rencontres avec le grand public :<\/p>\n<ul>\n<li>\u00a0Deux journ\u00e9es (les 20 et 21 octobre) d\u00e9di\u00e9es \u00e0 des ateliers th\u00e9matiques et des conf\u00e9rences visant \u00e0 la mise en commun d\u2019expertise et l\u2019\u00e9mergence d\u2019un certain nombre de pr\u00e9conisations sur les th\u00e9matiques mises en avant (notamment probl\u00e9matiques environnementales, \u00e9rosion c\u00f4ti\u00e8re, am\u00e9nagement du littoral, aquaculture, p\u00eache, construction navale, transport maritime, tourisme, m\u00e9tiers de la mer mais \u00e9galement\u00a0 les perspectives li\u00e9es au num\u00e9rique, \u00e0 la s\u00fbret\u00e9 et l\u2019immigration dans le bassin m\u00e9diterran\u00e9en) ;<\/li>\n<li>\u00a0Une troisi\u00e8me journ\u00e9e (22 octobre) organis\u00e9e autour d\u2019une pl\u00e9ni\u00e8re, rassemblant de hautes personnalit\u00e9s politiques, de grands t\u00e9moins et figures embl\u00e9matiques dans le domaine de l\u2019environnement et du monde de la mer, au cours de laquelle sera d\u00e9voil\u00e9e une \u00e9tude strat\u00e9gique approfondie sur l\u2019\u00e9conomie bleue de la Tunisie.<\/li>\n<\/ul>\n<p>Pendant ces trois journ\u00e9es, les festivit\u00e9s li\u00e9es \u00e0 cet \u00e9v\u00e9nement seront organis\u00e9es autour d\u2019un village de la mer qui proposera, dans le vieux port de la ville, de nombreuses activit\u00e9s culturelles et interventions urbaines (spectacles, concerts, expositions, gastronomie, animations nautiques, escales de bateaux, \u2026), ouvertes \u00e0 un tr\u00e8s large public.<\/p>\n<p>Des ateliers seront organis\u00e9s ainsi que des activit\u00e9s culturelles ouvertes au public \u00e0 savoir des spectacles, des expositions, des animations nautiques et de la gastronomie seront au rendez vous .<\/p>\n<p>&nbsp;<\/p>\n<p>&nbsp;<\/p>\n","protected":false},"excerpt":{"rendered":"<p>Une conf\u00e9rence de presse s\u2019est tenue ,le mardi 25 septembre 2018, \u00e0 Dar Dhiafa \u00e0 Carthage, afin de pr\u00e9senter la 1\u00e8re \u00e9dition du forum de la Mer-Bizerte 2018, s\u2019inscrivant dans le cadre des rencontres euro-m\u00e9diterran\u00e9ennes de l\u2019environnement et de l\u2019\u00e9conomie bleue durable organis\u00e9es les 20 et 21 octobre 2018 \u00e0 Bizerte, en pr\u00e9sence de l\u2019ambassadeur [&hellip;]<\/p>\n","protected":false},"author":3,"featured_media":2406,"comment_status":"open","ping_status":"closed","sticky":false,"template":"","format":"standard","meta":{"content-type":"","jnews-multi-image_gallery":[],"jnews_single_post":{"override_template":"0","override":[{"template":"1","parallax":"1","fullscreen":"0","layout":"right-sidebar","sidebar":"default-sidebar","second_sidebar":"default-sidebar","sticky_sidebar":"1","share_position":"top","share_float_style":"share-monocrhome","show_share_counter":"1","show_view_counter":"1","show_featured":"1","show_post_meta":"1","show_post_author":"1","show_post_author_image":"1","show_post_date":"1","post_date_format":"default","post_date_format_custom":"Y\/m\/d","show_post_category":"1","show_post_tag":"1","show_prev_next_post":"1","show_popup_post":"1","number_popup_post":"1","show_author_box":"0","show_post_related":"1","show_inline_post_related":"0"}],"override_image_size":"0","image_override":[{"single_post_thumbnail_size":"crop-500","single_post_gallery_size":"crop-500"}]},"jnews_primary_category":{"id":""},"jnews_override_bookmark_settings":[],"jnews_review":[],"enable_review":"","type":"","name":"","summary":"","brand":"","sku":"","good":[],"bad":[],"score_override":"","override_value":"","rating":[],"price":[],"jnews_post_split":[],"footnotes":""},"categories":[61],"tags":[326,1236,1235,1239,1237,1238],"class_list":["post-2404","post","type-post","status-publish","format-standard","has-post-thumbnail","hentry","category-societe","tag-conference","tag-encontres-euro-mediterraneennes-de-lenvironnement","tag-forum-de-la-mer-bizerte-2018","tag-neji-jalloul","tag-olivier-poivre-darvor","tag-patrice-bergamini"],"_links":{"self":[{"href":"https:\/\/www.africanchallenges.com\/index.php?rest_route=\/wp\/v2\/posts\/2404","targetHints":{"allow":["GET"]}}],"collection":[{"href":"https:\/\/www.africanchallenges.com\/index.php?rest_route=\/wp\/v2\/posts"}],"about":[{"href":"https:\/\/www.africanchallenges.com\/index.php?rest_route=\/wp\/v2\/types\/post"}],"author":[{"embeddable":true,"href":"https:\/\/www.africanchallenges.com\/index.php?rest_route=\/wp\/v2\/users\/3"}],"replies":[{"embeddable":true,"href":"https:\/\/www.africanchallenges.com\/index.php?rest_route=%2Fwp%2Fv2%2Fcomments&post=2404"}],"version-history":[{"count":4,"href":"https:\/\/www.africanchallenges.com\/index.php?rest_route=\/wp\/v2\/posts\/2404\/revisions"}],"predecessor-version":[{"id":2409,"href":"https:\/\/www.africanchallenges.com\/index.php?rest_route=\/wp\/v2\/posts\/2404\/revisions\/2409"}],"wp:featuredmedia":[{"embeddable":true,"href":"https:\/\/www.africanchallenges.com\/index.php?rest_route=\/wp\/v2\/media\/2406"}],"wp:attachment":[{"href":"https:\/\/www.africanchallenges.com\/index.php?rest_route=%2Fwp%2Fv2%2Fmedia&parent=2404"}],"wp:term":[{"taxonomy":"category","embeddable":true,"href":"https:\/\/www.africanchallenges.com\/index.php?rest_route=%2Fwp%2Fv2%2Fcategories&post=2404"},{"taxonomy":"post_tag","embeddable":true,"href":"https:\/\/www.africanchallenges.com\/index.php?rest_route=%2Fwp%2Fv2%2Ftags&post=2404"}],"curies":[{"name":"wp","href":"https:\/\/api.w.org\/{rel}","templated":true}]}}