{"id":23889,"date":"2020-12-04T14:16:17","date_gmt":"2020-12-04T14:16:17","guid":{"rendered":"http:\/\/www.africanchallenges.com\/?p=23889"},"modified":"2020-12-04T17:52:22","modified_gmt":"2020-12-04T17:52:22","slug":"tunisie-reprise-des-horaires-administratifs-habituels-le-7-decembre","status":"publish","type":"post","link":"https:\/\/www.africanchallenges.com\/?p=23889","title":{"rendered":"Tunisie : Reprise des horaires administratifs habituels le 7 d\u00e9cembre"},"content":{"rendered":"\n<p>Dans un communiqu\u00e9 publi\u00e9, \u00a0ce vendredi 4 d\u00e9cembre 2020, la pr\u00e9sidence du gouvernement a annonc\u00e9, que les administrations publiques reprendront d\u00e8s le 7 d\u00e9cembre leurs horaires habituels.<\/p>\n<p>\u00a0Elle a soulign\u00e9 que les institutions concern\u00e9es devront publier leurs horaires d\u2019ouverture sur leurs sites officiels.<\/p>\n","protected":false},"excerpt":{"rendered":"Dans un communiqu\u00e9 publi\u00e9, \u00a0ce vendredi 4 d\u00e9cembre 2020, la pr\u00e9sidence du gouvernement a annonc\u00e9, que les administrations publiques reprendront d\u00e8s le 7 d\u00e9cembre leurs horaires habituels. \u00a0Elle a soulign\u00e9 que les institutions concern\u00e9es devront publier leurs horaires d\u2019ouverture sur leurs sites officiels.","protected":false},"author":4,"featured_media":15254,"comment_status":"open","ping_status":"closed","sticky":false,"template":"","format":"standard","meta":{"content-type":"","jnews-multi-image_gallery":[],"jnews_single_post":{"subtitle":"","format":"standard","video":"","gallery":"","source_name":"","source_url":"","via_name":"","via_url":"","override":[{"single_blog_custom":"","sidebar":"","second_sidebar":"","share_position":"","share_float_style":"","post_date_format":"","post_date_format_custom":"","post_reading_time_wpm":"","zoom_button_out_step":"1","zoom_button_in_step":"1","number_popup_post":"1"}],"image_override":[{"single_post_thumbnail_size":"","single_post_gallery_size":""}],"trending_post_position":"","trending_post_label":"","sponsored_post_label":"","sponsored_post_name":"","sponsored_post_url":"","sponsored_post_logo":"","sponsored_post_desc":""},"jnews_primary_category":{"id":""},"jnews_override_bookmark_settings":[],"jnews_review":[],"enable_review":"","type":"","name":"","summary":"","brand":"","sku":"","good":[],"bad":[],"score_override":"","override_value":"","rating":[],"price":[],"jnews_post_split":[],"footnotes":""},"categories":[61],"tags":[6440,6439,3392],"class_list":["post-23889","post","type-post","status-publish","format-standard","has-post-thumbnail","hentry","category-societe","tag-horaires-administratifs","tag-la-presidence-du-gouvernement","tag-reprise"],"_links":{"self":[{"href":"https:\/\/www.africanchallenges.com\/index.php?rest_route=\/wp\/v2\/posts\/23889","targetHints":{"allow":["GET"]}}],"collection":[{"href":"https:\/\/www.africanchallenges.com\/index.php?rest_route=\/wp\/v2\/posts"}],"about":[{"href":"https:\/\/www.africanchallenges.com\/index.php?rest_route=\/wp\/v2\/types\/post"}],"author":[{"embeddable":true,"href":"https:\/\/www.africanchallenges.com\/index.php?rest_route=\/wp\/v2\/users\/4"}],"replies":[{"embeddable":true,"href":"https:\/\/www.africanchallenges.com\/index.php?rest_route=%2Fwp%2Fv2%2Fcomments&post=23889"}],"version-history":[{"count":1,"href":"https:\/\/www.africanchallenges.com\/index.php?rest_route=\/wp\/v2\/posts\/23889\/revisions"}],"predecessor-version":[{"id":23890,"href":"https:\/\/www.africanchallenges.com\/index.php?rest_route=\/wp\/v2\/posts\/23889\/revisions\/23890"}],"wp:featuredmedia":[{"embeddable":true,"href":"https:\/\/www.africanchallenges.com\/index.php?rest_route=\/wp\/v2\/media\/15254"}],"wp:attachment":[{"href":"https:\/\/www.africanchallenges.com\/index.php?rest_route=%2Fwp%2Fv2%2Fmedia&parent=23889"}],"wp:term":[{"taxonomy":"category","embeddable":true,"href":"https:\/\/www.africanchallenges.com\/index.php?rest_route=%2Fwp%2Fv2%2Fcategories&post=23889"},{"taxonomy":"post_tag","embeddable":true,"href":"https:\/\/www.africanchallenges.com\/index.php?rest_route=%2Fwp%2Fv2%2Ftags&post=23889"}],"curies":[{"name":"wp","href":"https:\/\/api.w.org\/{rel}","templated":true}]}}