{"id":23879,"date":"2020-12-04T13:29:52","date_gmt":"2020-12-04T13:29:52","guid":{"rendered":"http:\/\/www.africanchallenges.com\/?p=23879"},"modified":"2020-12-04T13:34:23","modified_gmt":"2020-12-04T13:34:23","slug":"belgique-arrestation-de-plusieurs-individus-proches-du-regime-marocain-impliques-dans-une-attaque-contre-des-manifestants-sahraouis","status":"publish","type":"post","link":"https:\/\/www.africanchallenges.com\/?p=23879","title":{"rendered":"Belgique: Arrestation de plusieurs individus proches du r\u00e9gime marocain impliqu\u00e9s dans une attaque contre des manifestants sahraouis"},"content":{"rendered":"\n<div class=\"itemIntroText col-xs-hidden  selectionShareable\">\n<p><strong>La police belge a interpell\u00e9 mercredi un groupe de criminels et de Baltaguia, membres d&rsquo;associations proches de partis marocains qui projetaient d&rsquo;attaquer une manifestation pacifique \u00e0 laquelle a appel\u00e9 la diaspora sahraouie en Belgique en vue de d\u00e9noncer l&rsquo;agression militaire marocaine contre le peuple sahraoui dans la zone d&rsquo;El Guerguerat, ont rapport\u00e9 plusieurs sources m\u00e9diatiques.<\/strong><\/p>\n<\/div>\n<div class=\"itemFullText selectionShareable\">\n<p>Selon des sources bruxelloises et des vid\u00e9os diffus\u00e9es par des militants sahraouis sur les r\u00e9seaux sociaux, ces \u00ab\u00a0hors-la-loi\u00a0\u00bb ont lanc\u00e9, il y a deux jours, des appels incitatifs contre les Sahraouis, auxquels ont fait face les services de s\u00e9curit\u00e9 belges qui \u00e9taient en train de s\u00e9curiser une manifestation de la diaspora sahraouie, autoris\u00e9e par les autorit\u00e9s devant le si\u00e8ge de la Commission europ\u00e9enne.<\/p>\n<p>Depuis le d\u00e9but de la manifestation, ces criminels ont tent\u00e9 des actes de voyous contre les manifestants sahraouis, en scandant des slogans racistes et en essayant d&rsquo;affronter les manifestants, ce qui a conduit la police \u00e0 d\u00e9ployer ses agents \u00e0 proximit\u00e9 de la manifestation et \u00e0 \u00ab\u00a0arr\u00eater des dizaines d&rsquo;entre eux, qui se trouvent menac\u00e9s de poursuites pour intention de commettre des actes de vandalisme, de semer le chaos devant les institutions officielles et de porter atteinte aux biens publics\u00a0\u00bb.<\/p>\n<blockquote>\n<p><em><strong>De son c\u00f4t\u00e9, l&rsquo;eurod\u00e9put\u00e9 espagnol et membre du groupe parlementaire Paix pour le peuple sahraoui, Miguel Urban Crespo a indiqu\u00e9 que \u00ab\u00a0certains individus appartenant au r\u00e9gime marocain ont tent\u00e9 d&rsquo;attaquer les manifestants sahraouis et leurs sympathisants, afin de les provoquer et d&rsquo;influencer cette manifestation et les messages du peuple sahraoui \u00e0 l&rsquo;adresse de la communaut\u00e9 internationale et des institutions europ\u00e9ennes\u00a0\u00bb.<\/strong><\/em><\/p>\n<\/blockquote>\n<p>Imm\u00e9diatement \u00e0 la fin de la manifestation, plusieurs vid\u00e9os ont \u00e9t\u00e9 publi\u00e9es sur des r\u00e9seaux sociaux documentant l&rsquo;arrestation par la police belge d&rsquo;un groupe de hors-la-loi dont une femme appartenant \u00e0 des partis relevant de l&rsquo;Etat marocain, ayant tent\u00e9 d&rsquo;attaquer des manifestants.<\/p>\n<p>\u00ab\u00a0Certains partis politiques marocains et associations qui sont le prolongement de certaines institutions marocaines ont lanc\u00e9, il y a pr\u00e8s de deux semaines, des campagnes d&rsquo;incitation \u00e0 la haine contre les membres de la communaut\u00e9 sahraouie \u00e9tablie en Europe, et surveillent leurs activit\u00e9s habituelles dans diff\u00e9rentes capitales<\/p>\n<p>afin de les perturber et d&#8217;emp\u00eacher les Sahraouis de faire entendre leur voix au monde et de d\u00e9noncer les crimes perp\u00e9tr\u00e9s par l&rsquo;occupation marocaine contre notre peuple dans les territoires occup\u00e9s et \u00e0 l&rsquo;int\u00e9rieur des prisons\u00a0\u00bb, ont rapport\u00e9 plusieurs sources sahraouies.<\/p>\n<\/div>\n","protected":false},"excerpt":{"rendered":"La police belge a interpell\u00e9 mercredi un groupe de criminels et de Baltaguia, membres d'associations proches de partis marocains qui projetaient d'attaquer une manifestation pacifique \u00e0 laquelle a appel\u00e9 la diaspora sahraouie en Belgique en vue de d\u00e9noncer l'agression militaire marocaine contre le peuple sahraoui dans la zone d'El Guerguerat, ont rapport\u00e9 plusieurs sources m\u00e9diatiques. [...]","protected":false},"author":4,"featured_media":21724,"comment_status":"open","ping_status":"closed","sticky":false,"template":"","format":"standard","meta":{"content-type":"","jnews-multi-image_gallery":[],"jnews_single_post":{"subtitle":"","format":"standard","video":"","gallery":"","source_name":"","source_url":"","via_name":"","via_url":"","override":[{"single_blog_custom":"","sidebar":"","second_sidebar":"","share_position":"","share_float_style":"","post_date_format":"","post_date_format_custom":"","post_reading_time_wpm":"","zoom_button_out_step":"1","zoom_button_in_step":"1","number_popup_post":"1"}],"image_override":[{"single_post_thumbnail_size":"","single_post_gallery_size":""}],"trending_post_position":"","trending_post_label":"","sponsored_post_label":"","sponsored_post_name":"","sponsored_post_url":"","sponsored_post_logo":"","sponsored_post_desc":""},"jnews_primary_category":{"id":""},"jnews_override_bookmark_settings":[],"jnews_review":[],"enable_review":"","type":"","name":"","summary":"","brand":"","sku":"","good":[],"bad":[],"score_override":"","override_value":"","rating":[],"price":[],"jnews_post_split":[],"footnotes":""},"categories":[6],"tags":[3480,1604,4799,6432,6431],"class_list":["post-23879","post","type-post","status-publish","format-standard","has-post-thumbnail","hentry","category-world","tag-arrestation","tag-attaque","tag-belgique","tag-manifestants-sahraouis","tag-regime-marocain"],"_links":{"self":[{"href":"https:\/\/www.africanchallenges.com\/index.php?rest_route=\/wp\/v2\/posts\/23879","targetHints":{"allow":["GET"]}}],"collection":[{"href":"https:\/\/www.africanchallenges.com\/index.php?rest_route=\/wp\/v2\/posts"}],"about":[{"href":"https:\/\/www.africanchallenges.com\/index.php?rest_route=\/wp\/v2\/types\/post"}],"author":[{"embeddable":true,"href":"https:\/\/www.africanchallenges.com\/index.php?rest_route=\/wp\/v2\/users\/4"}],"replies":[{"embeddable":true,"href":"https:\/\/www.africanchallenges.com\/index.php?rest_route=%2Fwp%2Fv2%2Fcomments&post=23879"}],"version-history":[{"count":2,"href":"https:\/\/www.africanchallenges.com\/index.php?rest_route=\/wp\/v2\/posts\/23879\/revisions"}],"predecessor-version":[{"id":23883,"href":"https:\/\/www.africanchallenges.com\/index.php?rest_route=\/wp\/v2\/posts\/23879\/revisions\/23883"}],"wp:featuredmedia":[{"embeddable":true,"href":"https:\/\/www.africanchallenges.com\/index.php?rest_route=\/wp\/v2\/media\/21724"}],"wp:attachment":[{"href":"https:\/\/www.africanchallenges.com\/index.php?rest_route=%2Fwp%2Fv2%2Fmedia&parent=23879"}],"wp:term":[{"taxonomy":"category","embeddable":true,"href":"https:\/\/www.africanchallenges.com\/index.php?rest_route=%2Fwp%2Fv2%2Fcategories&post=23879"},{"taxonomy":"post_tag","embeddable":true,"href":"https:\/\/www.africanchallenges.com\/index.php?rest_route=%2Fwp%2Fv2%2Ftags&post=23879"}],"curies":[{"name":"wp","href":"https:\/\/api.w.org\/{rel}","templated":true}]}}