{"id":23357,"date":"2020-11-21T14:37:34","date_gmt":"2020-11-21T14:37:34","guid":{"rendered":"http:\/\/www.africanchallenges.com\/?p=23357"},"modified":"2020-11-21T14:47:06","modified_gmt":"2020-11-21T14:47:06","slug":"tunisie-lugtt-met-en-garde-le-parlement-contre-les-atteintes-commises-a-son-encontre-par-des-deputes","status":"publish","type":"post","link":"https:\/\/www.africanchallenges.com\/?p=23357","title":{"rendered":"Tunisie : L\u2019UGTT met en garde le Parlement contre les atteintes commises \u00e0 son encontre par des d\u00e9put\u00e9s"},"content":{"rendered":"\n<p>L\u2019Union g\u00e9n\u00e9rale tunisienne du travail (UGTT) a adress\u00e9, hier vendredi 20 novembre 2020, une correspondance au pr\u00e9sident du Parlement, Rached Ghannouchi le mettant en garde contre les atteintes commises par certains d\u00e9put\u00e9s contre la Centrale syndicale et ses symboles.<\/p>\n<p>L\u2019UGTT a indiqu\u00e9 que son bureau ex\u00e9cutif avait d\u00e9cid\u00e9 de boycotter toutes les s\u00e9ances d\u2019audition au sein des commissions parlementaires et de prendre les mesures n\u00e9cessaires face \u00e0 ce discours haineux.\u00a0<\/p>\n<p>La Centrale syndicale a appel\u00e9 les diff\u00e9rents blocs parlementaires \u00e0 d\u00e9clarer leurs positions quant aux campagnes d\u2019incitation qui visent l\u2019UGTT et \u00e0 condamner les instigateurs d\u00e9non\u00e7ant \u00ab\u00a0le silence suspect\u00a0\u00bb au Parlement.\u00a0<\/p>\n<p>Exprimant sa pr\u00e9occupation face aux tensions grandissantes au Parlement et l\u2019absence de l\u2019esprit de responsabilit\u00e9 et de retenue, l\u2019UGTT a, \u00e9galement, d\u00e9plor\u00e9 la mont\u00e9 des incitations \u00e0 la violence et le comportement de certains d\u00e9put\u00e9s \u00ab\u00a0qui font l\u2019apologie du terrorisme\u00bb.\u00a0<\/p>\n<p>\u00a0<\/p>\n<p>\u00a0<\/p>\n","protected":false},"excerpt":{"rendered":"L\u2019Union g\u00e9n\u00e9rale tunisienne du travail (UGTT) a adress\u00e9, hier vendredi 20 novembre 2020, une correspondance au pr\u00e9sident du Parlement, Rached Ghannouchi le mettant en garde contre les atteintes commises par certains d\u00e9put\u00e9s contre la Centrale syndicale et ses symboles. L\u2019UGTT a indiqu\u00e9 que son bureau ex\u00e9cutif avait d\u00e9cid\u00e9 de boycotter toutes les s\u00e9ances d\u2019audition au [...]","protected":false},"author":4,"featured_media":23358,"comment_status":"open","ping_status":"closed","sticky":false,"template":"","format":"standard","meta":{"content-type":"","jnews-multi-image_gallery":[],"jnews_single_post":{"subtitle":"","format":"standard","video":"","gallery":"","source_name":"","source_url":"","via_name":"","via_url":"","override":[{"single_blog_custom":"","sidebar":"","second_sidebar":"","share_position":"","share_float_style":"","post_date_format":"","post_date_format_custom":"","post_reading_time_wpm":"","zoom_button_out_step":"1","zoom_button_in_step":"1","number_popup_post":"1"}],"image_override":[{"single_post_thumbnail_size":"","single_post_gallery_size":""}],"trending_post_position":"","trending_post_label":"","sponsored_post_label":"","sponsored_post_name":"","sponsored_post_url":"","sponsored_post_logo":"","sponsored_post_desc":""},"jnews_primary_category":{"id":""},"jnews_override_bookmark_settings":[],"jnews_review":[],"enable_review":"","type":"","name":"","summary":"","brand":"","sku":"","good":[],"bad":[],"score_override":"","override_value":"","rating":[],"price":[],"jnews_post_split":[],"footnotes":""},"categories":[2],"tags":[448,2135,2957],"class_list":["post-23357","post","type-post","status-publish","format-standard","has-post-thumbnail","hentry","category-news-politique","tag-deputes","tag-lugtt","tag-parlement"],"_links":{"self":[{"href":"https:\/\/www.africanchallenges.com\/index.php?rest_route=\/wp\/v2\/posts\/23357","targetHints":{"allow":["GET"]}}],"collection":[{"href":"https:\/\/www.africanchallenges.com\/index.php?rest_route=\/wp\/v2\/posts"}],"about":[{"href":"https:\/\/www.africanchallenges.com\/index.php?rest_route=\/wp\/v2\/types\/post"}],"author":[{"embeddable":true,"href":"https:\/\/www.africanchallenges.com\/index.php?rest_route=\/wp\/v2\/users\/4"}],"replies":[{"embeddable":true,"href":"https:\/\/www.africanchallenges.com\/index.php?rest_route=%2Fwp%2Fv2%2Fcomments&post=23357"}],"version-history":[{"count":1,"href":"https:\/\/www.africanchallenges.com\/index.php?rest_route=\/wp\/v2\/posts\/23357\/revisions"}],"predecessor-version":[{"id":23359,"href":"https:\/\/www.africanchallenges.com\/index.php?rest_route=\/wp\/v2\/posts\/23357\/revisions\/23359"}],"wp:featuredmedia":[{"embeddable":true,"href":"https:\/\/www.africanchallenges.com\/index.php?rest_route=\/wp\/v2\/media\/23358"}],"wp:attachment":[{"href":"https:\/\/www.africanchallenges.com\/index.php?rest_route=%2Fwp%2Fv2%2Fmedia&parent=23357"}],"wp:term":[{"taxonomy":"category","embeddable":true,"href":"https:\/\/www.africanchallenges.com\/index.php?rest_route=%2Fwp%2Fv2%2Fcategories&post=23357"},{"taxonomy":"post_tag","embeddable":true,"href":"https:\/\/www.africanchallenges.com\/index.php?rest_route=%2Fwp%2Fv2%2Ftags&post=23357"}],"curies":[{"name":"wp","href":"https:\/\/api.w.org\/{rel}","templated":true}]}}