{"id":23246,"date":"2020-11-18T08:49:12","date_gmt":"2020-11-18T08:49:12","guid":{"rendered":"http:\/\/www.africanchallenges.com\/?p=23246"},"modified":"2020-11-18T09:26:22","modified_gmt":"2020-11-18T09:26:22","slug":"mali-les-usa-alarmes-par-la-liberation-de-200-prisonniers-impliques-dans-le-terrorisme","status":"publish","type":"post","link":"https:\/\/www.africanchallenges.com\/?p=23246","title":{"rendered":"Mali: les USA \u00ab\u00a0alarm\u00e9s\u00a0\u00bb par la lib\u00e9ration de 200 prisonniers impliqu\u00e9s dans le terrorisme"},"content":{"rendered":"\n<p>Les Etats-Unis sont \u00ab\u00a0alarm\u00e9s\u00a0\u00bb par la lib\u00e9ration en octobre, au Mali, d\u2019environ 200 prisonniers impliqu\u00e9s pour la plupart dans des violences terroristes, a fait savoir une d\u00e9l\u00e9gation am\u00e9ricaine lors d&rsquo;une r\u00e9union lundi 16 novembre 2020, au Conseil de s\u00e9curit\u00e9, appelant les autorit\u00e9s de transition maliennes \u00e0 mettre en \u0153uvre l\u2019accord de paix et de r\u00e9conciliation issu du processus d\u2019Alger.<\/p>\n<p>Lors de la r\u00e9union consacr\u00e9e \u00e0 la pr\u00e9sentation du rapport du secr\u00e9taire g\u00e9n\u00e9ral de l\u2019ONU sur la force conjointe G5 Sahel, la d\u00e9l\u00e9gation am\u00e9ricaine s\u2019est dite \u00ab\u00a0alarm\u00e9e par la lib\u00e9ration en octobre d\u2019environ 200 prisonniers au Mali, dont la plupart \u00e9taient d\u00e9tenus pour actes de terrorisme\u00a0\u00bb, et demand\u00e9 \u00ab\u00a0instamment au Gouvernement de transition du Mali et aux autres acteurs de mettre en \u0153uvre rapidement les principes de l\u2019Accord d\u2019Alger\u00a0\u00bb.<\/p>\n<p>Tout en reconnaissant que \u00ab\u00a0la Force conjointe du G5 et sa composante civile sont essentielles pour s\u2019attaquer \u00e0 certaines des causes profondes du conflit au Sahel\u00a0\u00bb, les Etats Unis affirment qu\u2019ils \u00ab\u00a0restent d\u00e9termin\u00e9s \u00e0 soutenir bilat\u00e9ralement la Force conjointe avec du mat\u00e9riel, une formation, des fournitures et des conseillers\u00a0\u00bb.<\/p>\n<p>Selon la d\u00e9l\u00e9gation am\u00e9ricaine, \u00ab\u00a0les contributions fix\u00e9es par l\u2019ONU ne sont pas une source viable de financement\u00a0\u00bb. En septembre, les Etats-Unis ont annonc\u00e9 une aide humanitaire de 152 millions de dollars pour r\u00e9pondre aux besoins des populations des pays du G5 Sahel.<\/p>\n<p>\u00ab\u00a0Cela s\u2019ajoute \u00e0 nos programmes existants de services sociaux r\u00e9gionaux, d\u2019application des lois et d\u2019aide \u00e0 la s\u00e9curit\u00e9 et, \u00e9galement, \u00e0 notre contribution directe de 111 millions de dollars \u00e0 la Force conjointe\u00a0\u00bb, a dit la d\u00e9l\u00e9gation.<\/p>\n<p>A court terme, la d\u00e9l\u00e9gation US a \u00e9mis l\u2019espoir que \u00ab\u00a0la Force conjointe tire pleinement parti du m\u00e9canisme d\u2019appui de la Mission multidimensionnelle int\u00e9gr\u00e9e des Nations Unies pour la stabilisation du Mali (MINUSMA), renforc\u00e9 en juin dernier pour mieux soutenir la Force conjointe du G5\u00a0\u00bb.<\/p>\n<p>\u00ab\u00a0Nous pensons qu\u2019il n\u2019y a pas de temps \u00e0 perdre. La MINUSMA n\u2019est qu\u2019une partie de la solution et il est peu probable, \u00e0 notre avis, qu\u2019elle se maintienne ind\u00e9finiment \u00e0 son niveau actuel\u00a0\u00bb, a dit le repr\u00e9sentant US, ajoutant que \u00ab\u00a0malgr\u00e9 les succ\u00e8s obtenus par la Force conjointe, les progr\u00e8s accomplis \u00ab\u00a0peuvent s\u2019effacer rapidement lorsque les forces de d\u00e9fense et de s\u00e9curit\u00e9\u00a0\u00bb\u00a0 commettent elles-m\u00eames des \u00ab\u00a0actes de violence contre les populations qu\u2019elles sont cens\u00e9es prot\u00e9ger\u00a0\u00bb.<\/p>\n<p>\u00ab\u00a0Comme nous le savons tous, ces violations renforcent les r\u00e9cits de terroristes et stimulent le recrutement. Nous attendons donc une enqu\u00eate compl\u00e8te sur les cinq cas pr\u00e9sum\u00e9s de violations graves des droits de l\u2019homme par le bataillon du G5 op\u00e9rant dans le nord du Burkina Faso\u00a0\u00bb, a d\u00e9clar\u00e9 la d\u00e9l\u00e9gation am\u00e9ricaine.<\/p>\n<p>La d\u00e9l\u00e9gation a appel\u00e9 le Gouvernement de transition du Mali et les Gouvernements du Niger et du Burkina Faso \u00e0 mener des \u00ab\u00a0enqu\u00eates approfondies et transparentes\u00a0\u00bb et \u00e0 tenir pour responsable tout individu responsable de crimes pr\u00e9sum\u00e9s, y compris les \u00ab\u00a050 ex\u00e9cutions arbitraires\u00a0\u00bb signal\u00e9es par les forces du Burkina Faso et qui auraient \u00e9t\u00e9 commises en mai.<\/p>\n<p>Les Etats-Unis ont \u00e9galement appel\u00e9 les Gouvernements des trois pays \u00e0 \u00ab\u00a0promouvoir un processus \u00e9lectoral libre et \u00e9quitable lors de leurs prochains scrutins respectifs\u00a0\u00bb.<\/p>\n<p>\u00ab\u00a0Nous appelons \u00e9galement le Gouvernement de transition au Mali \u00e0 organiser des \u00e9lections libres et \u00e9quitables dans les 18 mois et \u00e0 respecter ses engagements, de la lutte contre la corruption \u00e0 la mise en \u0153uvre de r\u00e9formes \u00e9lectorales en passant par la gouvernance. \u00ab\u00a0Le peuple malien m\u00e9rite cela et rien de moins\u00a0\u00bb, a-t-elle ajout\u00e9.<\/p>\n<p>\u00a0<\/p>\n<p>\u00a0<\/p>\n","protected":false},"excerpt":{"rendered":"Les Etats-Unis sont \"alarm\u00e9s\" par la lib\u00e9ration en octobre, au Mali, d\u2019environ 200 prisonniers impliqu\u00e9s pour la plupart dans des violences terroristes, a fait savoir une d\u00e9l\u00e9gation am\u00e9ricaine lors d'une r\u00e9union lundi 16 novembre 2020, au Conseil de s\u00e9curit\u00e9, appelant les autorit\u00e9s de transition maliennes \u00e0 mettre en \u0153uvre l\u2019accord de paix et de r\u00e9conciliation [...]","protected":false},"author":4,"featured_media":21131,"comment_status":"open","ping_status":"closed","sticky":false,"template":"","format":"standard","meta":{"content-type":"","jnews-multi-image_gallery":[],"jnews_single_post":{"subtitle":"","format":"standard","video":"","gallery":"","source_name":"","source_url":"","via_name":"","via_url":"","override":[{"single_blog_custom":"","sidebar":"","second_sidebar":"","share_position":"","share_float_style":"","post_date_format":"","post_date_format_custom":"","post_reading_time_wpm":"","zoom_button_out_step":"1","zoom_button_in_step":"1","number_popup_post":"1"}],"image_override":[{"single_post_thumbnail_size":"","single_post_gallery_size":""}],"trending_post_position":"","trending_post_label":"","sponsored_post_label":"","sponsored_post_name":"","sponsored_post_url":"","sponsored_post_logo":"","sponsored_post_desc":""},"jnews_primary_category":{"id":""},"jnews_override_bookmark_settings":[],"jnews_review":[],"enable_review":"","type":"","name":"","summary":"","brand":"","sku":"","good":[],"bad":[],"score_override":"","override_value":"","rating":[],"price":[],"jnews_post_split":[],"footnotes":""},"categories":[6,2],"tags":[6225,2320],"class_list":["post-23246","post","type-post","status-publish","format-standard","has-post-thumbnail","hentry","category-world","category-news-politique","tag-prisonniers","tag-terrorisme"],"_links":{"self":[{"href":"https:\/\/www.africanchallenges.com\/index.php?rest_route=\/wp\/v2\/posts\/23246","targetHints":{"allow":["GET"]}}],"collection":[{"href":"https:\/\/www.africanchallenges.com\/index.php?rest_route=\/wp\/v2\/posts"}],"about":[{"href":"https:\/\/www.africanchallenges.com\/index.php?rest_route=\/wp\/v2\/types\/post"}],"author":[{"embeddable":true,"href":"https:\/\/www.africanchallenges.com\/index.php?rest_route=\/wp\/v2\/users\/4"}],"replies":[{"embeddable":true,"href":"https:\/\/www.africanchallenges.com\/index.php?rest_route=%2Fwp%2Fv2%2Fcomments&post=23246"}],"version-history":[{"count":2,"href":"https:\/\/www.africanchallenges.com\/index.php?rest_route=\/wp\/v2\/posts\/23246\/revisions"}],"predecessor-version":[{"id":23252,"href":"https:\/\/www.africanchallenges.com\/index.php?rest_route=\/wp\/v2\/posts\/23246\/revisions\/23252"}],"wp:featuredmedia":[{"embeddable":true,"href":"https:\/\/www.africanchallenges.com\/index.php?rest_route=\/wp\/v2\/media\/21131"}],"wp:attachment":[{"href":"https:\/\/www.africanchallenges.com\/index.php?rest_route=%2Fwp%2Fv2%2Fmedia&parent=23246"}],"wp:term":[{"taxonomy":"category","embeddable":true,"href":"https:\/\/www.africanchallenges.com\/index.php?rest_route=%2Fwp%2Fv2%2Fcategories&post=23246"},{"taxonomy":"post_tag","embeddable":true,"href":"https:\/\/www.africanchallenges.com\/index.php?rest_route=%2Fwp%2Fv2%2Ftags&post=23246"}],"curies":[{"name":"wp","href":"https:\/\/api.w.org\/{rel}","templated":true}]}}