{"id":23240,"date":"2020-11-18T08:02:29","date_gmt":"2020-11-18T08:02:29","guid":{"rendered":"http:\/\/www.africanchallenges.com\/?p=23240"},"modified":"2020-11-18T08:14:30","modified_gmt":"2020-11-18T08:14:30","slug":"coronavirus-le-patron-de-loms-previent-quun-vaccin-seul-ne-suffira-pas-a-a-lui-tout-seul-a-vaincre-la-pandemie-de-covid-19","status":"publish","type":"post","link":"https:\/\/www.africanchallenges.com\/?p=23240","title":{"rendered":"Coronavirus : Le patron de l\u2019OMS pr\u00e9vient qu\u2019un vaccin seul  ne suffira pas \u00e0 lui tout seul \u00e0 vaincre  la pand\u00e9mie de Covid-19"},"content":{"rendered":"\n<p>Lors \u00a0de la tenue du conseil ex\u00e9cutif de l\u2019Organisation mondiale de la sant\u00e9, le 16 novembre 2020, le directeur g\u00e9n\u00e9ral de l\u2019Organisation Tedros Adhanom Ghebreyesus, a d\u00e9clar\u00e9 \u00ab\u00a0Un vaccin va compl\u00e9ter les autres outils que nous avons, pas les remplacer.\u00a0\u00bb<\/p>\n<p>A rappeler le patron de l\u2019OMS a \u00e9t\u00e9 mis en quarantaine le 2 novembre.<\/p>\n<p>Il avait indiqu\u00e9 sur Twitter qu\u2019il avait \u00e9t\u00e9 en contact avec une personne test\u00e9e positive au Covid-19 mais il avait continu\u00e9 \u00e0 assumer ses fonctions \u00e0 distance.<\/p>\n<p>Concernant le vaccin, le directeur g\u00e9n\u00e9ral, comme plusieurs de ses adjoints, se sont employ\u00e9s ces derniers jours \u00e0 temp\u00e9rer l\u2019optimisme qui s\u2019est fait jour la semaine derni\u00e8re quand Pfizer et BioNTech ont annonc\u00e9 que des donn\u00e9es pr\u00e9liminaires des essais de leur vaccin en phase III montraient une efficacit\u00e9 de 90 %.<\/p>\n<p>\u00a0<\/p>\n<p>Au d\u00e9part, les quantit\u00e9s seront limit\u00e9es et par cons\u00e9quent les personnels soignants, les personnes \u00e2g\u00e9es et celles \u00e0 risque auront la priorit\u00e9 et nous esp\u00e9rons que cela va faire baisser le nombre de mort et permettre aux syst\u00e8mes de sant\u00e9 de r\u00e9sister, a soulign\u00e9 le directeur g\u00e9n\u00e9ral.<\/p>\n<p>Mais cela laissera encore beaucoup de champ au virus pour op\u00e9rer, a-t-il mis en garde, exhortant \u00e0 ne pas pr\u00e9matur\u00e9ment mettre fin aux mesures qui permettent de contr\u00f4ler l\u2019expansion du Covid-19, comme les tests, la quarantaine, le suivi des cas contacts, etc.<\/p>\n<p>\u00a0<\/p>\n<p>\u00a0<\/p>\n","protected":false},"excerpt":{"rendered":"Lors \u00a0de la tenue du conseil ex\u00e9cutif de l\u2019Organisation mondiale de la sant\u00e9, le 16 novembre 2020, le directeur g\u00e9n\u00e9ral de l\u2019Organisation Tedros Adhanom Ghebreyesus, a d\u00e9clar\u00e9 \u00ab\u00a0Un vaccin va compl\u00e9ter les autres outils que nous avons, pas les remplacer.\u00a0\u00bb A rappeler le patron de l\u2019OMS a \u00e9t\u00e9 mis en quarantaine le 2 novembre. Il [...]","protected":false},"author":4,"featured_media":22413,"comment_status":"open","ping_status":"closed","sticky":false,"template":"","format":"standard","meta":{"content-type":"","jnews-multi-image_gallery":[],"jnews_single_post":{"subtitle":"","format":"standard","video":"","gallery":"","source_name":"","source_url":"","via_name":"","via_url":"","override":[{"single_blog_custom":"","sidebar":"","second_sidebar":"","share_position":"","share_float_style":"","post_date_format":"","post_date_format_custom":"","post_reading_time_wpm":"","zoom_button_out_step":"1","zoom_button_in_step":"1","number_popup_post":"1"}],"image_override":[{"single_post_thumbnail_size":"","single_post_gallery_size":""}],"trending_post_position":"","trending_post_label":"","sponsored_post_label":"","sponsored_post_name":"","sponsored_post_url":"","sponsored_post_logo":"","sponsored_post_desc":""},"jnews_primary_category":{"id":""},"jnews_override_bookmark_settings":[],"jnews_review":[],"enable_review":"","type":"","name":"","summary":"","brand":"","sku":"","good":[],"bad":[],"score_override":"","override_value":"","rating":[],"price":[],"jnews_post_split":[],"footnotes":""},"categories":[11],"tags":[4304,5143,4393,6221,2815],"class_list":["post-23240","post","type-post","status-publish","format-standard","has-post-thumbnail","hentry","category-health","tag-covid-19-2","tag-lorganisation-mondiale-de-la-sante","tag-pandemie","tag-tedros-adhanom-ghebreyesus","tag-vaccin"],"_links":{"self":[{"href":"https:\/\/www.africanchallenges.com\/index.php?rest_route=\/wp\/v2\/posts\/23240","targetHints":{"allow":["GET"]}}],"collection":[{"href":"https:\/\/www.africanchallenges.com\/index.php?rest_route=\/wp\/v2\/posts"}],"about":[{"href":"https:\/\/www.africanchallenges.com\/index.php?rest_route=\/wp\/v2\/types\/post"}],"author":[{"embeddable":true,"href":"https:\/\/www.africanchallenges.com\/index.php?rest_route=\/wp\/v2\/users\/4"}],"replies":[{"embeddable":true,"href":"https:\/\/www.africanchallenges.com\/index.php?rest_route=%2Fwp%2Fv2%2Fcomments&post=23240"}],"version-history":[{"count":2,"href":"https:\/\/www.africanchallenges.com\/index.php?rest_route=\/wp\/v2\/posts\/23240\/revisions"}],"predecessor-version":[{"id":23242,"href":"https:\/\/www.africanchallenges.com\/index.php?rest_route=\/wp\/v2\/posts\/23240\/revisions\/23242"}],"wp:featuredmedia":[{"embeddable":true,"href":"https:\/\/www.africanchallenges.com\/index.php?rest_route=\/wp\/v2\/media\/22413"}],"wp:attachment":[{"href":"https:\/\/www.africanchallenges.com\/index.php?rest_route=%2Fwp%2Fv2%2Fmedia&parent=23240"}],"wp:term":[{"taxonomy":"category","embeddable":true,"href":"https:\/\/www.africanchallenges.com\/index.php?rest_route=%2Fwp%2Fv2%2Fcategories&post=23240"},{"taxonomy":"post_tag","embeddable":true,"href":"https:\/\/www.africanchallenges.com\/index.php?rest_route=%2Fwp%2Fv2%2Ftags&post=23240"}],"curies":[{"name":"wp","href":"https:\/\/api.w.org\/{rel}","templated":true}]}}