{"id":23046,"date":"2020-11-13T13:33:41","date_gmt":"2020-11-13T13:33:41","guid":{"rendered":"http:\/\/www.africanchallenges.com\/?p=23046"},"modified":"2020-11-13T13:40:20","modified_gmt":"2020-11-13T13:40:20","slug":"mali-la-france-annonce-la-mort-dun-haut-responsable-jihadiste-au-mali","status":"publish","type":"post","link":"https:\/\/www.africanchallenges.com\/?p=23046","title":{"rendered":"Mali : La France annonce la mort d&rsquo;un haut responsable Jihadiste au Mali"},"content":{"rendered":"\n<div class=\"chapo\">Bah Ag Moussa est d\u00e9crit par la ministre des Arm\u00e9es comme le \u00ab\u00a0chef militaire\u00a0\u00bb du Groupe de soutien \u00e0 l&rsquo;islam et aux musulmans (GSIM).<\/div>\n<div id=\"sas_98_s\" class=\"bloc_center_full\">\u00a0<\/div>\n<p>La France a annonc\u00e9 ce vendredi la \u00ab\u00a0neutralisation\u00a0\u00bb au Mali, par la force Barkhane, d&rsquo;un cadre op\u00e9rationnel jihadiste de tout premier plan li\u00e9 \u00e0 Al-Qa\u00efda, dont le nom \u00e9tait associ\u00e9 ces derni\u00e8res ann\u00e9es \u00e0 de nombreuses attaques dans la r\u00e9gion.<\/p>\n<div class=\"twitter-tweet twitter-tweet-rendered\">https:\/\/twitter.com\/florence_parly\/status\/1327143872829542400<\/div>\n<div>\u00a0<\/div>\n<div>\u00a0<\/div>\n<p>La ministre des Arm\u00e9es Florence Parly a salu\u00e9 dans un communiqu\u00e9 une op\u00e9ration engageant \u00ab\u00a0d&rsquo;importants moyens de renseignement ainsi qu&rsquo;un dispositif d&rsquo;interception compos\u00e9 d&rsquo;h\u00e9licopt\u00e8res et de troupes au sol\u00a0\u00bb conduisant \u00e0 une frappe contre Bah Ag Moussa, d\u00e9crit comme le \u00ab\u00a0chef militaire\u00a0\u00bb du Groupe de soutien \u00e0 l&rsquo;islam et aux musulmans (GSIM).<\/p>\n<h2 class=\"subheading\">Un \u00ab\u00a0coup dur\u00a0\u00bb<\/h2>\n<p>\u00ab\u00a0Cadre historique de la mouvance jihadiste au Sahel, Bah ag Moussa est consid\u00e9r\u00e9 comme responsable de plusieurs attaques contre les forces maliennes et internationales\u00a0\u00bb, \u00e9crit Florence Parly.<\/p>\n<blockquote class=\"embed embed_quote\">\u00ab\u00a0Apr\u00e8s (avoir) consid\u00e9rablement diminu\u00e9 les capacit\u00e9s d&rsquo;action de l&rsquo;\u00c9tat islamique au Grand sahara, groupe affili\u00e9 \u00e0 Daech, plusieurs actions d&rsquo;engergure ont \u00e9t\u00e9 recemment conduites contre les mouvances r\u00e9pondant \u00e0 Al-Qa\u00efda\u00a0\u00bb, poursuit la ministre. \u00ab\u00a0Apr\u00e8s la frappe du 30 octobre et celle du 6 novembre, cette neutralisation d&rsquo;un des principaux cadres de cette organisation lui porte un nouveau coup dur.\u00a0\u00bb<\/blockquote>\n<div class=\"block_signature_parent\">\n<div class=\"block_signature signature_marque\">\n<div class=\"author_wrapper\">\u00a0<\/div>\n<div>\u00a0<\/div>\n<div class=\"author_wrapper\"><strong><span class=\"author_name\">. Avec AFP<\/span><\/strong><\/div>\n<\/div>\n<\/div>\n","protected":false},"excerpt":{"rendered":"Bah Ag Moussa est d\u00e9crit par la ministre des Arm\u00e9es comme le \"chef militaire\" du Groupe de soutien \u00e0 l'islam et aux musulmans (GSIM). \u00a0 La France a annonc\u00e9 ce vendredi la \"neutralisation\" au Mali, par la force Barkhane, d'un cadre op\u00e9rationnel jihadiste de tout premier plan li\u00e9 \u00e0 Al-Qa\u00efda, dont le nom \u00e9tait associ\u00e9 [...]","protected":false},"author":4,"featured_media":23048,"comment_status":"open","ping_status":"closed","sticky":false,"template":"","format":"standard","meta":{"content-type":"","jnews-multi-image_gallery":[],"jnews_single_post":{"subtitle":"","format":"standard","video":"","gallery":"","source_name":"","source_url":"","via_name":"","via_url":"","override":[{"single_blog_custom":"","sidebar":"","second_sidebar":"","share_position":"","share_float_style":"","post_date_format":"","post_date_format_custom":"","post_reading_time_wpm":"","zoom_button_out_step":"1","zoom_button_in_step":"1","number_popup_post":"1"}],"image_override":[{"single_post_thumbnail_size":"","single_post_gallery_size":""}],"trending_post_position":"","trending_post_label":"","sponsored_post_label":"","sponsored_post_name":"","sponsored_post_url":"","sponsored_post_logo":"","sponsored_post_desc":""},"jnews_primary_category":{"id":""},"jnews_override_bookmark_settings":[],"jnews_review":[],"enable_review":"","type":"","name":"","summary":"","brand":"","sku":"","good":[],"bad":[],"score_override":"","override_value":"","rating":[],"price":[],"jnews_post_split":[],"footnotes":""},"categories":[6],"tags":[245,203],"class_list":["post-23046","post","type-post","status-publish","format-standard","has-post-thumbnail","hentry","category-world","tag-france","tag-mali"],"_links":{"self":[{"href":"https:\/\/www.africanchallenges.com\/index.php?rest_route=\/wp\/v2\/posts\/23046","targetHints":{"allow":["GET"]}}],"collection":[{"href":"https:\/\/www.africanchallenges.com\/index.php?rest_route=\/wp\/v2\/posts"}],"about":[{"href":"https:\/\/www.africanchallenges.com\/index.php?rest_route=\/wp\/v2\/types\/post"}],"author":[{"embeddable":true,"href":"https:\/\/www.africanchallenges.com\/index.php?rest_route=\/wp\/v2\/users\/4"}],"replies":[{"embeddable":true,"href":"https:\/\/www.africanchallenges.com\/index.php?rest_route=%2Fwp%2Fv2%2Fcomments&post=23046"}],"version-history":[{"count":2,"href":"https:\/\/www.africanchallenges.com\/index.php?rest_route=\/wp\/v2\/posts\/23046\/revisions"}],"predecessor-version":[{"id":23051,"href":"https:\/\/www.africanchallenges.com\/index.php?rest_route=\/wp\/v2\/posts\/23046\/revisions\/23051"}],"wp:featuredmedia":[{"embeddable":true,"href":"https:\/\/www.africanchallenges.com\/index.php?rest_route=\/wp\/v2\/media\/23048"}],"wp:attachment":[{"href":"https:\/\/www.africanchallenges.com\/index.php?rest_route=%2Fwp%2Fv2%2Fmedia&parent=23046"}],"wp:term":[{"taxonomy":"category","embeddable":true,"href":"https:\/\/www.africanchallenges.com\/index.php?rest_route=%2Fwp%2Fv2%2Fcategories&post=23046"},{"taxonomy":"post_tag","embeddable":true,"href":"https:\/\/www.africanchallenges.com\/index.php?rest_route=%2Fwp%2Fv2%2Ftags&post=23046"}],"curies":[{"name":"wp","href":"https:\/\/api.w.org\/{rel}","templated":true}]}}