{"id":22912,"date":"2020-11-10T19:42:18","date_gmt":"2020-11-10T19:42:18","guid":{"rendered":"http:\/\/www.africanchallenges.com\/?p=22912"},"modified":"2020-11-10T19:48:09","modified_gmt":"2020-11-10T19:48:09","slug":"tunisie-le-syndicat-national-des-journalistes-tunisiens-snjt-decide-dobserver-une-serie-de-mouvements-de-protestation-une-journee-de-colere-nationale-et-une-greve-generale","status":"publish","type":"post","link":"https:\/\/www.africanchallenges.com\/?p=22912","title":{"rendered":"Tunisie : le Syndicat national des Journalistes Tunisiens (SNJT) d\u00e9cide d\u2019observer une s\u00e9rie de mouvements de protestation,  une journ\u00e9e de col\u00e8re nationale et une gr\u00e8ve g\u00e9n\u00e9rale"},"content":{"rendered":"\n<p>Suite \u00e0 la r\u00e9union de \u00a0bureau ex\u00e9cutif \u00e9largi du Syndicat national des Journalistes Tunisiens (SNJT), ce mardi 10 novembre 2020, il a \u00e9t\u00e9 d\u00e9cid\u00e9 d\u2019observer une s\u00e9rie de mouvements de protestation, notamment une journ\u00e9e de col\u00e8re nationale, une gr\u00e8ve g\u00e9n\u00e9rale et un sit-in au si\u00e8ge de la pr\u00e9sidence du gouvernement dont la date sera fix\u00e9e ult\u00e9rieurement par le bureau ex\u00e9cutif du syndicat<\/p>\n<p>\u00a0Il est \u00e0 noter des promesses non tenues par le gouvernement, dont la publication de la convention cadre et la convention sectorielle dans le Jort, le paiement des salaires des journalistes des \u00e9tablissements m\u00e9diatiques confisqu\u00e9s, la r\u00e9gularisation de la situation pr\u00e9caire des \u00e9tablissements m\u00e9diatiques publics, le recrutement des dipl\u00f4m\u00e9s ch\u00f4meurs de l\u2019Ipsi et l\u2019activation des mesures de soutien des \u00e9tablissements m\u00e9diatiques sinistr\u00e9s par la pand\u00e9mie du coronavirus sont les motifs .<\/p>\n<p>\u00a0<\/p>\n<p>\u00a0<\/p>\n<p>\u00a0<\/p>\n<p>\u00a0<\/p>\n<p>\u00a0<\/p>\n<p>\u00a0<\/p>\n<p>\u00a0<\/p>\n","protected":false},"excerpt":{"rendered":"Suite \u00e0 la r\u00e9union de \u00a0bureau ex\u00e9cutif \u00e9largi du Syndicat national des Journalistes Tunisiens (SNJT), ce mardi 10 novembre 2020, il a \u00e9t\u00e9 d\u00e9cid\u00e9 d\u2019observer une s\u00e9rie de mouvements de protestation, notamment une journ\u00e9e de col\u00e8re nationale, une gr\u00e8ve g\u00e9n\u00e9rale et un sit-in au si\u00e8ge de la pr\u00e9sidence du gouvernement dont la date sera fix\u00e9e [...]","protected":false},"author":3,"featured_media":6510,"comment_status":"open","ping_status":"closed","sticky":false,"template":"","format":"standard","meta":{"content-type":"","jnews-multi-image_gallery":[],"jnews_single_post":{"subtitle":"","format":"standard","video":"","gallery":"","source_name":"","source_url":"","via_name":"","via_url":"","override":[{"single_blog_custom":"","sidebar":"","second_sidebar":"","share_position":"","share_float_style":"","post_date_format":"","post_date_format_custom":"","post_reading_time_wpm":"","zoom_button_out_step":"1","zoom_button_in_step":"1","number_popup_post":"1"}],"image_override":[{"single_post_thumbnail_size":"","single_post_gallery_size":""}],"trending_post_position":"","trending_post_label":"","sponsored_post_label":"","sponsored_post_name":"","sponsored_post_url":"","sponsored_post_logo":"","sponsored_post_desc":""},"jnews_primary_category":{"id":""},"jnews_override_bookmark_settings":[],"jnews_review":[],"enable_review":"","type":"","name":"","summary":"","brand":"","sku":"","good":[],"bad":[],"score_override":"","override_value":"","rating":[],"price":[],"jnews_post_split":[],"footnotes":""},"categories":[61],"tags":[2136,6096,6095,978],"class_list":["post-22912","post","type-post","status-publish","format-standard","has-post-thumbnail","hentry","category-societe","tag-greve-generale","tag-journee-de-colere-nationale","tag-protestation","tag-syndicat-national-des-journalistes-tunisiens"],"_links":{"self":[{"href":"https:\/\/www.africanchallenges.com\/index.php?rest_route=\/wp\/v2\/posts\/22912","targetHints":{"allow":["GET"]}}],"collection":[{"href":"https:\/\/www.africanchallenges.com\/index.php?rest_route=\/wp\/v2\/posts"}],"about":[{"href":"https:\/\/www.africanchallenges.com\/index.php?rest_route=\/wp\/v2\/types\/post"}],"author":[{"embeddable":true,"href":"https:\/\/www.africanchallenges.com\/index.php?rest_route=\/wp\/v2\/users\/3"}],"replies":[{"embeddable":true,"href":"https:\/\/www.africanchallenges.com\/index.php?rest_route=%2Fwp%2Fv2%2Fcomments&post=22912"}],"version-history":[{"count":1,"href":"https:\/\/www.africanchallenges.com\/index.php?rest_route=\/wp\/v2\/posts\/22912\/revisions"}],"predecessor-version":[{"id":22913,"href":"https:\/\/www.africanchallenges.com\/index.php?rest_route=\/wp\/v2\/posts\/22912\/revisions\/22913"}],"wp:featuredmedia":[{"embeddable":true,"href":"https:\/\/www.africanchallenges.com\/index.php?rest_route=\/wp\/v2\/media\/6510"}],"wp:attachment":[{"href":"https:\/\/www.africanchallenges.com\/index.php?rest_route=%2Fwp%2Fv2%2Fmedia&parent=22912"}],"wp:term":[{"taxonomy":"category","embeddable":true,"href":"https:\/\/www.africanchallenges.com\/index.php?rest_route=%2Fwp%2Fv2%2Fcategories&post=22912"},{"taxonomy":"post_tag","embeddable":true,"href":"https:\/\/www.africanchallenges.com\/index.php?rest_route=%2Fwp%2Fv2%2Ftags&post=22912"}],"curies":[{"name":"wp","href":"https:\/\/api.w.org\/{rel}","templated":true}]}}