{"id":22494,"date":"2020-11-03T16:00:57","date_gmt":"2020-11-03T16:00:57","guid":{"rendered":"http:\/\/www.africanchallenges.com\/?p=22494"},"modified":"2020-11-03T16:03:55","modified_gmt":"2020-11-03T16:03:55","slug":"la-haica-condamne-lincitation-a-la-haine-contre-les-journalistes","status":"publish","type":"post","link":"https:\/\/www.africanchallenges.com\/?p=22494","title":{"rendered":"La HAICA condamne l\u2019incitation \u00e0 la haine contre les journalistes"},"content":{"rendered":"\n<p class=\"wp-block-paragraph\"><strong>A l&rsquo;occasion de la Journ\u00e9e internationale pour mettre fin \u00e0 l&rsquo;impunit\u00e9 des crimes contre les journalistes, la Haute Autorit\u00e9 ind\u00e9pendante de la communication audiovisuelle condamne l\u2019augmentation des crimes d&rsquo;agression et d&rsquo;incitation contre les journalistes tunisiens. La commission pr\u00e9vient que l&rsquo;impunit\u00e9 et le fait de ne pas retrouver les auteurs sont devenus une menace r\u00e9elle pour l&rsquo;avenir de la libert\u00e9 d&rsquo;expression et des m\u00e9dias en Tunisie<\/strong>.<\/p>\n\n\n\n<p class=\"wp-block-paragraph\">Tout en soulignant le r\u00f4le important que jouent les journalistes dans cette p\u00e9riode exceptionnelle de l\u2019histoire de la Tunisie et l\u2019importance de leur contribution \u00e0 la consolidation des fondations d\u2019un \u00c9tat civil d\u00e9mocratique, la commission appelle \u00e0 la protection d\u2019eux et de leurs institutions en traquant les personnes impliqu\u00e9es dans des actes de violence, des menaces, des intimidations au nom de Entraver leur travail et les emp\u00eacher de mener \u00e0 bien leurs t\u00e2ches.<\/p>\n\n\n\n<p class=\"wp-block-paragraph\">\u00c0 cet \u00e9gard, la Commission exprime sa surprise devant la lenteur des proc\u00e9dures judiciaires pour juger les affaires li\u00e9es aux agressions contre des journalistes et appelle \u00e0 acc\u00e9l\u00e9rer l&rsquo;examen de ces affaires, dont un grand nombre sont toujours devant les tribunaux sans r\u00e9sultat.<\/p>\n\n\n\n<p class=\"wp-block-paragraph\">La commission met \u00e9galement en garde contre le danger de l&rsquo;augmentation de l&rsquo;incitation \u00e0 la haine contre les journalistes et de la diversification de ses sources pour inclure des personnalit\u00e9s politiques et des employ\u00e9s de l&rsquo;\u00c9tat, en plus d&#8217;employer des canaux m\u00e9diatiques ill\u00e9gaux et de mentionner les noms et adresses des journalistes, ce qui constituerait une menace directe pour leur s\u00e9curit\u00e9 physique et celle de leurs coll\u00e8gues et proches.<\/p>\n\n\n\n<p class=\"wp-block-paragraph\">La commission exprime son rejet de l&rsquo;indiff\u00e9rence du gouvernement \u00e0 l&rsquo;\u00e9gard de ce qui se passe en mati\u00e8re de maltraitance des journalistes et lui demande de prendre des mesures qui expriment une r\u00e9elle volont\u00e9 politique de soutenir la libert\u00e9 des m\u00e9dias et de prot\u00e9ger les journalistes de toutes les formes de mailing, d&rsquo;intimidation et d&rsquo;extorsion qui sont pratiqu\u00e9es \u00e0 leur encontre dans le cadre de leur travail.<\/p>\n\n\n\n<p class=\"wp-block-paragraph\">La commission pr\u00e9vient \u00e9galement qu&rsquo;en l&rsquo;absence d&rsquo;une r\u00e9elle volont\u00e9 de r\u00e9former les m\u00e9dias, ces pratiques constituent une menace s\u00e9rieuse pour l&rsquo;ensemble de la voie d\u00e9mocratique et ram\u00e8nent les m\u00e9dias sur la place de l&rsquo;asservissement et du contr\u00f4le de ses institutions.<\/p>\n\n\n\n<p class=\"wp-block-paragraph\">Face \u00e0 cette situation dangereuse, la Commission demande \u00e0 l&rsquo;Assembl\u00e9e des repr\u00e9sentants du peuple de se tenir aux c\u00f4t\u00e9s des journalistes et de fournir toutes les conditions appropri\u00e9es pour remplir leur r\u00f4le conform\u00e9ment aux normes internationales pertinentes, et elle l&rsquo;invite \u00e9galement \u00e0 acc\u00e9l\u00e9rer la focalisation du nouvel organe de communication audiovisuelle \u00e0 travers un projet de loi fondamentale garantissant la libert\u00e9 d&rsquo;expression et l&rsquo;ind\u00e9pendance des institutions des m\u00e9dias audio Il comprend les m\u00e9canismes garantissant l&rsquo;organisation du secteur, coupant avec le chaos et les manifestations d&rsquo;impunit\u00e9, pr\u00e9servant les acquis inclus dans le d\u00e9cret n \u00b0 116 de 2011 du 2 novembre 2011 et soutient l&rsquo;exp\u00e9rience d&rsquo;amendement en Tunisie.<\/p>\n","protected":false},"excerpt":{"rendered":"<p>A l&rsquo;occasion de la Journ\u00e9e internationale pour mettre fin \u00e0 l&rsquo;impunit\u00e9 des crimes contre les journalistes, la Haute Autorit\u00e9 ind\u00e9pendante de la communication audiovisuelle condamne l\u2019augmentation des crimes d&rsquo;agression et d&rsquo;incitation contre les journalistes tunisiens. La commission pr\u00e9vient que l&rsquo;impunit\u00e9 et le fait de ne pas retrouver les auteurs sont devenus une menace r\u00e9elle pour [&hellip;]<\/p>\n","protected":false},"author":3,"featured_media":15062,"comment_status":"open","ping_status":"closed","sticky":false,"template":"","format":"standard","meta":{"content-type":"","jnews-multi-image_gallery":[],"jnews_single_post":{"subtitle":"","format":"standard","video":"","gallery":"","source_name":"","source_url":"","via_name":"","via_url":"","override":[{"single_blog_custom":"","sidebar":"","second_sidebar":"","share_position":"","share_float_style":"","post_date_format":"","post_date_format_custom":"","post_reading_time_wpm":"","zoom_button_out_step":"1","zoom_button_in_step":"1","number_popup_post":"1"}],"image_override":[{"single_post_thumbnail_size":"","single_post_gallery_size":""}],"trending_post_position":"","trending_post_label":"","sponsored_post_label":"","sponsored_post_name":"","sponsored_post_url":"","sponsored_post_logo":"","sponsored_post_desc":""},"jnews_primary_category":{"id":""},"jnews_override_bookmark_settings":[],"jnews_review":[],"enable_review":"","type":"","name":"","summary":"","brand":"","sku":"","good":[],"bad":[],"score_override":"","override_value":"","rating":[],"price":[],"jnews_post_split":[],"footnotes":""},"categories":[61],"tags":[128,5996,1959],"class_list":["post-22494","post","type-post","status-publish","format-standard","has-post-thumbnail","hentry","category-societe","tag-haica","tag-haine","tag-journalistes"],"_links":{"self":[{"href":"https:\/\/www.africanchallenges.com\/index.php?rest_route=\/wp\/v2\/posts\/22494","targetHints":{"allow":["GET"]}}],"collection":[{"href":"https:\/\/www.africanchallenges.com\/index.php?rest_route=\/wp\/v2\/posts"}],"about":[{"href":"https:\/\/www.africanchallenges.com\/index.php?rest_route=\/wp\/v2\/types\/post"}],"author":[{"embeddable":true,"href":"https:\/\/www.africanchallenges.com\/index.php?rest_route=\/wp\/v2\/users\/3"}],"replies":[{"embeddable":true,"href":"https:\/\/www.africanchallenges.com\/index.php?rest_route=%2Fwp%2Fv2%2Fcomments&post=22494"}],"version-history":[{"count":2,"href":"https:\/\/www.africanchallenges.com\/index.php?rest_route=\/wp\/v2\/posts\/22494\/revisions"}],"predecessor-version":[{"id":22496,"href":"https:\/\/www.africanchallenges.com\/index.php?rest_route=\/wp\/v2\/posts\/22494\/revisions\/22496"}],"wp:featuredmedia":[{"embeddable":true,"href":"https:\/\/www.africanchallenges.com\/index.php?rest_route=\/wp\/v2\/media\/15062"}],"wp:attachment":[{"href":"https:\/\/www.africanchallenges.com\/index.php?rest_route=%2Fwp%2Fv2%2Fmedia&parent=22494"}],"wp:term":[{"taxonomy":"category","embeddable":true,"href":"https:\/\/www.africanchallenges.com\/index.php?rest_route=%2Fwp%2Fv2%2Fcategories&post=22494"},{"taxonomy":"post_tag","embeddable":true,"href":"https:\/\/www.africanchallenges.com\/index.php?rest_route=%2Fwp%2Fv2%2Ftags&post=22494"}],"curies":[{"name":"wp","href":"https:\/\/api.w.org\/{rel}","templated":true}]}}