{"id":22320,"date":"2020-10-30T10:49:24","date_gmt":"2020-10-30T10:49:24","guid":{"rendered":"http:\/\/www.africanchallenges.com\/?p=22320"},"modified":"2020-10-30T10:54:24","modified_gmt":"2020-10-30T10:54:24","slug":"attentat-de-nice-derniere-communication-de-lassaillant-avec-sa-famille","status":"publish","type":"post","link":"https:\/\/www.africanchallenges.com\/?p=22320","title":{"rendered":"Attentat de Nice : Derni\u00e8re communication de l\u2019assaillant avec sa famille"},"content":{"rendered":"\n<p style=\"text-align: justify; background: #F4F8FB;\"><span style=\"font-size: 14.0pt; font-family: 'AmpleSoft-Regular5','serif'; color: #404042;\">La famille de l\u2019assaillant pr\u00e9sum\u00e9 de Nice a r\u00e9v\u00e9l\u00e9 dans une d\u00e9claration \u00e0 El-Arabiya, la teneur de la derni\u00e8re communication qu\u2019ils ont eue avec lui \u00e0 la veille de l\u2019attaque. <\/span><span style=\"font-size: 14.0pt; font-family: 'AmpleSoft-Regular5','serif'; color: #404042;\">Sa m\u00e8re a dit qu\u2019il l\u2019avait appel\u00e9e au t\u00e9l\u00e9phone d\u00e8s son arriv\u00e9e en France.<\/span><\/p>\n<p style=\"text-align: justify; background: #F4F8FB;\"><span style=\"font-size: 14.0pt; font-family: 'AmpleSoft-Regular5','serif'; color: #404042;\">Le fr\u00e8re de Brahim Aouissaoui a ajout\u00e9 que ce dernier avait contact\u00e9 la famille et a indiqu\u00e9 qu\u2019il allait passer la nuit devant l\u2019\u00e9glise de Nice, th\u00e9\u00e2tre de l\u2019op\u00e9ration, et a envoy\u00e9 une photo de l\u00e0-bas.<\/span><\/p>\n<p style=\"text-align: justify; background: #F4F8FB;\"><span style=\"font-size: 14.0pt; font-family: 'AmpleSoft-Regular5','serif'; color: #404042;\">Selon l\u2019un des voisins de la famille, \u00ab l\u2019auteur pr\u00e9sum\u00e9 de l\u2019attaque, un migrant clandestin qui s\u2019est rendu \u00e0 Lampedusa (Italie) et puis en France, n\u2019avait pas des signes de terrorisme, il a fait plusieurs m\u00e9tiers avant son voyage en Italie, et a travaill\u00e9 dans la m\u00e9canique. \u00bb<\/span><\/p>\n<p style=\"text-align: justify; background: #F4F8FB;\"><span style=\"font-size: 14.0pt; font-family: 'AmpleSoft-Regular5','serif'; color: #404042;\">D\u00e8s la r\u00e9v\u00e9lation de son nom hier, une brigade antiterroriste s\u2019est rendu \u00e0 Sfax, et a effectu\u00e9 un pr\u00e9l\u00e8vement ADN sur les membres de la famille, en attendant le parach\u00e8vement de l\u2019enqu\u00eate sur les liens de l\u2019assaillant et ses mobiles, selon la m\u00eame source.<\/span><\/p>\n","protected":false},"excerpt":{"rendered":"La famille de l\u2019assaillant pr\u00e9sum\u00e9 de Nice a r\u00e9v\u00e9l\u00e9 dans une d\u00e9claration \u00e0 El-Arabiya, la teneur de la derni\u00e8re communication qu\u2019ils ont eue avec lui \u00e0 la veille de l\u2019attaque. Sa m\u00e8re a dit qu\u2019il l\u2019avait appel\u00e9e au t\u00e9l\u00e9phone d\u00e8s son arriv\u00e9e en France. Le fr\u00e8re de Brahim Aouissaoui a ajout\u00e9 que ce dernier avait [...]","protected":false},"author":4,"featured_media":22321,"comment_status":"open","ping_status":"closed","sticky":false,"template":"","format":"standard","meta":{"content-type":"","jnews-multi-image_gallery":[],"jnews_single_post":{"subtitle":"","format":"standard","video":"","gallery":"","source_name":"","source_url":"","via_name":"","via_url":"","override":[{"single_blog_custom":"","sidebar":"","second_sidebar":"","share_position":"","share_float_style":"","post_date_format":"","post_date_format_custom":"","post_reading_time_wpm":"","zoom_button_out_step":"1","zoom_button_in_step":"1","number_popup_post":"1"}],"image_override":[{"single_post_thumbnail_size":"","single_post_gallery_size":""}],"trending_post_position":"","trending_post_label":"","sponsored_post_label":"","sponsored_post_name":"","sponsored_post_url":"","sponsored_post_logo":"","sponsored_post_desc":""},"jnews_primary_category":{"id":""},"jnews_override_bookmark_settings":[],"jnews_review":[],"enable_review":"","type":"","name":"","summary":"","brand":"","sku":"","good":[],"bad":[],"score_override":"","override_value":"","rating":[],"price":[],"jnews_post_split":[],"footnotes":""},"categories":[6],"tags":[5948,737,2988,5944],"class_list":["post-22320","post","type-post","status-publish","format-standard","has-post-thumbnail","hentry","category-world","tag-attentat-de-nice","tag-communication","tag-famille","tag-lassaillant"],"_links":{"self":[{"href":"https:\/\/www.africanchallenges.com\/index.php?rest_route=\/wp\/v2\/posts\/22320","targetHints":{"allow":["GET"]}}],"collection":[{"href":"https:\/\/www.africanchallenges.com\/index.php?rest_route=\/wp\/v2\/posts"}],"about":[{"href":"https:\/\/www.africanchallenges.com\/index.php?rest_route=\/wp\/v2\/types\/post"}],"author":[{"embeddable":true,"href":"https:\/\/www.africanchallenges.com\/index.php?rest_route=\/wp\/v2\/users\/4"}],"replies":[{"embeddable":true,"href":"https:\/\/www.africanchallenges.com\/index.php?rest_route=%2Fwp%2Fv2%2Fcomments&post=22320"}],"version-history":[{"count":2,"href":"https:\/\/www.africanchallenges.com\/index.php?rest_route=\/wp\/v2\/posts\/22320\/revisions"}],"predecessor-version":[{"id":22323,"href":"https:\/\/www.africanchallenges.com\/index.php?rest_route=\/wp\/v2\/posts\/22320\/revisions\/22323"}],"wp:featuredmedia":[{"embeddable":true,"href":"https:\/\/www.africanchallenges.com\/index.php?rest_route=\/wp\/v2\/media\/22321"}],"wp:attachment":[{"href":"https:\/\/www.africanchallenges.com\/index.php?rest_route=%2Fwp%2Fv2%2Fmedia&parent=22320"}],"wp:term":[{"taxonomy":"category","embeddable":true,"href":"https:\/\/www.africanchallenges.com\/index.php?rest_route=%2Fwp%2Fv2%2Fcategories&post=22320"},{"taxonomy":"post_tag","embeddable":true,"href":"https:\/\/www.africanchallenges.com\/index.php?rest_route=%2Fwp%2Fv2%2Ftags&post=22320"}],"curies":[{"name":"wp","href":"https:\/\/api.w.org\/{rel}","templated":true}]}}