{"id":22142,"date":"2020-10-26T08:35:29","date_gmt":"2020-10-26T08:35:29","guid":{"rendered":"http:\/\/www.africanchallenges.com\/?p=22142"},"modified":"2020-10-26T08:38:34","modified_gmt":"2020-10-26T08:38:34","slug":"france-la-diplomatie-francaise-appelle-les-pays-du-moyen-orient-a-faire-cesser-immediatement-les-appels-au-boycott-de-produits-francais","status":"publish","type":"post","link":"https:\/\/www.africanchallenges.com\/?p=22142","title":{"rendered":"France : La diplomatie fran\u00e7aise appelle les pays du Moyen-Orient \u00e0 \u00ab\u00a0faire cesser imm\u00e9diatement les appels au boycott de produits fran\u00e7ais \u00ab\u00a0"},"content":{"rendered":"\n<p><strong>La diplomatie fran\u00e7aise a appel\u00e9, hier dimanche 25 octobre 2020, les pays du Moyen-Orient o\u00f9 se sont d\u00e9velopp\u00e9s au cours des derniers jours des appels au boycott de produits fran\u00e7ais, \u00e0 \u00ab\u00a0faire cesser imm\u00e9diatement ces appels\u00a0\u00bb.<\/strong><\/p>\n<p>le minist\u00e8re des Affaires \u00e9trang\u00e8res a affirm\u00e9<em> \u00a0\u00ab\u00a0Ces appels et autres manifestations hostiles \u00e0 la France sont instrumentalis\u00e9s par une minorit\u00e9 radicale\u00a0\u00bb<\/em>, appelant les autorit\u00e9s des pays concern\u00e9s \u00e0 accompagner les entreprises et assurer la s\u00e9curit\u00e9 des ressortissants fran\u00e7ais.<\/p>\n<p>Dans une s\u00e9rie de statuts publi\u00e9s sur les r\u00e9seaux sociaux, Emmanuel Macron a r\u00e9it\u00e9r\u00e9 sa d\u00e9termination \u00e0 d\u00e9fendre ce qu\u2019il consid\u00e8re comme les devises de la France. \u00ab\u00a0<em>Rien ne nous fera reculer, jamais. La libert\u00e9, nous la ch\u00e9rissons ; l\u2019\u00e9galit\u00e9, nous la garantissons ; la fraternit\u00e9, nous la vivons avec intensit\u00e9.\u00a0Notre histoire est celle de la lutte contre les tyrannies et les fanatismes\u00bb,\u00a0<\/em>a-t-il \u00e9crit.<\/p>\n<p>Et d&rsquo;ajouter, alors que certaines personnes l&rsquo;accusent d&rsquo;islamophobie : \u00ab\u00a0<em>Nous respectons toutes les diff\u00e9rences dans un esprit de paix.<\/em>\u00a0<em>Nous n&rsquo;acceptons pas les discours de haine et d\u00e9fendons le d\u00e9bat raisonnable.<\/em>\u00a0<em>Nous continuerons.<\/em>\u00a0<em>Nous nous tiendrons toujours du c\u00f4t\u00e9 de la dignit\u00e9 humaine et des valeurs universelles\u00a0\u00bb.<\/em><\/p>\n<p>\u00a0<\/p>\n<p>\u00a0<\/p>\n","protected":false},"excerpt":{"rendered":"La diplomatie fran\u00e7aise a appel\u00e9, hier dimanche 25 octobre 2020, les pays du Moyen-Orient o\u00f9 se sont d\u00e9velopp\u00e9s au cours des derniers jours des appels au boycott de produits fran\u00e7ais, \u00e0 \"faire cesser imm\u00e9diatement ces appels\". le minist\u00e8re des Affaires \u00e9trang\u00e8res a affirm\u00e9 \u00a0\u00ab\u00a0Ces appels et autres manifestations hostiles \u00e0 la France sont instrumentalis\u00e9s par [...]","protected":false},"author":4,"featured_media":17477,"comment_status":"open","ping_status":"closed","sticky":false,"template":"","format":"standard","meta":{"content-type":"","jnews-multi-image_gallery":[],"jnews_single_post":{"subtitle":"","format":"standard","video":"","gallery":"","source_name":"","source_url":"","via_name":"","via_url":"","override":[{"single_blog_custom":"","sidebar":"","second_sidebar":"","share_position":"","share_float_style":"","post_date_format":"","post_date_format_custom":"","post_reading_time_wpm":"","zoom_button_out_step":"1","zoom_button_in_step":"1","number_popup_post":"1"}],"image_override":[{"single_post_thumbnail_size":"","single_post_gallery_size":""}],"trending_post_position":"","trending_post_label":"","sponsored_post_label":"","sponsored_post_name":"","sponsored_post_url":"","sponsored_post_logo":"","sponsored_post_desc":""},"jnews_primary_category":{"id":""},"jnews_override_bookmark_settings":[],"jnews_review":[],"enable_review":"","type":"","name":"","summary":"","brand":"","sku":"","good":[],"bad":[],"score_override":"","override_value":"","rating":[],"price":[],"jnews_post_split":[],"footnotes":""},"categories":[2],"tags":[5892,5893,5890,5891,5880],"class_list":["post-22142","post","type-post","status-publish","format-standard","has-post-thumbnail","hentry","category-news-politique","tag-appels","tag-boycott","tag-diplomatie-francaise","tag-pays-du-moyen-orient","tag-produits-francais"],"_links":{"self":[{"href":"https:\/\/www.africanchallenges.com\/index.php?rest_route=\/wp\/v2\/posts\/22142","targetHints":{"allow":["GET"]}}],"collection":[{"href":"https:\/\/www.africanchallenges.com\/index.php?rest_route=\/wp\/v2\/posts"}],"about":[{"href":"https:\/\/www.africanchallenges.com\/index.php?rest_route=\/wp\/v2\/types\/post"}],"author":[{"embeddable":true,"href":"https:\/\/www.africanchallenges.com\/index.php?rest_route=\/wp\/v2\/users\/4"}],"replies":[{"embeddable":true,"href":"https:\/\/www.africanchallenges.com\/index.php?rest_route=%2Fwp%2Fv2%2Fcomments&post=22142"}],"version-history":[{"count":2,"href":"https:\/\/www.africanchallenges.com\/index.php?rest_route=\/wp\/v2\/posts\/22142\/revisions"}],"predecessor-version":[{"id":22144,"href":"https:\/\/www.africanchallenges.com\/index.php?rest_route=\/wp\/v2\/posts\/22142\/revisions\/22144"}],"wp:featuredmedia":[{"embeddable":true,"href":"https:\/\/www.africanchallenges.com\/index.php?rest_route=\/wp\/v2\/media\/17477"}],"wp:attachment":[{"href":"https:\/\/www.africanchallenges.com\/index.php?rest_route=%2Fwp%2Fv2%2Fmedia&parent=22142"}],"wp:term":[{"taxonomy":"category","embeddable":true,"href":"https:\/\/www.africanchallenges.com\/index.php?rest_route=%2Fwp%2Fv2%2Fcategories&post=22142"},{"taxonomy":"post_tag","embeddable":true,"href":"https:\/\/www.africanchallenges.com\/index.php?rest_route=%2Fwp%2Fv2%2Ftags&post=22142"}],"curies":[{"name":"wp","href":"https:\/\/api.w.org\/{rel}","templated":true}]}}