{"id":22046,"date":"2020-10-23T08:56:51","date_gmt":"2020-10-23T08:56:51","guid":{"rendered":"http:\/\/www.africanchallenges.com\/?p=22046"},"modified":"2020-10-23T09:01:58","modified_gmt":"2020-10-23T09:01:58","slug":"tunisie-demission-de-la-conseillere-en-communication-de-la-presidence-de-la-republique-rachida-ennaifer","status":"publish","type":"post","link":"https:\/\/www.africanchallenges.com\/?p=22046","title":{"rendered":"Tunisie : D\u00e9mission de la conseill\u00e8re en communication de la pr\u00e9sidence de la R\u00e9publique, Rachida Enna\u00effer"},"content":{"rendered":"\n\n\n<p><strong>La conseill\u00e8re en communication de la pr\u00e9sidence de la R\u00e9publique, Rachida Enna\u00effer, a annonc\u00e9 hier jeudi 23 octobre 2020 durant la soir\u00e9e, \u00a0dans post \u00a0sur son profil Facebook qu\u2019elle allait fermer son compte officiel et a invit\u00e9 ses amis \u00e0 la rejoindre sur son compte personnel.<\/strong><\/p>\n<p>Dans une d\u00e9claration accord\u00e9e aux m\u00e9dias , ce vendredi 23 octobre 2020, Ennaifer a confirm\u00e9 sa d\u00e9mission de son poste.<\/p>\n<p>Elle a expliqu\u00e9 qu&rsquo;elle avait pr\u00e9sent\u00e9 sa d\u00e9mission depuis un certain temps, mais que le pr\u00e9sident de la R\u00e9publique ne l&rsquo;avait accept\u00e9 que le 22 octobre.<\/p>\n<p>Rachida Enna\u00effer a pr\u00e9cis\u00e9 que sa d\u00e9mission est due \u00e0 sa non satisfaction \u00a0de la mani\u00e8re avec laquelle le travail \u00e9tait fait. Elle a ajout\u00e9 qu&rsquo;elle restait cependant l&rsquo;un des soutiens du pr\u00e9sident de la R\u00e9publique Ka\u00efs Sa\u00efed qui porte \u00a0un vrai projet pour la Tunisie.<\/p>\n<p><img fetchpriority=\"high\" decoding=\"async\" class=\"alignnone wp-image-22049 size-full\" src=\"https:\/\/www.africanchallenges.com\/wp-content\/uploads\/2020\/10\/Ennaifer1.png\" alt=\"\" width=\"615\" height=\"540\" srcset=\"https:\/\/www.africanchallenges.com\/wp-content\/uploads\/2020\/10\/Ennaifer1.png 615w, https:\/\/www.africanchallenges.com\/wp-content\/uploads\/2020\/10\/Ennaifer1-300x263.png 300w\" sizes=\"(max-width: 615px) 100vw, 615px\" \/><\/p>\n<p>\u00a0<\/p>\n<p>\u00a0<\/p>\n","protected":false},"excerpt":{"rendered":"La conseill\u00e8re en communication de la pr\u00e9sidence de la R\u00e9publique, Rachida Enna\u00effer, a annonc\u00e9 hier jeudi 23 octobre 2020 durant la soir\u00e9e, \u00a0dans post \u00a0sur son profil Facebook qu\u2019elle allait fermer son compte officiel et a invit\u00e9 ses amis \u00e0 la rejoindre sur son compte personnel. Dans une d\u00e9claration accord\u00e9e aux m\u00e9dias , ce vendredi [...]","protected":false},"author":3,"featured_media":22047,"comment_status":"open","ping_status":"closed","sticky":false,"template":"","format":"standard","meta":{"content-type":"","jnews-multi-image_gallery":[],"jnews_single_post":{"subtitle":"","format":"standard","video":"","gallery":"","source_name":"","source_url":"","via_name":"","via_url":"","override":[{"single_blog_custom":"","sidebar":"","second_sidebar":"","share_position":"","share_float_style":"","post_date_format":"","post_date_format_custom":"","post_reading_time_wpm":"","zoom_button_out_step":"1","zoom_button_in_step":"1","number_popup_post":"1"}],"image_override":[{"single_post_thumbnail_size":"","single_post_gallery_size":""}],"trending_post_position":"","trending_post_label":"","sponsored_post_label":"","sponsored_post_name":"","sponsored_post_url":"","sponsored_post_logo":"","sponsored_post_desc":""},"jnews_primary_category":{"id":""},"jnews_override_bookmark_settings":[],"jnews_review":[],"enable_review":"","type":"","name":"","summary":"","brand":"","sku":"","good":[],"bad":[],"score_override":"","override_value":"","rating":[],"price":[],"jnews_post_split":[],"footnotes":""},"categories":[2],"tags":[2569,561,5850],"class_list":["post-22046","post","type-post","status-publish","format-standard","has-post-thumbnail","hentry","category-news-politique","tag-demission","tag-presidence-de-la-republique","tag-rachida-ennaifer"],"_links":{"self":[{"href":"https:\/\/www.africanchallenges.com\/index.php?rest_route=\/wp\/v2\/posts\/22046","targetHints":{"allow":["GET"]}}],"collection":[{"href":"https:\/\/www.africanchallenges.com\/index.php?rest_route=\/wp\/v2\/posts"}],"about":[{"href":"https:\/\/www.africanchallenges.com\/index.php?rest_route=\/wp\/v2\/types\/post"}],"author":[{"embeddable":true,"href":"https:\/\/www.africanchallenges.com\/index.php?rest_route=\/wp\/v2\/users\/3"}],"replies":[{"embeddable":true,"href":"https:\/\/www.africanchallenges.com\/index.php?rest_route=%2Fwp%2Fv2%2Fcomments&post=22046"}],"version-history":[{"count":3,"href":"https:\/\/www.africanchallenges.com\/index.php?rest_route=\/wp\/v2\/posts\/22046\/revisions"}],"predecessor-version":[{"id":22052,"href":"https:\/\/www.africanchallenges.com\/index.php?rest_route=\/wp\/v2\/posts\/22046\/revisions\/22052"}],"wp:featuredmedia":[{"embeddable":true,"href":"https:\/\/www.africanchallenges.com\/index.php?rest_route=\/wp\/v2\/media\/22047"}],"wp:attachment":[{"href":"https:\/\/www.africanchallenges.com\/index.php?rest_route=%2Fwp%2Fv2%2Fmedia&parent=22046"}],"wp:term":[{"taxonomy":"category","embeddable":true,"href":"https:\/\/www.africanchallenges.com\/index.php?rest_route=%2Fwp%2Fv2%2Fcategories&post=22046"},{"taxonomy":"post_tag","embeddable":true,"href":"https:\/\/www.africanchallenges.com\/index.php?rest_route=%2Fwp%2Fv2%2Ftags&post=22046"}],"curies":[{"name":"wp","href":"https:\/\/api.w.org\/{rel}","templated":true}]}}