{"id":2197,"date":"2018-09-19T18:50:43","date_gmt":"2018-09-19T18:50:43","guid":{"rendered":"http:\/\/www.africanchallenges.com\/?p=2197"},"modified":"2018-09-19T18:52:26","modified_gmt":"2018-09-19T18:52:26","slug":"tunisie-lugtt-et-lutica-signent-signe-laccord-de-majoration-salariale-dans-le-secteur-prive","status":"publish","type":"post","link":"https:\/\/www.africanchallenges.com\/?p=2197","title":{"rendered":"Tunisie : l\u2019UGTT et l\u2019UTICA signent l\u2019accord de majoration salariale dans le secteur priv\u00e9"},"content":{"rendered":"<p><strong>L\u2019accord relatif \u00e0 la majoration salariale dans le secteur priv\u00e9 a \u00e9t\u00e9 sign\u00e9 entre l\u2019Union g\u00e9n\u00e9rale tunisienne du travail (UGTT) et l\u2019Union tunisienne de l\u2019industrie, du commerce et de l\u2019artisanat (UTICA).<\/strong><\/p>\n<p>Cet accord a \u00e9t\u00e9 sig\u00e9 par le secr\u00e9taire g\u00e9n\u00e9ral de l\u2019UGTT, Nourredine Taboubi et le Pr\u00e9sident de l\u2019UTICA, Samir Majoul,.en pr\u00e9sence du chef du gouvernement, Youssef Chahed et le ministre des Affaires Sociales.<\/p>\n<p>L\u2019accord pr\u00e9voit une majoration de 6.5% .<\/p>\n<p>La majoration concerne le salaire de base et les primes fixes au titre de 2018 et de 2019.<\/p>\n<p>Les prochaines n\u00e9gociations devront d\u00e9marrer fin mars 2020.<\/p>\n<p>Selon Taboubi, ce document qui a \u00e9t\u00e9 sign\u00e9 conform\u00e9ment \u00e0 l\u2019accord conclu le 10 mars 2017 est \u201cun pas vers la stabilit\u00e9\u201d dans la mesure o\u00f9 il permettra d\u2019accroitre le pouvoir d\u2019achat de la classe ouvri\u00e8re.<\/p>\n<p>Il a, par ailleurs, mis l\u2019accent sur la n\u00e9cessit\u00e9 d\u2019augmenter les salaires dans le secteur public conform\u00e9ment aux accords conclus.<\/p>\n<p>De son c\u00f4t\u00e9, le pr\u00e9sident de l\u2019UTICA a estim\u00e9 que les entreprises sont aujourd\u2019hui en crise, mettant l\u2019accent sur la n\u00e9cessit\u00e9 de d\u00e9velopper la productivit\u00e9 et l\u2019\u00e9conomie.<\/p>\n<p>Selon lui, il n\u2019existe pas de conflits entre le patronat et la centrale syndicale, assurant que le dialogue demeure le seul moyen pour surmonter les probl\u00e8mes.<\/p>\n<p>Le chef du gouvernent, Youssef Chahed, soulignera pour sa part l\u2019importance de cet accord qui, selon lui, permettra la signature d\u2019autres accords relatifs notamment \u00e0 la question des caisses sociales. Ce qui sera \u00e0 m\u00eame de\u00a0contribuer \u00e0 l\u2019apaisement du climat social.<\/p>\n<p><strong>Avec TAP<\/strong><\/p>\n<p>&nbsp;<\/p>\n","protected":false},"excerpt":{"rendered":"<p>L\u2019accord relatif \u00e0 la majoration salariale dans le secteur priv\u00e9 a \u00e9t\u00e9 sign\u00e9 entre l\u2019Union g\u00e9n\u00e9rale tunisienne du travail (UGTT) et l\u2019Union tunisienne de l\u2019industrie, du commerce et de l\u2019artisanat (UTICA). Cet accord a \u00e9t\u00e9 sig\u00e9 par le secr\u00e9taire g\u00e9n\u00e9ral de l\u2019UGTT, Nourredine Taboubi et le Pr\u00e9sident de l\u2019UTICA, Samir Majoul,.en pr\u00e9sence du chef du [&hellip;]<\/p>\n","protected":false},"author":3,"featured_media":2199,"comment_status":"open","ping_status":"closed","sticky":false,"template":"","format":"standard","meta":{"content-type":"","jnews-multi-image_gallery":[],"jnews_single_post":{"override_template":"0","override":[{"template":"1","parallax":"1","fullscreen":"0","layout":"right-sidebar","sidebar":"default-sidebar","second_sidebar":"default-sidebar","sticky_sidebar":"1","share_position":"top","share_float_style":"share-monocrhome","show_share_counter":"1","show_view_counter":"1","show_featured":"1","show_post_meta":"1","show_post_author":"1","show_post_author_image":"1","show_post_date":"1","post_date_format":"default","post_date_format_custom":"Y\/m\/d","show_post_category":"1","show_post_tag":"1","show_prev_next_post":"1","show_popup_post":"1","number_popup_post":"1","show_author_box":"0","show_post_related":"1","show_inline_post_related":"0"}],"override_image_size":"0","image_override":[{"single_post_thumbnail_size":"crop-500","single_post_gallery_size":"crop-500"}]},"jnews_primary_category":{"id":""},"jnews_override_bookmark_settings":[],"jnews_review":[],"enable_review":"","type":"","name":"","summary":"","brand":"","sku":"","good":[],"bad":[],"score_override":"","override_value":"","rating":[],"price":[],"jnews_post_split":[],"footnotes":""},"categories":[43,73],"tags":[1103,1102,1106,421,1104,1105,411],"class_list":["post-2197","post","type-post","status-publish","format-standard","has-post-thumbnail","hentry","category-eco-business","category-eco","tag-accord","tag-majoration-salariale","tag-nourredine-taboubi","tag-samir-majoul","tag-ugtt","tag-utica","tag-youssef-chahed"],"_links":{"self":[{"href":"https:\/\/www.africanchallenges.com\/index.php?rest_route=\/wp\/v2\/posts\/2197","targetHints":{"allow":["GET"]}}],"collection":[{"href":"https:\/\/www.africanchallenges.com\/index.php?rest_route=\/wp\/v2\/posts"}],"about":[{"href":"https:\/\/www.africanchallenges.com\/index.php?rest_route=\/wp\/v2\/types\/post"}],"author":[{"embeddable":true,"href":"https:\/\/www.africanchallenges.com\/index.php?rest_route=\/wp\/v2\/users\/3"}],"replies":[{"embeddable":true,"href":"https:\/\/www.africanchallenges.com\/index.php?rest_route=%2Fwp%2Fv2%2Fcomments&post=2197"}],"version-history":[{"count":3,"href":"https:\/\/www.africanchallenges.com\/index.php?rest_route=\/wp\/v2\/posts\/2197\/revisions"}],"predecessor-version":[{"id":2203,"href":"https:\/\/www.africanchallenges.com\/index.php?rest_route=\/wp\/v2\/posts\/2197\/revisions\/2203"}],"wp:featuredmedia":[{"embeddable":true,"href":"https:\/\/www.africanchallenges.com\/index.php?rest_route=\/wp\/v2\/media\/2199"}],"wp:attachment":[{"href":"https:\/\/www.africanchallenges.com\/index.php?rest_route=%2Fwp%2Fv2%2Fmedia&parent=2197"}],"wp:term":[{"taxonomy":"category","embeddable":true,"href":"https:\/\/www.africanchallenges.com\/index.php?rest_route=%2Fwp%2Fv2%2Fcategories&post=2197"},{"taxonomy":"post_tag","embeddable":true,"href":"https:\/\/www.africanchallenges.com\/index.php?rest_route=%2Fwp%2Fv2%2Ftags&post=2197"}],"curies":[{"name":"wp","href":"https:\/\/api.w.org\/{rel}","templated":true}]}}