{"id":2182,"date":"2018-09-18T22:16:29","date_gmt":"2018-09-18T22:16:29","guid":{"rendered":"http:\/\/www.africanchallenges.com\/?p=2182"},"modified":"2018-09-18T22:16:29","modified_gmt":"2018-09-18T22:16:29","slug":"tunisie-jhinaoui-a-la-tete-de-la-delegation-tunisienne-lors-de-la-73e-session-de-lag-de-lonu","status":"publish","type":"post","link":"https:\/\/www.africanchallenges.com\/?p=2182","title":{"rendered":"Tunisie : Jhinaoui \u00e0 la t\u00eate de la d\u00e9l\u00e9gation tunisienne lors de la 73e session de l\u2019AG de l\u2019ONU"},"content":{"rendered":"<p><strong>Le pr\u00e9sident de la R\u00e9publique, B\u00e9ji Caid Essebsi a re\u00e7u, ce mardi 18 septembre, au palais de Carthage, le ministre des Affaires \u00e9trang\u00e8res, Khema\u00efes Jhinaoui.<\/strong><\/p>\n<p>M. Khema\u00efes Jhinaoui a d\u00e9clar\u00e9 que le chef de l\u2019Etat lui a charg\u00e9 de conduire une d\u00e9l\u00e9gation tunisienne \u00e0 la 73e session de l\u2019Assembl\u00e9e g\u00e9n\u00e9rale des Nations unies.<\/p>\n<p>Au cours de sa rencontre avec le chef de l\u2019Etat, Jhinaoui a soulign\u00e9 la n\u00e9cessit\u00e9 de mobiliser le soutien autour de la candidature de la Tunisie en tant que membre non-permanent au Conseil de s\u00e9curit\u00e9 pour la p\u00e9riode 2020-2021.<\/p>\n<p>Selon un communiqu\u00e9 de la pr\u00e9sidence de la R\u00e9publique, la rencontre a permis d\u2019examiner les d\u00e9veloppements de la situation en Libye et la rencontre tripartite attendue entre les ministres des Affaires \u00e9trang\u00e8res de Tunisie, d\u2019Alg\u00e9rie et d\u2019Egypte pr\u00e9vue en octobre prochain au Caire dans le cadre des efforts pour l\u2019impulsion du processus politique en Libye et le r\u00e9tablissement de la paix et de la s\u00e9curit\u00e9 dans ce pays.<\/p>\n<p>La rencontre a \u00e9galement permis de passer en revue les prochaines \u00e9ch\u00e9ances diplomatiques dont notamment la participation de la Tunisie au 17e Sommet de l\u2019Organisation de la Francophonie pr\u00e9vue en octobre prochain en Arm\u00e9nie.<\/p>\n<p><strong>\u00a0<\/strong><\/p>\n<p>&nbsp;<\/p>\n","protected":false},"excerpt":{"rendered":"<p>Le pr\u00e9sident de la R\u00e9publique, B\u00e9ji Caid Essebsi a re\u00e7u, ce mardi 18 septembre, au palais de Carthage, le ministre des Affaires \u00e9trang\u00e8res, Khema\u00efes Jhinaoui. M. Khema\u00efes Jhinaoui a d\u00e9clar\u00e9 que le chef de l\u2019Etat lui a charg\u00e9 de conduire une d\u00e9l\u00e9gation tunisienne \u00e0 la 73e session de l\u2019Assembl\u00e9e g\u00e9n\u00e9rale des Nations unies. Au cours [&hellip;]<\/p>\n","protected":false},"author":3,"featured_media":2185,"comment_status":"open","ping_status":"closed","sticky":false,"template":"","format":"standard","meta":{"content-type":"","jnews-multi-image_gallery":[],"jnews_single_post":{"override_template":"0","override":[{"template":"1","parallax":"1","fullscreen":"0","layout":"right-sidebar","sidebar":"default-sidebar","second_sidebar":"default-sidebar","sticky_sidebar":"1","share_position":"top","share_float_style":"share-monocrhome","show_share_counter":"1","show_view_counter":"1","show_featured":"1","show_post_meta":"1","show_post_author":"1","show_post_author_image":"1","show_post_date":"1","post_date_format":"default","post_date_format_custom":"Y\/m\/d","show_post_category":"1","show_post_tag":"1","show_prev_next_post":"1","show_popup_post":"1","number_popup_post":"1","show_author_box":"0","show_post_related":"1","show_inline_post_related":"0"}],"override_image_size":"0","image_override":[{"single_post_thumbnail_size":"crop-500","single_post_gallery_size":"crop-500"}]},"jnews_primary_category":{"id":""},"jnews_override_bookmark_settings":[],"jnews_review":[],"enable_review":"","type":"","name":"","summary":"","brand":"","sku":"","good":[],"bad":[],"score_override":"","override_value":"","rating":[],"price":[],"jnews_post_split":[],"footnotes":""},"categories":[2],"tags":[1098,329,1097,1013,1099],"class_list":["post-2182","post","type-post","status-publish","format-standard","has-post-thumbnail","hentry","category-news-politique","tag-assemblee-generale","tag-beji-caid-essebsi","tag-delegation-tunisienne","tag-khemaies-jhinaoui","tag-nations-unies"],"_links":{"self":[{"href":"https:\/\/www.africanchallenges.com\/index.php?rest_route=\/wp\/v2\/posts\/2182","targetHints":{"allow":["GET"]}}],"collection":[{"href":"https:\/\/www.africanchallenges.com\/index.php?rest_route=\/wp\/v2\/posts"}],"about":[{"href":"https:\/\/www.africanchallenges.com\/index.php?rest_route=\/wp\/v2\/types\/post"}],"author":[{"embeddable":true,"href":"https:\/\/www.africanchallenges.com\/index.php?rest_route=\/wp\/v2\/users\/3"}],"replies":[{"embeddable":true,"href":"https:\/\/www.africanchallenges.com\/index.php?rest_route=%2Fwp%2Fv2%2Fcomments&post=2182"}],"version-history":[{"count":3,"href":"https:\/\/www.africanchallenges.com\/index.php?rest_route=\/wp\/v2\/posts\/2182\/revisions"}],"predecessor-version":[{"id":2186,"href":"https:\/\/www.africanchallenges.com\/index.php?rest_route=\/wp\/v2\/posts\/2182\/revisions\/2186"}],"wp:featuredmedia":[{"embeddable":true,"href":"https:\/\/www.africanchallenges.com\/index.php?rest_route=\/wp\/v2\/media\/2185"}],"wp:attachment":[{"href":"https:\/\/www.africanchallenges.com\/index.php?rest_route=%2Fwp%2Fv2%2Fmedia&parent=2182"}],"wp:term":[{"taxonomy":"category","embeddable":true,"href":"https:\/\/www.africanchallenges.com\/index.php?rest_route=%2Fwp%2Fv2%2Fcategories&post=2182"},{"taxonomy":"post_tag","embeddable":true,"href":"https:\/\/www.africanchallenges.com\/index.php?rest_route=%2Fwp%2Fv2%2Ftags&post=2182"}],"curies":[{"name":"wp","href":"https:\/\/api.w.org\/{rel}","templated":true}]}}