{"id":21694,"date":"2020-10-15T15:59:18","date_gmt":"2020-10-15T15:59:18","guid":{"rendered":"http:\/\/www.africanchallenges.com\/?p=21694"},"modified":"2020-10-15T16:13:52","modified_gmt":"2020-10-15T16:13:52","slug":"tunisie-abir-moussi-menace-de-recourir-a-la-justice-internationale-en-cas-de-non-satisfaction-de-son-recours-en-annulation-contre-la-repartition-des-taches-au-sein-du-bureau-du-parlement","status":"publish","type":"post","link":"https:\/\/www.africanchallenges.com\/?p=21694","title":{"rendered":"Tunisie : Abir Moussi menace de recourir \u00e0 la justice internationale en cas de non-satisfaction de son recours en annulation contre la r\u00e9partition des t\u00e2ches au sein du bureau du Parlement"},"content":{"rendered":"\n<p><strong>Dans un live publi\u00e9 sur sa page facebook , la pr\u00e9sidente du Parti destourien libre (PDL), Abir Moussi, a menac\u00e9, ce jeudi 15 octobre 2020, de recourir \u00e0 la justice internationale en cas de non-satisfaction de son recours en annulation contre la r\u00e9partition des t\u00e2ches au sein du bureau du Parlement et des commissions parlementaires.<\/strong><\/p>\n<p>Elle a annonc\u00e9 qu\u2019elle avait d\u00e9pos\u00e9 une plainte aupr\u00e8s du Tribunal administratif accusant, par la m\u00eame occasion, le pr\u00e9sident du tribunal de d\u00e9passement d\u00e9lib\u00e9r\u00e9 du d\u00e9lai l\u00e9gal sur cette affaire.<\/p>\n<p>Moussi \u00a0a, \u00e9galement, d\u00e9nonc\u00e9 la d\u00e9cision du bureau du Parlement d\u2019autoriser le vote \u00e0 distance, dans le cadre des mesures exceptionnelles visant \u00e0 assurer la continuit\u00e9 de service au sein du Parlement dans ce contexte de crise sanitaire.<\/p>\n<p>Elle a signal\u00e9 que cette op\u00e9ration manquait de transparence et permettrait aux d\u00e9put\u00e9s de voter \u00e0 la place de leurs coll\u00e8gues.<\/p>\n<p>Abir Moussi est, par ailleurs, revenue sur l\u2019initiative l\u00e9gislative visant \u00e0 amender le d\u00e9cret 116 soulignant son rejet de ce projet.<\/p>\n<p>Elle a not\u00e9 que l\u2019objectif des amendements souhait\u00e9s n\u2019\u00e9tait pas de promouvoir l\u2019investissement dans ce secteur mais plut\u00f4t \u201cr\u00e9gulariser la situation de certains propri\u00e9taires de m\u00e9dias\u201d.\u00a0<\/p>\n<p>https:\/\/www.facebook.com\/AbirMoussiOfficielle\/videos\/346228833471816\/<\/p>\n<p>\u00a0<\/p>\n<p>\u00a0<\/p>\n<p>\u00a0<\/p>\n<p>\u00a0<\/p>\n","protected":false},"excerpt":{"rendered":"Dans un live publi\u00e9 sur sa page facebook , la pr\u00e9sidente du Parti destourien libre (PDL), Abir Moussi, a menac\u00e9, ce jeudi 15 octobre 2020, de recourir \u00e0 la justice internationale en cas de non-satisfaction de son recours en annulation contre la r\u00e9partition des t\u00e2ches au sein du bureau du Parlement et des commissions parlementaires. [...]","protected":false},"author":4,"featured_media":21697,"comment_status":"open","ping_status":"closed","sticky":false,"template":"","format":"standard","meta":{"content-type":"","jnews-multi-image_gallery":[],"jnews_single_post":{"subtitle":"","format":"standard","video":"","gallery":"","source_name":"","source_url":"","via_name":"","via_url":"","override":[{"single_blog_custom":"","sidebar":"","second_sidebar":"","share_position":"","share_float_style":"","post_date_format":"","post_date_format_custom":"","post_reading_time_wpm":"","zoom_button_out_step":"1","zoom_button_in_step":"1","number_popup_post":"1"}],"image_override":[{"single_post_thumbnail_size":"","single_post_gallery_size":""}],"trending_post_position":"","trending_post_label":"","sponsored_post_label":"","sponsored_post_name":"","sponsored_post_url":"","sponsored_post_logo":"","sponsored_post_desc":""},"jnews_primary_category":{"id":""},"jnews_override_bookmark_settings":[],"jnews_review":[],"enable_review":"","type":"","name":"","summary":"","brand":"","sku":"","good":[],"bad":[],"score_override":"","override_value":"","rating":[],"price":[],"jnews_post_split":[],"footnotes":""},"categories":[2],"tags":[4157,711,5717,5716,899],"class_list":["post-21694","post","type-post","status-publish","format-standard","has-post-thumbnail","hentry","category-news-politique","tag-abir-moussi","tag-annulation","tag-bureau-du-parlement","tag-justice-internationale","tag-repartition"],"_links":{"self":[{"href":"https:\/\/www.africanchallenges.com\/index.php?rest_route=\/wp\/v2\/posts\/21694","targetHints":{"allow":["GET"]}}],"collection":[{"href":"https:\/\/www.africanchallenges.com\/index.php?rest_route=\/wp\/v2\/posts"}],"about":[{"href":"https:\/\/www.africanchallenges.com\/index.php?rest_route=\/wp\/v2\/types\/post"}],"author":[{"embeddable":true,"href":"https:\/\/www.africanchallenges.com\/index.php?rest_route=\/wp\/v2\/users\/4"}],"replies":[{"embeddable":true,"href":"https:\/\/www.africanchallenges.com\/index.php?rest_route=%2Fwp%2Fv2%2Fcomments&post=21694"}],"version-history":[{"count":2,"href":"https:\/\/www.africanchallenges.com\/index.php?rest_route=\/wp\/v2\/posts\/21694\/revisions"}],"predecessor-version":[{"id":21698,"href":"https:\/\/www.africanchallenges.com\/index.php?rest_route=\/wp\/v2\/posts\/21694\/revisions\/21698"}],"wp:featuredmedia":[{"embeddable":true,"href":"https:\/\/www.africanchallenges.com\/index.php?rest_route=\/wp\/v2\/media\/21697"}],"wp:attachment":[{"href":"https:\/\/www.africanchallenges.com\/index.php?rest_route=%2Fwp%2Fv2%2Fmedia&parent=21694"}],"wp:term":[{"taxonomy":"category","embeddable":true,"href":"https:\/\/www.africanchallenges.com\/index.php?rest_route=%2Fwp%2Fv2%2Fcategories&post=21694"},{"taxonomy":"post_tag","embeddable":true,"href":"https:\/\/www.africanchallenges.com\/index.php?rest_route=%2Fwp%2Fv2%2Ftags&post=21694"}],"curies":[{"name":"wp","href":"https:\/\/api.w.org\/{rel}","templated":true}]}}