{"id":21306,"date":"2020-10-07T13:52:58","date_gmt":"2020-10-07T13:52:58","guid":{"rendered":"http:\/\/www.africanchallenges.com\/?p=21306"},"modified":"2020-10-07T14:05:39","modified_gmt":"2020-10-07T14:05:39","slug":"tunisie-lagence-de-notation-moodys-modifie-les-perspectives-de-la-tunisie-en-negatives-en-confirmant-la-notation-demetteur-b2","status":"publish","type":"post","link":"https:\/\/www.africanchallenges.com\/?p=21306","title":{"rendered":"Tunisie : L\u2019agence de notation Moody&rsquo;s modifie les perspectives de la Tunisie en n\u00e9gatives en confirmant la notation d\u2019\u00e9metteur B2"},"content":{"rendered":"\n<p class=\"wp-block-paragraph\"><strong>Dans un communiqu\u00e9 publi\u00e9 ce mercredi 7 octobre 2020, l\u2019agence de notation Moody&rsquo;s a annonc\u00e9 \u00a0la modification des perspectives de la Tunisie en n\u00e9gatives et ce, tout en confirmant la notation d\u2019\u00e9metteur B2.<\/strong><\/p>\n\n\n\n<p class=\"wp-block-paragraph\">Idem l\u2019agence de notation a confirm\u00e9 la notation B2 de la Banque centrale de Tunisie mais change les perspectives en n\u00e9gatives.<\/p>\n\n\n\n<p class=\"wp-block-paragraph\">A rappeler la BCT est l\u00e9galement responsable des paiements sur toutes les cr\u00e9ances du gouvernement.<\/p>\n\n\n\n<p class=\"wp-block-paragraph\">Moody&rsquo;s a indiqu\u00e9, dans ce cadre : \u00ab Ceci conclut la revue de d\u00e9classement initi\u00e9e le 17 avril 2020 \u00bb.<\/p>\n\n\n\n<p class=\"wp-block-paragraph\">\u00ab La confirmation de la notation B2 refl\u00e8te la r\u00e9silience au niveau des r\u00e9serves de change observ\u00e9e depuis l\u2019ouverture de la revue, ce qui constitue un filet de s\u00e9curit\u00e9 pour les engagements ext\u00e9rieurs arrivant \u00e0 \u00e9ch\u00e9ance au cours de l&rsquo;ann\u00e9e prochaine \u00bb, a expliqu\u00e9 l\u2019agence .<\/p>\n\n\n\n<p class=\"wp-block-paragraph\">&nbsp;\u00ab la mise en place d\u2019un nouveau gouvernement de technocrates en septembre dernier, soutient l\u2019\u00e9valuation de Moody\u2019s selon laquelle les institutions et la gouvernance tunisiennes contribueront \u00e0 la continuit\u00e9 des politiques, ce qui se traduira probablement, par la mise en \u0153uvre de r\u00e9formes fiscales et \u00e9conomiques \u00e0 moyen terme, dans le cadre d\u2019un nouveau programme du FMI \u00bb. a-t-elle ajout\u00e9.<\/p>\n\n\n\n<p class=\"wp-block-paragraph\">\u00ab Les perspectives n\u00e9gatives refl\u00e9taient les d\u00e9fis \u00e9conomiques, financiers, sociaux et politiques auxquels le gouvernement est confront\u00e9, dans la mise en \u0153uvre de l\u2019assainissement fiscal et des r\u00e9formes structurelles n\u00e9cessaires pour obtenir un soutien officiel et maintenir des options de financement fiables, vu que les risques de refinancement pr\u00e9valent avant les prochaines \u00e9ch\u00e9ances des euro-obligations \u00bb, a pr\u00e9cis\u00e9 Moody&rsquo;s.<\/p>\n\n\n\n<p class=\"wp-block-paragraph\">Idem l\u2019agence de notation a confirm\u00e9 la notation B2 de la Banque centrale de Tunisie mais change les perspectives en n\u00e9gatives.<\/p>\n\n\n\n<p class=\"wp-block-paragraph\">A rappeler la BCT est l\u00e9galement responsable des paiements sur toutes les cr\u00e9ances du gouvernement.<\/p>\n\n\n\n<p class=\"wp-block-paragraph\">Moody&rsquo;s a indiqu\u00e9, dans ce cadre : \u00ab Ceci conclut la revue de d\u00e9classement initi\u00e9e le 17 avril 2020 \u00bb.<\/p>\n\n\n\n<p class=\"wp-block-paragraph\">\u00ab La confirmation de la notation B2 refl\u00e8te la r\u00e9silience au niveau des r\u00e9serves de change observ\u00e9e depuis l\u2019ouverture de la revue, ce qui constitue un filet de s\u00e9curit\u00e9 pour les engagements ext\u00e9rieurs arrivant \u00e0 \u00e9ch\u00e9ance au cours de l&rsquo;ann\u00e9e prochaine \u00bb, a expliqu\u00e9 l\u2019agence .<\/p>\n\n\n\n<p class=\"wp-block-paragraph\">&nbsp;\u00ab la mise en place d\u2019un nouveau gouvernement de technocrates en septembre dernier, soutient l\u2019\u00e9valuation de Moody\u2019s selon laquelle les institutions et la gouvernance tunisiennes contribueront \u00e0 la continuit\u00e9 des politiques, ce qui se traduira probablement, par la mise en \u0153uvre de r\u00e9formes fiscales et \u00e9conomiques \u00e0 moyen terme, dans le cadre d\u2019un nouveau programme du FMI \u00bb. a-t-elle ajout\u00e9.<\/p>\n\n\n\n<p class=\"wp-block-paragraph\">\u00ab Les perspectives n\u00e9gatives refl\u00e9taient les d\u00e9fis \u00e9conomiques, financiers, sociaux et politiques auxquels le gouvernement est confront\u00e9, dans la mise en \u0153uvre de l\u2019assainissement fiscal et des r\u00e9formes structurelles n\u00e9cessaires pour obtenir un soutien officiel et maintenir des options de financement fiables, vu que les risques de refinancement pr\u00e9valent avant les prochaines \u00e9ch\u00e9ances des euro-obligations \u00bb, a pr\u00e9cis\u00e9 Moody&rsquo;s.<\/p>\n\n\n","protected":false},"excerpt":{"rendered":"<p>Dans un communiqu\u00e9 publi\u00e9 ce mercredi 7 octobre 2020, l\u2019agence de notation Moody&rsquo;s a annonc\u00e9 \u00a0la modification des perspectives de la Tunisie en n\u00e9gatives et ce, tout en confirmant la notation d\u2019\u00e9metteur B2. Idem l\u2019agence de notation a confirm\u00e9 la notation B2 de la Banque centrale de Tunisie mais change les perspectives en n\u00e9gatives. A [&hellip;]<\/p>\n","protected":false},"author":4,"featured_media":13733,"comment_status":"open","ping_status":"closed","sticky":false,"template":"","format":"standard","meta":{"content-type":"","jnews-multi-image_gallery":[],"jnews_single_post":{"subtitle":"","format":"standard","video":"","gallery":"","source_name":"","source_url":"","via_name":"","via_url":"","override":[{"single_blog_custom":"","sidebar":"","second_sidebar":"","share_position":"","share_float_style":"","post_date_format":"","post_date_format_custom":"","post_reading_time_wpm":"","zoom_button_out_step":"1","zoom_button_in_step":"1","number_popup_post":"1"}],"image_override":[{"single_post_thumbnail_size":"","single_post_gallery_size":""}],"trending_post_position":"","trending_post_label":"","sponsored_post_label":"","sponsored_post_name":"","sponsored_post_url":"","sponsored_post_logo":"","sponsored_post_desc":""},"jnews_primary_category":{"id":""},"jnews_override_bookmark_settings":[],"jnews_review":[],"enable_review":"","type":"","name":"","summary":"","brand":"","sku":"","good":[],"bad":[],"score_override":"","override_value":"","rating":[],"price":[],"jnews_post_split":[],"footnotes":""},"categories":[43,73],"tags":[3960],"class_list":["post-21306","post","type-post","status-publish","format-standard","has-post-thumbnail","hentry","category-eco-business","category-eco","tag-perspectives"],"_links":{"self":[{"href":"https:\/\/www.africanchallenges.com\/index.php?rest_route=\/wp\/v2\/posts\/21306","targetHints":{"allow":["GET"]}}],"collection":[{"href":"https:\/\/www.africanchallenges.com\/index.php?rest_route=\/wp\/v2\/posts"}],"about":[{"href":"https:\/\/www.africanchallenges.com\/index.php?rest_route=\/wp\/v2\/types\/post"}],"author":[{"embeddable":true,"href":"https:\/\/www.africanchallenges.com\/index.php?rest_route=\/wp\/v2\/users\/4"}],"replies":[{"embeddable":true,"href":"https:\/\/www.africanchallenges.com\/index.php?rest_route=%2Fwp%2Fv2%2Fcomments&post=21306"}],"version-history":[{"count":2,"href":"https:\/\/www.africanchallenges.com\/index.php?rest_route=\/wp\/v2\/posts\/21306\/revisions"}],"predecessor-version":[{"id":21308,"href":"https:\/\/www.africanchallenges.com\/index.php?rest_route=\/wp\/v2\/posts\/21306\/revisions\/21308"}],"wp:featuredmedia":[{"embeddable":true,"href":"https:\/\/www.africanchallenges.com\/index.php?rest_route=\/wp\/v2\/media\/13733"}],"wp:attachment":[{"href":"https:\/\/www.africanchallenges.com\/index.php?rest_route=%2Fwp%2Fv2%2Fmedia&parent=21306"}],"wp:term":[{"taxonomy":"category","embeddable":true,"href":"https:\/\/www.africanchallenges.com\/index.php?rest_route=%2Fwp%2Fv2%2Fcategories&post=21306"},{"taxonomy":"post_tag","embeddable":true,"href":"https:\/\/www.africanchallenges.com\/index.php?rest_route=%2Fwp%2Fv2%2Ftags&post=21306"}],"curies":[{"name":"wp","href":"https:\/\/api.w.org\/{rel}","templated":true}]}}