{"id":21201,"date":"2020-10-05T18:07:21","date_gmt":"2020-10-05T18:07:21","guid":{"rendered":"http:\/\/www.africanchallenges.com\/?p=21201"},"modified":"2020-10-05T18:12:00","modified_gmt":"2020-10-05T18:12:00","slug":"tunisie-le-parti-al-amal-soutient-les-mesures-annoncees-par-le-chef-du-gouvernement","status":"publish","type":"post","link":"https:\/\/www.africanchallenges.com\/?p=21201","title":{"rendered":"Tunisie : Le  parti \u00ab AL Amal \u00bb soutient les mesures annonc\u00e9es par le chef du gouvernement"},"content":{"rendered":"\n<p><strong>Dans le cadre \u00a0de la propagation dangereuse de la pand\u00e9mie de Corona en Tunisie et du nombre \u00e9lev\u00e9 de contaminations, le Parti \u00a0Al Amal \u00ab\u00a0l&rsquo;Espoir\u00a0\u00bb exprime sa profonde pr\u00e9occupation face \u00e0 la situation sanitaire.<\/strong><\/p>\n<p>\u00a0Apr\u00e8s avoir organis\u00e9 un atelier technique en pr\u00e9sence de sp\u00e9cialistes pour \u00e9tudier l\u2019affaire, le Parti \u00ab\u00a0l&rsquo;Espoir\u00a0\u00bb \u00a0appr\u00e9cie les mesures annonc\u00e9es par le Premier Ministre et estime qu&rsquo;elles r\u00e9pondent en grande partie aux exigences de la situation \u00e9pid\u00e9miologique actuelle.<\/p>\n<p>\u00a0Le Parti Al Amal \u00ab\u00a0l&rsquo;Espoir\u00a0\u00bb invite \u00e9galement les citoyens \u00e0 porter des masques pour atteindre rapidement un taux d&rsquo;au moins 50\u00a0%, ainsi qu&rsquo;en demandant aux pouvoirs publics de les fournir et de les distribuer gratuitement ou \u00e0 bas prix aux \u00e9tudiants, et aux \u00a0groupes vuln\u00e9rables.<\/p>\n<p>\u00a0<\/p>\n<p>\u00a0Le parti appelle \u00a0\u00e9galement les conseils municipaux \u00e0 participer activement \u00e0 cet effort en actualisant les statistiques de leurs r\u00e9gions, en augmentant les mesures de pr\u00e9vention et de st\u00e9rilisation et en allouant des cabinets t\u00e9l\u00e9phoniques pour orienter les malades.<\/p>\n<p>D\u2019autre part, le parti encourage \u00a0\u00e0 l\u2019 activation des comit\u00e9s r\u00e9gionaux pour r\u00e9sister aux catastrophes, \u00e0 d\u00e9velopper toutes les capacit\u00e9s r\u00e9gionales \u00e0 cet effet et \u00e0 permettre l\u2019exploitation du potentiel de transport du secteur priv\u00e9 afin d\u2019all\u00e9ger la forte pression exerc\u00e9e sur le transport public.<\/p>\n<p>Le parti\u00a0 a \u00a0\u00e9galement \u00a0appel\u00e9 \u00e0 l&rsquo;adoption d&rsquo;une \u00abgouvernance de crise\u00bb dans le secteur de la sant\u00e9 publique, en:<\/p>\n<ul>\n<li>Redistribuer les lits \u00e0 l&rsquo;int\u00e9rieur des h\u00f4pitaux au profit des patients covid.<\/li>\n<li>S&rsquo;appuyer sur les h\u00f4pitaux locaux et les m\u00e9decins de premi\u00e8re ligne.<\/li>\n<li>Redistribution des infirmi\u00e8res et des m\u00e9decins au sein de chaque r\u00e9gion sanitaire.<\/li>\n<li>Reprogrammation des traitements non urgents dans les h\u00f4pitaux, sauf pour les patients canc\u00e9reux.<\/li>\n<li>Activation du partenariat avec le secteur priv\u00e9, y compris les cliniques et les soci\u00e9t\u00e9s de transport de patients.<\/li>\n<\/ul>\n<p>Le parti affirme \u00e9galement la n\u00e9cessit\u00e9 de fournir tous les m\u00e9dicaments et \u00e9quipements n\u00e9cessaires pour permettre aux m\u00e9decins de jouer leur r\u00f4le dans la confrontation de la pand\u00e9mie en fonction de ce que leur conscience professionnelle leur dicte et de ce que la pand\u00e9mie exige, et tient l&rsquo;\u00c9tat dans l&rsquo;obligation de fournir toutes les exigences de pr\u00e9vention et de protection pour le personnel m\u00e9dical et param\u00e9dical et les agents des h\u00f4pitaux et de la s\u00e9curit\u00e9, car ils sont au premier rang dans la lutte contre la pand\u00e9mie.<\/p>\n<p>Enfin \u00a0le parti insiste que faire face \u00e0 la pand\u00e9mie \u00a0est un enjeu national qui n\u00e9cessite la participation de toutes les autorit\u00e9s \u00a0et l&rsquo;engagement de tous aux r\u00e8gles de base de la pr\u00e9vention et des protocoles sanitaires.<\/p>\n<p>\u00a0<\/p>\n","protected":false},"excerpt":{"rendered":"Dans le cadre \u00a0de la propagation dangereuse de la pand\u00e9mie de Corona en Tunisie et du nombre \u00e9lev\u00e9 de contaminations, le Parti \u00a0Al Amal \u00ab\u00a0l'Espoir\u00a0\u00bb exprime sa profonde pr\u00e9occupation face \u00e0 la situation sanitaire. \u00a0Apr\u00e8s avoir organis\u00e9 un atelier technique en pr\u00e9sence de sp\u00e9cialistes pour \u00e9tudier l\u2019affaire, le Parti \u00ab\u00a0l'Espoir\u00a0\u00bb \u00a0appr\u00e9cie les mesures annonc\u00e9es par [...]","protected":false},"author":3,"featured_media":21202,"comment_status":"open","ping_status":"closed","sticky":false,"template":"","format":"standard","meta":{"content-type":"","jnews-multi-image_gallery":[],"jnews_single_post":{"subtitle":"","format":"standard","video":"","gallery":"","source_name":"","source_url":"","via_name":"","via_url":"","override":[{"single_blog_custom":"","sidebar":"","second_sidebar":"","share_position":"","share_float_style":"","post_date_format":"","post_date_format_custom":"","post_reading_time_wpm":"","zoom_button_out_step":"1","zoom_button_in_step":"1","number_popup_post":"1"}],"image_override":[{"single_post_thumbnail_size":"","single_post_gallery_size":""}],"trending_post_position":"","trending_post_label":"","sponsored_post_label":"","sponsored_post_name":"","sponsored_post_url":"","sponsored_post_logo":"","sponsored_post_desc":""},"jnews_primary_category":{"id":""},"jnews_override_bookmark_settings":[],"jnews_review":[],"enable_review":"","type":"","name":"","summary":"","brand":"","sku":"","good":[],"bad":[],"score_override":"","override_value":"","rating":[],"price":[],"jnews_post_split":[],"footnotes":""},"categories":[2],"tags":[1693,4301,5568],"class_list":["post-21201","post","type-post","status-publish","format-standard","has-post-thumbnail","hentry","category-news-politique","tag-chef-du-gouvernement","tag-mesures","tag-parti-al-amal"],"_links":{"self":[{"href":"https:\/\/www.africanchallenges.com\/index.php?rest_route=\/wp\/v2\/posts\/21201","targetHints":{"allow":["GET"]}}],"collection":[{"href":"https:\/\/www.africanchallenges.com\/index.php?rest_route=\/wp\/v2\/posts"}],"about":[{"href":"https:\/\/www.africanchallenges.com\/index.php?rest_route=\/wp\/v2\/types\/post"}],"author":[{"embeddable":true,"href":"https:\/\/www.africanchallenges.com\/index.php?rest_route=\/wp\/v2\/users\/3"}],"replies":[{"embeddable":true,"href":"https:\/\/www.africanchallenges.com\/index.php?rest_route=%2Fwp%2Fv2%2Fcomments&post=21201"}],"version-history":[{"count":2,"href":"https:\/\/www.africanchallenges.com\/index.php?rest_route=\/wp\/v2\/posts\/21201\/revisions"}],"predecessor-version":[{"id":21204,"href":"https:\/\/www.africanchallenges.com\/index.php?rest_route=\/wp\/v2\/posts\/21201\/revisions\/21204"}],"wp:featuredmedia":[{"embeddable":true,"href":"https:\/\/www.africanchallenges.com\/index.php?rest_route=\/wp\/v2\/media\/21202"}],"wp:attachment":[{"href":"https:\/\/www.africanchallenges.com\/index.php?rest_route=%2Fwp%2Fv2%2Fmedia&parent=21201"}],"wp:term":[{"taxonomy":"category","embeddable":true,"href":"https:\/\/www.africanchallenges.com\/index.php?rest_route=%2Fwp%2Fv2%2Fcategories&post=21201"},{"taxonomy":"post_tag","embeddable":true,"href":"https:\/\/www.africanchallenges.com\/index.php?rest_route=%2Fwp%2Fv2%2Ftags&post=21201"}],"curies":[{"name":"wp","href":"https:\/\/api.w.org\/{rel}","templated":true}]}}