{"id":21129,"date":"2020-10-02T20:47:42","date_gmt":"2020-10-02T20:47:42","guid":{"rendered":"http:\/\/www.africanchallenges.com\/?p=21129"},"modified":"2020-10-02T21:00:51","modified_gmt":"2020-10-02T21:00:51","slug":"les-5-dates-cles-qui-ont-fait-lhistoire-du-mali","status":"publish","type":"post","link":"https:\/\/www.africanchallenges.com\/?p=21129","title":{"rendered":"Mali : Les 5 dates cl\u00e9s qui ont fait l\u2019histoire du Mali"},"content":{"rendered":"\n<p class=\"texte textearticle\"><strong>En 60 ans d\u2019ind\u00e9pendance, le Mali aura v\u00e9cu une histoire mouvement\u00e9e et intimement li\u00e9e \u00e0 celle des hommes qui se sont succ\u00e9d\u00e9 \u00e0 sa t\u00eate, du premier pr\u00e9sident Modibo Ke\u00efta \u00e0 l\u2019actuel chef de la junte militaire, Assimi Go\u00efta. Pourtant, s\u2019il est vrai que le pays vit au rythme des coups d\u2019Etat qui font et d\u00e9font ses chefs, de nombreux \u00e9l\u00e9ments entrent en ligne de compte lorsqu\u2019il s\u2019agit d\u2019expliquer sa structuration socio-politique actuelle. Entre putsch, insurrection djihadiste et pr\u00e9sence militaire \u00e9trang\u00e8re, voici cinq dates cl\u00e9s qui ont marqu\u00e9 l\u2019histoire du Mali.<\/strong><\/p>\n<p class=\"texte textearticle\"><strong>22 septembre 1960\u00a0<\/strong><\/p>\n<p class=\"texte textearticle\"><strong>L\u2019ind\u00e9pendance et le d\u00e9but des ann\u00e9es socialistes<\/strong><\/p>\n<p class=\"texte textearticle\">C\u2019est le 22 septembre 1960 que le Mali, ancien territoire fran\u00e7ais d\u2019Afrique de l\u2019Ouest, obtient son ind\u00e9pendance. M\u00eame si techniquement, le pays s\u2019est lib\u00e9r\u00e9 du colonisateur\u00a0fran\u00e7ais d\u00e8s le 20 juin 1960, en r\u00e9alit\u00e9 il faisait partie \u00e0 ce moment-l\u00e0 de la f\u00e9d\u00e9ration du Mali qui regroupait le S\u00e9n\u00e9gal et le Soudan fran\u00e7ais.<\/p>\n<p class=\"legende\"><em><strong><img fetchpriority=\"high\" decoding=\"async\" src=\"https:\/\/www.agenceecofin.com\/images\/dossiers\/1Modibo_Keita.jpg\" alt=\"1Modibo Keita\" width=\"363\" height=\"320\" \/><\/strong><\/em><\/p>\n<p><em class=\"legende\"><strong>Modibo Ke\u00efta, un ancien instituteur au CV politique bien fourni.<\/strong><\/em><\/p>\n<p class=\"texte textearticle\">Ainsi, lorsque le pays devient ind\u00e9pendant en tant que R\u00e9publique du Mali, il semble avoir d\u00e9sormais son destin en main, avec \u00e0 sa t\u00eate Modibo Ke\u00efta, un ancien instituteur au CV politique bien fourni, qui avait \u00e9t\u00e9 nomm\u00e9 chef du gouvernement de la f\u00e9d\u00e9ration du Mali. Tr\u00e8s t\u00f4t, celui-ci engage son pays sur la voie de la socialisation, mettant en place un processus de r\u00e9forme de l\u2019\u00e9conomie en s\u2019appuyant notamment sur l\u2019agriculture. D\u00e8s 1962, le pays cr\u00e9e sa propre monnaie, le franc malien, et rompt avec le franc CFA.<\/p>\n<p class=\"texte textearticle exergue\"><strong>Tr\u00e8s t\u00f4t, celui-ci engage son pays sur la voie de la socialisation, mettant en place un processus de r\u00e9forme de l\u2019\u00e9conomie en s\u2019appuyant notamment sur l\u2019agriculture. D\u00e8s 1962, le pays cr\u00e9e sa propre monnaie, le franc malien, et rompt avec le franc CFA.<\/strong><\/p>\n<p class=\"texte textearticle\">Preuve de la nouvelle orientation socialiste prise par le pr\u00e9sident K\u00e9\u00efta, anticolonialiste et panafricaniste convaincu, le pays fait imprimer les pi\u00e8ces et les billets de sa nouvelle devise en Tch\u00e9coslovaquie et re\u00e7oit plusieurs dirigeants chinois et sovi\u00e9tiques. A ce moment-l\u00e0, la rupture avec la France semble consomm\u00e9e.<\/p>\n<p class=\"texte textearticle\">Mais sur le plan interne, tout ne se passe pas comme pr\u00e9vu pour le jeune Etat. En effet, une r\u00e9bellion touar\u00e8gue \u00e9clate d\u00e8s 1961 dans la r\u00e9gion de l\u2019Adrar des Ifoghas. Celle-ci est s\u00e9v\u00e8rement r\u00e9prim\u00e9e \u00e0 partir de 1962, avant d\u2019\u00eatre d\u00e9finitivement \u00e9cras\u00e9e en 1964. Pendant ce temps, le socialisme tant d\u00e9fendu par Modibo K\u00e9\u00efta commence \u00e0 montrer ses limites. Le franc malien est d\u00e9valu\u00e9. L\u2019\u00e9conomie s\u2019essouffle et le pouvoir semble tendre de plus en plus vers un r\u00e9gime autoritaire. Au milieu de l\u2019ann\u00e9e 1968, la grogne populaire semble annoncer une nouvelle r\u00e9volution \u00e0 laquelle le pr\u00e9sident K\u00e9\u00efta peut difficilement se soustraire.<\/p>\n<p class=\"texte textearticle\"><strong>19 novembre 1968\u00a0<\/strong><\/p>\n<p class=\"texte textearticle\"><strong>La prise de pouvoir de Moussa Traor\u00e9<\/strong><\/p>\n<p class=\"texte textearticle\">En huit ans de pr\u00e9sidence, Modibo K\u00e9\u00efta a r\u00e9ussi \u00e0 se mettre \u00e0 dos une grande partie de la population malienne, tant par l\u2019\u00e9chec de son syst\u00e8me socialiste que par sa gestion des crises qui ont secou\u00e9 le pays.<\/p>\n<p><img decoding=\"async\" class=\"illustration-avec-legende\" src=\"https:\/\/www.agenceecofin.com\/images\/dossiers\/2Moussa_Traore_.jpg\" alt=\"2Moussa Traore \" width=\"500\" height=\"334\" \/><\/p>\n<p class=\"legende\"><em><strong>Moussa Traor\u00e9 h\u00e9rite d\u2019un pays \u00e9conomiquement \u00e0 bout et politiquement divis\u00e9.<\/strong><\/em><\/p>\n<p class=\"texte textearticle\">Sur le plan politique, en effet, le chef de l\u2019Etat fait incarc\u00e9rer ses opposants, notamment l\u2019\u00e9crivain Fily Dabo Sissoko et Hamadoun Dicko, qui meurent tous les deux dans des circonstances obscures, apr\u00e8s avoir \u00e9t\u00e9 d\u2019abord condamn\u00e9s \u00e0 mort puis \u00e0 la prison \u00e0 vie. A partir de 1967, il d\u00e9clenche la \u00ab\u00a0r\u00e9volution active\u00a0\u00bb et suspend la constitution en cr\u00e9ant le Comit\u00e9 national de d\u00e9fense de la r\u00e9volution (CNDR). Les exactions des \u00ab\u00a0milices populaires\u00a0\u00bb et la d\u00e9valuation du franc malien cr\u00e9ent un sentiment de m\u00e9contentement g\u00e9n\u00e9ral qui se manifeste par des \u00e9meutes.<\/p>\n<p class=\"texte textearticle\">C\u2019est dans ce contexte que l\u2019arm\u00e9e malienne d\u00e9cide pour la premi\u00e8re fois d\u2019intervenir, pour remettre de l\u2019ordre dans le pays. Le 19 novembre 1968, 14 officiers militaires issus de la d\u00e9sormais tr\u00e8s c\u00e9l\u00e8bre caserne de Kati renversent le pr\u00e9sident K\u00e9\u00efta, qui auparavant avait refus\u00e9 sur demande des putschistes, d\u2019abandonner son id\u00e9ologie socialiste. D\u00e9sormais, le nom du nouvel homme fort du pays est connu\u00a0: il s\u2019agit du lieutenant Moussa Traor\u00e9 qui entre dans l\u2019histoire comme l\u2019homme ayant inaugur\u00e9 l\u2019\u00e8re des coups d\u2019Etat au Mali. A la radio, celui-ci d\u00e9clare que \u00ab\u00a0<em>l&rsquo;heure de la libert\u00e9 a sonn\u00e9<\/em>\u00a0\u00bb et que \u00ab\u00a0<em>le r\u00e9gime dictatorial de Modibo Ke\u00efta a chut\u00e9\u00a0\u00bb<\/em>. Ce dernier est d\u2019ailleurs emprisonn\u00e9 apr\u00e8s un coup de force sans effusion de sang et meurt en d\u00e9tention, le 16 mai 1977.<\/p>\n<p class=\"texte textearticle\">Moussa Traor\u00e9, lui, h\u00e9rite d\u2019un pays \u00e9conomiquement \u00e0 bout, politiquement divis\u00e9. Il est d\u00e9cid\u00e9 \u00e0 remettre les choses dans l\u2019ordre. Pourtant, si l\u2019abandon du mod\u00e8le socialiste tant d\u00e9cri\u00e9 semble donner de l\u2019espoir aux populations, ceux-ci vont vite d\u00e9chanter face aux m\u00e9thodes tr\u00e8s autoritaires du nouveau pr\u00e9sident Traor\u00e9.<\/p>\n<p class=\"texte textearticle\">En effet, d\u00e8s ses premi\u00e8res ann\u00e9es de pouvoir, le nouveau dirigeant interdit les partis politiques et confie le pouvoir au Comit\u00e9 militaire pour la lib\u00e9ration nationale (CMLN) qu\u2019il dirige d\u2019une main de fer. Contrairement \u00e0 ses nombreuses promesses de faire revenir des civils \u00e0 la t\u00eate de l\u2019Etat, il durcit sa politique au fil des ans, en matant les gr\u00e8ves et les mouvements de contestations et en faisant emprisonner ceux qu\u2019il soup\u00e7onne de complot. En 1974, il fait adopter une nouvelle constitution qui impose un r\u00e9gime de parti unique, une Assembl\u00e9e nationale et un pr\u00e9sident \u00e9lu tous les cinq ans au suffrage universel. Son parti unique, l\u2019Union d\u00e9mocratique du peuple malien (UDPM) lui permet ainsi en 1979 de remporter l\u2019\u00e9lection pr\u00e9sidentielle \u00e0 laquelle il est le seul autoris\u00e9 \u00e0 participer.<\/p>\n<p class=\"texte textearticle exergue\"><strong>Son parti unique, l\u2019Union d\u00e9mocratique du peuple malien (UDPM) lui permet ainsi en 1979 de remporter l\u2019\u00e9lection pr\u00e9sidentielle \u00e0 laquelle il est le seul autoris\u00e9 \u00e0 participer.<\/strong><\/p>\n<p class=\"texte textearticle\">Sur le plan \u00e9conomique, le nouveau pr\u00e9sident finit par op\u00e9rer des changements pour remettre le pays sur les rails. La crise \u00e9conomique qui frappe le pays au d\u00e9but des ann\u00e9es 80, aggrav\u00e9e par une terrible s\u00e9cheresse, oblige le r\u00e9gime \u00e0 ouvrir le Mali aux investissements priv\u00e9s et \u00e0 lib\u00e9raliser le march\u00e9 du grain. Les monopoles d\u2019Etat sont abolis et la pression fiscale att\u00e9nu\u00e9e. D\u00e8s 1984, le pays abandonne le franc malien et retourne au franc CFA.<\/p>\n<p class=\"texte textearticle\">Malheureusement, ces r\u00e9formes ne s\u2019accompagnent pas du changement politique tant r\u00e9clam\u00e9 par la population. Apr\u00e8s la r\u00e9pression d\u2019une manifestation qui fait plusieurs morts, l\u2019ancien lieutenant devenu g\u00e9n\u00e9ral s&rsquo;ali\u00e8ne une bonne partie de l\u2019arm\u00e9e. Le 26 mars 1991, Moussa Traor\u00e9 perd le pouvoir comme il l\u2019a pris, renvers\u00e9 par un putsch militaire men\u00e9 par le lieutenant-colonel Amadou Toumani Tour\u00e9.<\/p>\n<p class=\"texte textearticle\"><strong>26 avril 1992\u00a0<\/strong><\/p>\n<p class=\"texte textearticle\"><strong>Le renouveau d\u00e9mocratique<\/strong><\/p>\n<p class=\"texte textearticle\">Si on pouvait l\u00e9gitimement craindre que l\u2019histoire ne se r\u00e9p\u00e8te avec la nouvelle junte militaire au pouvoir, cette derni\u00e8re fait tout pour s\u2019\u00e9loigner de l\u2019image laiss\u00e9e par l\u2019ancien dictateur Moussa Traor\u00e9.<\/p>\n<p class=\"legende\"><em><strong><img decoding=\"async\" src=\"https:\/\/www.agenceecofin.com\/images\/dossiers\/3Amadou_Toumani_Toure_.jpg\" alt=\"3Amadou Toumani Toure \" width=\"500\" height=\"361\" \/><\/strong><\/em><\/p>\n<p class=\"texte textearticle\"><em class=\"legende\"><strong>ATT tiendra ses engagements et organisera rapidement des \u00e9lections.<\/strong><\/em><\/p>\n<p class=\"texte textearticle\">D\u00e8s son arriv\u00e9e au pouvoir, Amadou Toumani Tour\u00e9 surnomm\u00e9 \u00ab\u00a0ATT\u00a0\u00bb installe un comit\u00e9 transitoire pour le salut du peuple et dissout l&rsquo;UDPM. Un civil, Soumana Sacko, est nomm\u00e9 chef du gouvernement. En 1992, conform\u00e9ment aux engagements d\u2019ATT, des \u00e9lections l\u00e9gislatives sont organis\u00e9es, suivies un peu plus tard d\u2019un scrutin pr\u00e9sidentiel. A l\u2019issue du second tour de ce vote, le 26 avril 1992, Alpha Oumar Konar\u00e9 est \u00e9lu pr\u00e9sident de la R\u00e9publique face \u00e0 Ti\u00e9oul\u00e9 Mamadou Konat\u00e9\u00a0: c\u2019est le d\u00e9but du renouveau d\u00e9mocratique au Mali.<\/p>\n<p class=\"texte textearticle exergue\"><strong>A l\u2019issue du second tour de ce vote, le 26 avril 1992, Alpha Oumar Konar\u00e9 est \u00e9lu pr\u00e9sident de la R\u00e9publique face \u00e0 Ti\u00e9oul\u00e9 Mamadou Konat\u00e9\u00a0: c\u2019est le d\u00e9but du renouveau d\u00e9mocratique au Mali.<\/strong><\/p>\n<p class=\"texte textearticle\">Le syst\u00e8me multipartite est d\u00e9sormais consacr\u00e9 et les \u00e9lections sont plus libres et d\u00e9mocratiques. Entre-temps, Moussa Traor\u00e9 est condamn\u00e9 \u00e0 mort, en 1993, lors d\u2019un proc\u00e8s avant d\u2019\u00eatre graci\u00e9 en 1997. Cette m\u00eame ann\u00e9e, le nouveau Mali d\u00e9mocratique tient sa deuxi\u00e8me \u00e9lection pr\u00e9sidentielle libre, et offre un nouveau mandat au pr\u00e9sident Konar\u00e9 jusqu\u2019en 2002. Il est remplac\u00e9 par l\u2019homme fort du putsch de 1991, ATT, \u00e9lu pr\u00e9sident apr\u00e8s le scrutin de 2002, apr\u00e8s \u00eatre revenu un an plus t\u00f4t \u00e0 la vie civile.<\/p>\n<p class=\"texte textearticle\">Malheureusement, un nouveau coup d\u2019Etat, le troisi\u00e8me de l\u2019histoire du pays, l\u2019emp\u00eache de terminer un second mandat en 2012. Cette fois-ci, c\u2019est la mauvaise gestion de la r\u00e9bellion touar\u00e8gue dans le nord du pays qui motive les putschistes dirig\u00e9s par le capitaine Amadou Sanogo et issus encore une fois du camp militaire de Kati.<\/p>\n<p class=\"texte textearticle\"><strong>11 janvier 2013\u00a0<\/strong><\/p>\n<p class=\"texte textearticle\"><strong>Le retour arm\u00e9 de la France<\/strong><\/p>\n<p class=\"texte textearticle\">La chute du pr\u00e9sident Amadou Toumani Tour\u00e9 en 2012 cr\u00e9e un climat d\u2019incertitude qui conduit rapidement \u00e0 une crise s\u00e9cessionniste d\u2019abord, puis djihadiste ensuite.<\/p>\n<p class=\"texte textearticle\">En effet d\u00e8s cette ann\u00e9e, le Mouvement national de lib\u00e9ration de l\u2019Azawad (MNLA) m\u00e8ne une r\u00e9bellion pour obtenir, par la force, l\u2019ind\u00e9pendance du nord Mali. Le 1<sup>er<\/sup>\u00a0avril 2012, soit sept jours apr\u00e8s le coup d\u2019Etat du capitaine Sanogo, le MNLA prend le contr\u00f4le de trois r\u00e9gions du nord du Mali. Le 06 avril, il proclame l\u2019ind\u00e9pendance de l\u2019Azawad, territoire au c\u0153ur de nombreux affrontements entre les Touaregs et le gouvernement central depuis l\u2019ind\u00e9pendance du pays. Mais cette\u00a0<em>\u00ab\u00a0lib\u00e9ration<\/em>\u00a0\u00bb ne sera que de courte dur\u00e9e puisque d\u00e8s le mois suivant, le groupe engage des combats contre plusieurs groupes islamistes (Ansar Dine, Mujao, Aqmi, etc.) qui souhaitent imposer la charia dans la r\u00e9gion.<\/p>\n<p><img loading=\"lazy\" decoding=\"async\" class=\"illustration-avec-legende\" src=\"https:\/\/www.agenceecofin.com\/images\/dossiers\/4Amadou_Sanogo_.jpg\" alt=\"4Amadou Sanogo \" width=\"460\" height=\"276\" \/><\/p>\n<p class=\"legende\"><em><strong>7 jours apr\u00e8s le coup d\u2019Etat du capitaine Sanogo, le MNLA prend le contr\u00f4le de trois r\u00e9gions du nord du Mali.<\/strong><\/em><\/p>\n<p class=\"texte textearticle\">C\u2019est dans ce contexte chaotique que la France d\u00e9cide, \u00e0 la demande des autorit\u00e9s maliennes et avec le consentement de l\u2019ONU, d\u2019intervenir militairement pour stopper l\u2019avanc\u00e9e des djihadistes. Le 11 janvier 2013, le pr\u00e9sident Fran\u00e7ois Hollande engage les forces arm\u00e9es fran\u00e7aises dans l\u2019op\u00e9ration Serval, qui se transforme plus tard en op\u00e9ration Barkhane. Ainsi, plusieurs d\u00e9cennies apr\u00e8s avoir quitt\u00e9 officiellement le pays, l\u2019arm\u00e9e fran\u00e7aise revient au Mali. Si d\u00e8s le d\u00e9but, le chef de l\u2019Etat fran\u00e7ais annonce que son pays\u00a0<em>\u00ab\u00a0n\u2019a pas vocation \u00e0 rester au Mali\u00a0\u00bb<\/em>, force est de constater que 7 ans apr\u00e8s le retour militaire de la France au Mali, Paris y est toujours et n\u2019a pas encore vaincu le terrorisme.<\/p>\n<p class=\"texte textearticle\">Quoi qu\u2019il en soit, l\u2019intervention militaire fran\u00e7aise permet de contenir l\u2019insurrection djihadiste et de lancer un processus \u00e9lectoral qui aboutit \u00e0 l\u2019accession du pr\u00e9sident Ibrahim Boubacar K\u00e9\u00efta \u00e0 la magistrature supr\u00eame. Si l\u2019arriv\u00e9e de ce dernier au pouvoir suscite l\u2019espoir d\u2019un retour de la paix et de la stabilit\u00e9, les ann\u00e9es de sa pr\u00e9sidence seront tr\u00e8s vite marqu\u00e9es par des scandales de corruption et de mauvaise gouvernance qui ternissent son image de \u00ab\u00a0<em>sauveur du Mali<\/em>\u00a0\u00bb.<\/p>\n<p class=\"texte textearticle\"><strong>18 ao\u00fbt 2020\u00a0<\/strong><\/p>\n<p class=\"texte textearticle\"><strong>L\u2019ascension d\u2019Assimi Go\u00efta<\/strong><\/p>\n<p class=\"texte textearticle\">Lorsqu\u2019il arrive au pouvoir en 2013, Ibrahim Boubacar K\u00e9\u00efta (IBK) promet de relever le pays en luttant contre la corruption et en ramenant la paix. Sept ans apr\u00e8s ces promesses, le constat g\u00e9n\u00e9ral est que la politique de l\u2019ancien pr\u00e9sident a \u00e9t\u00e9 un \u00e9chec, la situation socio-\u00e9conomique, s\u00e9curitaire et politique du pays ne s\u2019\u00e9tant jamais v\u00e9ritablement am\u00e9lior\u00e9e ces derni\u00e8res ann\u00e9es. Un des rares exploits auxquels le mandat d\u2019IBK peut \u00eatre associ\u00e9 est la conclusion de l\u2019accord d\u2019Alger qui a permis d\u2019\u00e9tablir un cadre pour le retour de la paix, mais m\u00eame sur ce plan l\u2019application de la convention tarde \u00e0 prendre forme.<\/p>\n<p class=\"legende\"><em><strong><img loading=\"lazy\" decoding=\"async\" src=\"https:\/\/www.agenceecofin.com\/images\/dossiers\/5Assimi_Goita.jpg\" alt=\"5Assimi Goita\" width=\"620\" height=\"349\" \/><\/strong><\/em><\/p>\n<p class=\"legende\"><em><strong>Assimi Go\u00efta, finalement, devient vice-pr\u00e9sident.<\/strong><\/em><\/p>\n<p class=\"texte textearticle\">En 2020, apr\u00e8s un \u00e9ni\u00e8me scandale de mauvaise gouvernance, la contestation anti-IBK qui gronde sourdement depuis plusieurs ann\u00e9es, commence \u00e0 prendre de l\u2019ampleur, apr\u00e8s l\u2019organisation douteuse d\u2019\u00e9lections l\u00e9gislatives en mars et avril. Le 18 ao\u00fbt 2020, apr\u00e8s de nombreuses manifestations suscit\u00e9es notamment par l\u2019influent imam Mahmoud Dicko, mais violemment r\u00e9prim\u00e9es par le pouvoir, c\u2019est l\u2019arm\u00e9e malienne qui finit par mettre fin \u00e0 ce bras de fer en d\u00e9posant le pr\u00e9sident IBK et en le poussant \u00e0 annoncer sa d\u00e9mission en direct \u00e0 l\u2019ORTM\u00a0: c\u2019est le quatri\u00e8me coup d\u2019Etat de l\u2019histoire du pays.<\/p>\n<p class=\"texte textearticle\">Sous la direction du colonel Assimi Go\u00efta, la nouvelle junte militaire au pouvoir essaye de n\u00e9gocier, avec les forces vives du Mali et la CEDEAO, une transition pacifique jusqu\u2019\u00e0 l\u2019organisation de nouvelles \u00e9lections. Le 21 septembre 2020, apr\u00e8s un mois de tractations, un accord est finalement trouv\u00e9 : Bah N\u2019Daw, colonel \u00e0 la retraite et ancien ministre de la D\u00e9fense est d\u00e9sign\u00e9 pr\u00e9sident de la transition, comme pour traduire un compromis parfait entre la junte qui souhaitait mettre un militaire \u00e0 la t\u00eate du pays, et la CEDEAO qui exigeait une personnalit\u00e9 civile. Assimi Go\u00efta lui, devient vice-pr\u00e9sident, et semble plus que jamais d\u00e9cid\u00e9 \u00e0 peser de tout son poids dans la destin\u00e9e du Mali<\/p>\n<p class=\"texte textearticle\">Aujourd\u2019hui, 60 ans apr\u00e8s son ind\u00e9pendance, le Mali est \u00e0 un nouveau tournant de son histoire. Si tous les acteurs propuls\u00e9s au-devant de la sc\u00e8ne s\u2019unissent pour privil\u00e9gier les int\u00e9r\u00eats du pays avant les leurs, le 18 ao\u00fbt 2020 pourrait bien devenir la date marquant la cr\u00e9ation d\u2019un nouveau Mali, uni, pacifi\u00e9 et d\u00e9velopp\u00e9.<\/p>\n<p><strong>Avec Agence Ecofin<\/strong><\/p>\n","protected":false},"excerpt":{"rendered":"En 60 ans d\u2019ind\u00e9pendance, le Mali aura v\u00e9cu une histoire mouvement\u00e9e et intimement li\u00e9e \u00e0 celle des hommes qui se sont succ\u00e9d\u00e9 \u00e0 sa t\u00eate, du premier pr\u00e9sident Modibo Ke\u00efta \u00e0 l\u2019actuel chef de la junte militaire, Assimi Go\u00efta. Pourtant, s\u2019il est vrai que le pays vit au rythme des coups d\u2019Etat qui font et [...]","protected":false},"author":4,"featured_media":21131,"comment_status":"open","ping_status":"closed","sticky":false,"template":"","format":"standard","meta":{"content-type":"","jnews-multi-image_gallery":[],"jnews_single_post":{"subtitle":"","format":"standard","video":"","gallery":"","source_name":"","source_url":"","via_name":"","via_url":"","override":[{"single_blog_custom":"","sidebar":"","second_sidebar":"","share_position":"","share_float_style":"","post_date_format":"","post_date_format_custom":"","post_reading_time_wpm":"","zoom_button_out_step":"1","zoom_button_in_step":"1","number_popup_post":"1"}],"image_override":[{"single_post_thumbnail_size":"","single_post_gallery_size":""}],"trending_post_position":"","trending_post_label":"","sponsored_post_label":"","sponsored_post_name":"","sponsored_post_url":"","sponsored_post_logo":"","sponsored_post_desc":""},"jnews_primary_category":{"id":""},"jnews_override_bookmark_settings":[],"jnews_review":[],"enable_review":"","type":"","name":"","summary":"","brand":"","sku":"","good":[],"bad":[],"score_override":"","override_value":"","rating":[],"price":[],"jnews_post_split":[],"footnotes":""},"categories":[6],"tags":[5547,5015,203],"class_list":["post-21129","post","type-post","status-publish","format-standard","has-post-thumbnail","hentry","category-world","tag-dates-cles","tag-histoire","tag-mali"],"_links":{"self":[{"href":"https:\/\/www.africanchallenges.com\/index.php?rest_route=\/wp\/v2\/posts\/21129","targetHints":{"allow":["GET"]}}],"collection":[{"href":"https:\/\/www.africanchallenges.com\/index.php?rest_route=\/wp\/v2\/posts"}],"about":[{"href":"https:\/\/www.africanchallenges.com\/index.php?rest_route=\/wp\/v2\/types\/post"}],"author":[{"embeddable":true,"href":"https:\/\/www.africanchallenges.com\/index.php?rest_route=\/wp\/v2\/users\/4"}],"replies":[{"embeddable":true,"href":"https:\/\/www.africanchallenges.com\/index.php?rest_route=%2Fwp%2Fv2%2Fcomments&post=21129"}],"version-history":[{"count":3,"href":"https:\/\/www.africanchallenges.com\/index.php?rest_route=\/wp\/v2\/posts\/21129\/revisions"}],"predecessor-version":[{"id":21133,"href":"https:\/\/www.africanchallenges.com\/index.php?rest_route=\/wp\/v2\/posts\/21129\/revisions\/21133"}],"wp:featuredmedia":[{"embeddable":true,"href":"https:\/\/www.africanchallenges.com\/index.php?rest_route=\/wp\/v2\/media\/21131"}],"wp:attachment":[{"href":"https:\/\/www.africanchallenges.com\/index.php?rest_route=%2Fwp%2Fv2%2Fmedia&parent=21129"}],"wp:term":[{"taxonomy":"category","embeddable":true,"href":"https:\/\/www.africanchallenges.com\/index.php?rest_route=%2Fwp%2Fv2%2Fcategories&post=21129"},{"taxonomy":"post_tag","embeddable":true,"href":"https:\/\/www.africanchallenges.com\/index.php?rest_route=%2Fwp%2Fv2%2Ftags&post=21129"}],"curies":[{"name":"wp","href":"https:\/\/api.w.org\/{rel}","templated":true}]}}