{"id":21118,"date":"2020-10-02T19:35:44","date_gmt":"2020-10-02T19:35:44","guid":{"rendered":"http:\/\/www.africanchallenges.com\/?p=21118"},"modified":"2020-10-02T19:43:07","modified_gmt":"2020-10-02T19:43:07","slug":"une-premiere-en-belgique-deux-belgo-marocaines-nommees-ministres-au-nouveau-gouvernement-federal","status":"publish","type":"post","link":"https:\/\/www.africanchallenges.com\/?p=21118","title":{"rendered":"Une premi\u00e8re en Belgique : Deux belgo-marocaines nomm\u00e9es ministres au nouveau gouvernement f\u00e9d\u00e9ral"},"content":{"rendered":"\n<p><strong>C\u2019est une premi\u00e8re dans l\u2019histoire politique de la Belgique, deux femmes belgo-marocaines font partie du nouveau gouvernement f\u00e9d\u00e9ral de Belgique. Elles sont respectivement originaires de T\u00e9touan et de Ouarzazate.<\/strong><\/p>\n<p>Deux Belgo-Marocaines , il s\u2019agit de Zakia Khattabi et de Meryame Kitir, respectivement charg\u00e9es de \u00abl\u2019Environnement, le climat, le Green Deal et le D\u00e9veloppement durable\u00bb et de la \u00abCoop\u00e9ration au d\u00e9veloppement et la Politique de la Ville\u00bb.<\/p>\n<p><strong>Zakia Khattabi<\/strong>\u00a0, N\u00e9e en 1976 de parents marocains originaires de T\u00e9touan, assistante sociale de par sa profession, Zakia Khattabi est pass\u00e9e par des \u00e9tablissements relevant de l\u2019enseignement catholique avant d\u2019obtenir une licence en travail social \u00e0 l\u2019Universit\u00e9 Libre de Bruxelles (ULB). Cette ancienne co-pr\u00e9sidente du parti des Verts belges a \u00e9t\u00e9 \u00e9lue pour la premi\u00e8re fois au Parlement bruxellois en 2009, pour ensuite rejoindre l\u2019assembl\u00e9e de la F\u00e9d\u00e9ration Wallonie-Bruxelles et le S\u00e9nat, o\u00f9 elle s\u2019est fait remarquer en commission de la Justice avant d\u2019en devenir cheffe de groupe, en 2012.<\/p>\n<p>Deux initiatives ont marqu\u00e9 la carri\u00e8re politique de la nouvelle ministre de l\u2019Environnement et du d\u00e9veloppement durable. D\u2019abord en f\u00e9vrier 2013, lorsqu\u2019elle a d\u00e9pos\u00e9 une proposition de loi sur la lutte contre l\u2019islamophobie, n\u2019h\u00e9sitant pas \u00e0 la comparer \u00e0 l\u2019antis\u00e9mitisme. Puis, en mars 2018, face \u00e0 la mont\u00e9e du nombre de d\u00e9c\u00e8s de femmes victimes de violences en Belgique, Zakia Khattabi a lanc\u00e9 un appel pour faire reconna\u00eetre le f\u00e9minicide dans le corpus les lois belges.<\/p>\n<p><strong>Meryame Kitir<\/strong>, Issue aussi de parents marocains, originaires de Ouarzazate, a \u00e9t\u00e9 nomm\u00e9e ministre de la Coop\u00e9ration au d\u00e9veloppement et de la Politique de la Ville. Septi\u00e8me enfant d\u2019une fratrie qui en compte 11, la m\u00e8re de la ministre est d\u00e9c\u00e9d\u00e9e quand elle n\u2019avait que deux ans, et elle a perdu son p\u00e8re, alors qu\u2019elle venait d\u2019obtenir sa majorit\u00e9, \u00e0 ses 18 ans. Le p\u00e8re de Meryame Kitir avait \u00e9migr\u00e9 dans les ann\u00e9es soixante en Belgique, pour travailler dans les mines du Limbourg.<\/p>\n<p>Aujourd\u2019hui \u00e2g\u00e9e de 40 ans, Meryame Kitir a entam\u00e9 sa carri\u00e8re en 1999, en int\u00e9grant l\u2019usine Ford de Genk, en tant que simple ouvri\u00e8re, o\u00f9 elle s\u2019est engag\u00e9e en tant que d\u00e9l\u00e9gu\u00e9e syndicale, pour le syndicat socialiste FGTB. Elle a tr\u00e8s vite \u00e9t\u00e9 rep\u00e9r\u00e9e par Steve Stevaert, alors pr\u00e9sident du parti socialiste flamand, et a int\u00e9gr\u00e9 sa \u00ab\u00a0dream team\u00a0\u00bb, avant d\u2019\u00eatre \u00e9lue au conseil communal de Maasmechelen, en 2006, puis \u00e0 la Chambre, suite aux \u00e9lections f\u00e9d\u00e9rales de 2007.<\/p>\n<p>Le 25 octobre 2012, r\u00e9agissant \u00e0 la d\u00e9cision de fermer l\u2019usine Ford de Genk en 2014, Meryame Kitir prononce un discours qui marque les esprit de l\u2019ensemble des parlementaires, tous partis confondus, et qui marque aussi un tournant dans sa carri\u00e8re politique.<\/p>\n<p>R\u00e9\u00e9lue en 2014, puis d\u00e9sign\u00e9e comme cheffe de groupe, elle devient l\u2019une des figures de l\u2019opposition au gouvernement dirig\u00e9 par Charles Michel.<\/p>\n<p>Le gouvernement De Croo, qui a pr\u00eat\u00e9 serment ce jeudi devant le Roi des Belges comprend \u00e9galement une autre figure politique issue de l\u2019immigration. Il s\u2019agit du jeune d\u00e9put\u00e9 belgo-irakien Sammy Mahdi, nomm\u00e9, lui, secr\u00e9taire d\u2019Etat \u00e0 l\u2019Asile et \u00e0 la Migration.<\/p>\n<p>.<\/p>\n","protected":false},"excerpt":{"rendered":"C\u2019est une premi\u00e8re dans l\u2019histoire politique de la Belgique, deux femmes belgo-marocaines font partie du nouveau gouvernement f\u00e9d\u00e9ral de Belgique. Elles sont respectivement originaires de T\u00e9touan et de Ouarzazate. Deux Belgo-Marocaines , il s\u2019agit de Zakia Khattabi et de Meryame Kitir, respectivement charg\u00e9es de \u00abl\u2019Environnement, le climat, le Green Deal et le D\u00e9veloppement durable\u00bb et [...]","protected":false},"author":4,"featured_media":21119,"comment_status":"open","ping_status":"closed","sticky":false,"template":"","format":"standard","meta":{"content-type":"","jnews-multi-image_gallery":[],"jnews_single_post":{"subtitle":"","format":"standard","video":"","gallery":"","source_name":"","source_url":"","via_name":"","via_url":"","override":[{"single_blog_custom":"","sidebar":"","second_sidebar":"","share_position":"","share_float_style":"","post_date_format":"","post_date_format_custom":"","post_reading_time_wpm":"","zoom_button_out_step":"1","zoom_button_in_step":"1","number_popup_post":"1"}],"image_override":[{"single_post_thumbnail_size":"","single_post_gallery_size":""}],"trending_post_position":"","trending_post_label":"","sponsored_post_label":"","sponsored_post_name":"","sponsored_post_url":"","sponsored_post_logo":"","sponsored_post_desc":""},"jnews_primary_category":{"id":""},"jnews_override_bookmark_settings":[],"jnews_review":[],"enable_review":"","type":"","name":"","summary":"","brand":"","sku":"","good":[],"bad":[],"score_override":"","override_value":"","rating":[],"price":[],"jnews_post_split":[],"footnotes":""},"categories":[6],"tags":[4799,5545,5546,5325],"class_list":["post-21118","post","type-post","status-publish","format-standard","has-post-thumbnail","hentry","category-world","tag-belgique","tag-belgo-marocaines","tag-gouvernement-federal","tag-ministres"],"_links":{"self":[{"href":"https:\/\/www.africanchallenges.com\/index.php?rest_route=\/wp\/v2\/posts\/21118","targetHints":{"allow":["GET"]}}],"collection":[{"href":"https:\/\/www.africanchallenges.com\/index.php?rest_route=\/wp\/v2\/posts"}],"about":[{"href":"https:\/\/www.africanchallenges.com\/index.php?rest_route=\/wp\/v2\/types\/post"}],"author":[{"embeddable":true,"href":"https:\/\/www.africanchallenges.com\/index.php?rest_route=\/wp\/v2\/users\/4"}],"replies":[{"embeddable":true,"href":"https:\/\/www.africanchallenges.com\/index.php?rest_route=%2Fwp%2Fv2%2Fcomments&post=21118"}],"version-history":[{"count":1,"href":"https:\/\/www.africanchallenges.com\/index.php?rest_route=\/wp\/v2\/posts\/21118\/revisions"}],"predecessor-version":[{"id":21120,"href":"https:\/\/www.africanchallenges.com\/index.php?rest_route=\/wp\/v2\/posts\/21118\/revisions\/21120"}],"wp:featuredmedia":[{"embeddable":true,"href":"https:\/\/www.africanchallenges.com\/index.php?rest_route=\/wp\/v2\/media\/21119"}],"wp:attachment":[{"href":"https:\/\/www.africanchallenges.com\/index.php?rest_route=%2Fwp%2Fv2%2Fmedia&parent=21118"}],"wp:term":[{"taxonomy":"category","embeddable":true,"href":"https:\/\/www.africanchallenges.com\/index.php?rest_route=%2Fwp%2Fv2%2Fcategories&post=21118"},{"taxonomy":"post_tag","embeddable":true,"href":"https:\/\/www.africanchallenges.com\/index.php?rest_route=%2Fwp%2Fv2%2Ftags&post=21118"}],"curies":[{"name":"wp","href":"https:\/\/api.w.org\/{rel}","templated":true}]}}