{"id":20871,"date":"2020-09-21T19:21:02","date_gmt":"2020-09-21T19:21:02","guid":{"rendered":"http:\/\/www.africanchallenges.com\/?p=20871"},"modified":"2020-09-21T19:27:33","modified_gmt":"2020-09-21T19:27:33","slug":"tunisie-hichem-mechichi-exclut-le-recours-au-confinement-total","status":"publish","type":"post","link":"https:\/\/www.africanchallenges.com\/?p=20871","title":{"rendered":"Tunisie : Hichem Mechichi exclut le recours au confinement total"},"content":{"rendered":"\n<p class=\"wp-block-paragraph\"><strong>En &nbsp;marge du colloque annuel des chefs de missions diplomatiques, permanentes et consulaires, le chef du gouvernement, Hichem Mechichi, a assur\u00e9 &nbsp;dans une d\u00e9claration accord\u00e9e aux m\u00e9dias, ce lundi 21 septembre 2020, qu\u2019il est exclu de d\u00e9cr\u00e9ter un second confinement total.<\/strong><\/p>\n\n\n\n<p class=\"wp-block-paragraph\">Depuis hier la question d\u2019un recours au confinement fait l\u2019objet de toute l\u2019attention. Le m\u00e9decin Samir Abdelmoumen a \u00e9t\u00e9 \u00e0 l\u2019origine du d\u00e9bat en consid\u00e9rant qu\u2019il est n\u00e9cessaire de r\u00e9fl\u00e9chir s\u00e9rieusement \u00e0 envisager un confinement g\u00e9n\u00e9ral, tenant compte de la situation \u00e9pid\u00e9mique actuelle.<\/p>\n\n\n\n<p class=\"wp-block-paragraph\">Une pens\u00e9e personnelle qu\u2019il a post\u00e9e hier sur les r\u00e9seaux et qui a eu un effet boule de neige, le poussant \u00e0 retirer sa publication<\/p>\n\n\n\n<p class=\"wp-block-paragraph\">Depuis hier la question d\u2019un recours au confinement fait l\u2019objet de toute l\u2019attention. Le m\u00e9decin Samir Abdelmoumen a \u00e9t\u00e9 \u00e0 l\u2019origine du d\u00e9bat en consid\u00e9rant qu\u2019il est n\u00e9cessaire de r\u00e9fl\u00e9chir s\u00e9rieusement \u00e0 envisager un confinement g\u00e9n\u00e9ral, tenant compte de la situation \u00e9pid\u00e9mique actuelle.<\/p>\n\n\n\n<p class=\"wp-block-paragraph\">Une pens\u00e9e personnelle qu\u2019il a post\u00e9e hier sur les r\u00e9seaux et qui a eu un effet boule de neige, le poussant \u00e0 retirer sa publication<\/p>\n\n\n","protected":false},"excerpt":{"rendered":"<p>En &nbsp;marge du colloque annuel des chefs de missions diplomatiques, permanentes et consulaires, le chef du gouvernement, Hichem Mechichi, a assur\u00e9 &nbsp;dans une d\u00e9claration accord\u00e9e aux m\u00e9dias, ce lundi 21 septembre 2020, qu\u2019il est exclu de d\u00e9cr\u00e9ter un second confinement total. Depuis hier la question d\u2019un recours au confinement fait l\u2019objet de toute l\u2019attention. Le [&hellip;]<\/p>\n","protected":false},"author":3,"featured_media":19999,"comment_status":"open","ping_status":"closed","sticky":false,"template":"","format":"standard","meta":{"content-type":"","jnews-multi-image_gallery":[],"jnews_single_post":{"subtitle":"","format":"standard","video":"","gallery":"","source_name":"","source_url":"","via_name":"","via_url":"","override":[{"single_blog_custom":"","sidebar":"","second_sidebar":"","share_position":"","share_float_style":"","post_date_format":"","post_date_format_custom":"","post_reading_time_wpm":"","zoom_button_out_step":"1","zoom_button_in_step":"1","number_popup_post":"1"}],"image_override":[{"single_post_thumbnail_size":"","single_post_gallery_size":""}],"trending_post_position":"","trending_post_label":"","sponsored_post_label":"","sponsored_post_name":"","sponsored_post_url":"","sponsored_post_logo":"","sponsored_post_desc":""},"jnews_primary_category":{"id":""},"jnews_override_bookmark_settings":[],"jnews_review":[],"enable_review":"","type":"","name":"","summary":"","brand":"","sku":"","good":[],"bad":[],"score_override":"","override_value":"","rating":[],"price":[],"jnews_post_split":[],"footnotes":""},"categories":[2,11],"tags":[5493,4232,2030],"class_list":["post-20871","post","type-post","status-publish","format-standard","has-post-thumbnail","hentry","category-news-politique","category-health","tag-confinement-total","tag-hichem-mechichi","tag-recours"],"_links":{"self":[{"href":"https:\/\/www.africanchallenges.com\/index.php?rest_route=\/wp\/v2\/posts\/20871","targetHints":{"allow":["GET"]}}],"collection":[{"href":"https:\/\/www.africanchallenges.com\/index.php?rest_route=\/wp\/v2\/posts"}],"about":[{"href":"https:\/\/www.africanchallenges.com\/index.php?rest_route=\/wp\/v2\/types\/post"}],"author":[{"embeddable":true,"href":"https:\/\/www.africanchallenges.com\/index.php?rest_route=\/wp\/v2\/users\/3"}],"replies":[{"embeddable":true,"href":"https:\/\/www.africanchallenges.com\/index.php?rest_route=%2Fwp%2Fv2%2Fcomments&post=20871"}],"version-history":[{"count":1,"href":"https:\/\/www.africanchallenges.com\/index.php?rest_route=\/wp\/v2\/posts\/20871\/revisions"}],"predecessor-version":[{"id":20872,"href":"https:\/\/www.africanchallenges.com\/index.php?rest_route=\/wp\/v2\/posts\/20871\/revisions\/20872"}],"wp:featuredmedia":[{"embeddable":true,"href":"https:\/\/www.africanchallenges.com\/index.php?rest_route=\/wp\/v2\/media\/19999"}],"wp:attachment":[{"href":"https:\/\/www.africanchallenges.com\/index.php?rest_route=%2Fwp%2Fv2%2Fmedia&parent=20871"}],"wp:term":[{"taxonomy":"category","embeddable":true,"href":"https:\/\/www.africanchallenges.com\/index.php?rest_route=%2Fwp%2Fv2%2Fcategories&post=20871"},{"taxonomy":"post_tag","embeddable":true,"href":"https:\/\/www.africanchallenges.com\/index.php?rest_route=%2Fwp%2Fv2%2Ftags&post=20871"}],"curies":[{"name":"wp","href":"https:\/\/api.w.org\/{rel}","templated":true}]}}