{"id":20809,"date":"2020-09-17T18:25:52","date_gmt":"2020-09-17T18:25:52","guid":{"rendered":"http:\/\/www.africanchallenges.com\/?p=20809"},"modified":"2020-09-17T21:06:10","modified_gmt":"2020-09-17T21:06:10","slug":"tunisie-zouheir-seddik-nomme-directeur-general-de-la-surete-nationale","status":"publish","type":"post","link":"https:\/\/www.africanchallenges.com\/?p=20809","title":{"rendered":"Tunisie : Zouheir Seddik nomm\u00e9 directeur g\u00e9n\u00e9ral de la s\u00fbret\u00e9 nationale"},"content":{"rendered":"\n<p class=\"wp-block-paragraph\">Zouheir Seddik vient d&rsquo;\u00eatre nomm\u00e9 ce jeudi 17 septembre 2020, directeur g\u00e9n\u00e9ral de la s\u00fbret\u00e9 nationale au minist\u00e8re de l&rsquo;Int\u00e9rieur.<\/p>\n\n\n\n<p class=\"wp-block-paragraph\">Zouheir Seddik \u00e9tait auparavant&nbsp;chef de l&rsquo;administration centrale des op\u00e9rations&nbsp;au minist\u00e8re de l&rsquo;Int\u00e9rieur.<\/p>\n\n\n\n<p class=\"wp-block-paragraph\">Un communiqu\u00e9 publi\u00e9 par la Kasbah, explique que cette nomination fait suite \u00e0 la vacance du poste apr\u00e8s que Kamel Guizani, en poste depuis d\u00e9cembre 2019, ait \u00e9t\u00e9 nomm\u00e9 ambassadeur de la Tunisie \u00e0 La Haye.<\/p>\n\n\n\n<p class=\"wp-block-paragraph\">Zouheir Seddik \u00e9tait auparavant&nbsp;chef de l&rsquo;administration centrale des op\u00e9rations&nbsp;au minist\u00e8re de l&rsquo;Int\u00e9rieur.<\/p>\n\n\n\n<p class=\"wp-block-paragraph\">Un communiqu\u00e9 publi\u00e9 par la Kasbah, explique que cette nomination fait suite \u00e0 la vacance du poste apr\u00e8s que Kamel Guizani, en poste depuis d\u00e9cembre 2019, ait \u00e9t\u00e9 nomm\u00e9 ambassadeur de la Tunisie \u00e0 La Haye.<\/p>\n\n\n","protected":false},"excerpt":{"rendered":"<p>Zouheir Seddik vient d&rsquo;\u00eatre nomm\u00e9 ce jeudi 17 septembre 2020, directeur g\u00e9n\u00e9ral de la s\u00fbret\u00e9 nationale au minist\u00e8re de l&rsquo;Int\u00e9rieur. Zouheir Seddik \u00e9tait auparavant&nbsp;chef de l&rsquo;administration centrale des op\u00e9rations&nbsp;au minist\u00e8re de l&rsquo;Int\u00e9rieur. Un communiqu\u00e9 publi\u00e9 par la Kasbah, explique que cette nomination fait suite \u00e0 la vacance du poste apr\u00e8s que Kamel Guizani, en poste [&hellip;]<\/p>\n","protected":false},"author":3,"featured_media":15395,"comment_status":"open","ping_status":"closed","sticky":false,"template":"","format":"standard","meta":{"content-type":"","jnews-multi-image_gallery":[],"jnews_single_post":{"subtitle":"","format":"standard","video":"","gallery":"","source_name":"","source_url":"","via_name":"","via_url":"","override":[{"single_blog_custom":"","sidebar":"","second_sidebar":"","share_position":"","share_float_style":"","post_date_format":"","post_date_format_custom":"","post_reading_time_wpm":"","zoom_button_out_step":"1","zoom_button_in_step":"1","number_popup_post":"1"}],"image_override":[{"single_post_thumbnail_size":"","single_post_gallery_size":""}],"trending_post_position":"","trending_post_label":"","sponsored_post_label":"","sponsored_post_name":"","sponsored_post_url":"","sponsored_post_logo":"","sponsored_post_desc":""},"jnews_primary_category":{"id":""},"jnews_override_bookmark_settings":[],"jnews_review":[],"enable_review":"","type":"","name":"","summary":"","brand":"","sku":"","good":[],"bad":[],"score_override":"","override_value":"","rating":[],"price":[],"jnews_post_split":[],"footnotes":""},"categories":[2],"tags":[5475,5474,5473],"class_list":["post-20809","post","type-post","status-publish","format-standard","has-post-thumbnail","hentry","category-news-politique","tag-la-kasbah","tag-la-surete-nationale","tag-zouheir-seddik"],"_links":{"self":[{"href":"https:\/\/www.africanchallenges.com\/index.php?rest_route=\/wp\/v2\/posts\/20809","targetHints":{"allow":["GET"]}}],"collection":[{"href":"https:\/\/www.africanchallenges.com\/index.php?rest_route=\/wp\/v2\/posts"}],"about":[{"href":"https:\/\/www.africanchallenges.com\/index.php?rest_route=\/wp\/v2\/types\/post"}],"author":[{"embeddable":true,"href":"https:\/\/www.africanchallenges.com\/index.php?rest_route=\/wp\/v2\/users\/3"}],"replies":[{"embeddable":true,"href":"https:\/\/www.africanchallenges.com\/index.php?rest_route=%2Fwp%2Fv2%2Fcomments&post=20809"}],"version-history":[{"count":1,"href":"https:\/\/www.africanchallenges.com\/index.php?rest_route=\/wp\/v2\/posts\/20809\/revisions"}],"predecessor-version":[{"id":20810,"href":"https:\/\/www.africanchallenges.com\/index.php?rest_route=\/wp\/v2\/posts\/20809\/revisions\/20810"}],"wp:featuredmedia":[{"embeddable":true,"href":"https:\/\/www.africanchallenges.com\/index.php?rest_route=\/wp\/v2\/media\/15395"}],"wp:attachment":[{"href":"https:\/\/www.africanchallenges.com\/index.php?rest_route=%2Fwp%2Fv2%2Fmedia&parent=20809"}],"wp:term":[{"taxonomy":"category","embeddable":true,"href":"https:\/\/www.africanchallenges.com\/index.php?rest_route=%2Fwp%2Fv2%2Fcategories&post=20809"},{"taxonomy":"post_tag","embeddable":true,"href":"https:\/\/www.africanchallenges.com\/index.php?rest_route=%2Fwp%2Fv2%2Ftags&post=20809"}],"curies":[{"name":"wp","href":"https:\/\/api.w.org\/{rel}","templated":true}]}}