{"id":20780,"date":"2020-09-16T19:34:19","date_gmt":"2020-09-16T19:34:19","guid":{"rendered":"http:\/\/www.africanchallenges.com\/?p=20780"},"modified":"2020-09-16T19:37:21","modified_gmt":"2020-09-16T19:37:21","slug":"la-fondation-orange-lance-la-3eme-edition-du-prix-orange-du-livre-en-afrique","status":"publish","type":"post","link":"https:\/\/www.africanchallenges.com\/?p=20780","title":{"rendered":"La Fondation Orange lance la 3\u00e8me  \u00e9dition du Prix Orange du Livre en Afrique"},"content":{"rendered":"\n<p class=\"yiv3913913086MsoNormalCxSpMiddle\">Apr\u00e8s deux \u00e9ditions r\u00e9ussies, la Fondation Orange, a choisi de renouveler en 2021, avec le soutien de l\u2019Institut Fran\u00e7ais, le Prix Orange du Livre en Afrique.<\/p>\n<p class=\"yiv3913913086MsoNormalCxSpMiddle\">La Fondation Orange, dont Elizabeth Tchoungui vient de prendre la vice-pr\u00e9sidence, est engag\u00e9e dans 18 pays africains et a pour ambition d\u2019accompagner ces pays dans leur d\u00e9veloppement, notamment sur le plan culturel.<\/p>\n<p class=\"yiv3913913086MsoNormalCxSpMiddle\">La reconnaissance des talents litt\u00e9raires africains<\/p>\n<p class=\"yiv3913913086MsoNormalCxSpMiddle\">Le Prix Orange du Livre en Afrique r\u00e9pond \u00e0 la volont\u00e9 de la Fondation Orange d\u2019\u0153uvrer pour la promotion des talents litt\u00e9raires africains et de l\u2019\u00e9dition locale africaine.\u00a0<\/p>\n<p class=\"yiv3913913086MsoNormalCxSpMiddle\"><b>Ce prix r\u00e9compensera en 2021 un roman ou un recueil de nouvelles \u00e9crit en langue fran\u00e7aise par un \u00e9crivain africain et publi\u00e9 par une maison d&rsquo;\u00e9dition bas\u00e9e sur le continent africain.\u00a0<\/b>Compte tenu des difficult\u00e9s caus\u00e9es par la crise du Covid 19, les \u00e9diteurs pourront exceptionnellement pr\u00e9senter des livres sur une dur\u00e9e de publication \u00e9tendue du 1er janvier 2019 au 30 septembre 2020.<\/p>\n<p class=\"yiv3913913086MsoNormalCxSpMiddle\"><b>Les maisons d\u2019\u00e9dition peuvent proposer jusqu\u2019\u00e0 trois ouvrages, avant le 30 septembre.<\/b><\/p>\n<p class=\"yiv3913913086MsoNormalCxSpMiddle\">Une pr\u00e9s\u00e9lection de six romans sera faite par six comit\u00e9s de lecture bas\u00e9s en Tunisie, au S\u00e9n\u00e9gal, en Guin\u00e9e, au Cameroun, en C\u00f4te d\u2019Ivoire et au Mali. La liste des romans finalistes sera communiqu\u00e9e en f\u00e9vrier 2021. Les auteurs finalistes b\u00e9n\u00e9ficieront d\u2019une visibilit\u00e9 de leur ouvrage (\u00e9v\u00e9nements litt\u00e9raires, m\u00e9dias,\u2026) et leur \u00e9diteur, de rencontres professionnelles d\u00e9di\u00e9es.<\/p>\n<p class=\"yiv3913913086MsoNormalCxSpMiddle\">Le jury, pr\u00e9sid\u00e9 par la romanci\u00e8re et universitaire V\u00e9ronique Tadjo, est compos\u00e9 d\u2019\u00e9crivains, de critiques litt\u00e9raires et de personnalit\u00e9s reconnues dans le monde litt\u00e9raire. Il aura pour mission de d\u00e9signer le laur\u00e9at parmi les six auteurs finalistes. L\u2019annonce du laur\u00e9at se fera d\u00e9but juin 2021 lors d\u2019une c\u00e9r\u00e9monie dans une ville africaine. En plus d\u2019une dotation de 10 000 \u20ac, le laur\u00e9at b\u00e9n\u00e9ficiera d\u2019une campagne de promotion de son ouvrage.\u00a0<\/p>\n<p class=\"yiv3913913086MsoNormalCxSpMiddle\"><b>Plus de d\u00e9tails et modalit\u00e9s de participation sur le site\u00a0<\/b><a href=\"https:\/\/www.lecteurs.com\/article\/3e-edition-du-prix-orange-du-livre-en-afrique-editeurs-a-vos-romans\/2443897\" target=\"_blank\" rel=\"nofollow noopener noreferrer\"><b>lecteurs.com<\/b><\/a><b><\/b><b><\/b><\/p>\n<p class=\"yiv3913913086MsoNormalCxSpMiddle\">A propos de la Fondation Orange<\/p>\n<p class=\"yiv3913913086MsoNormalCxSpMiddle\">La Fondation Orange s\u2019engage pour l\u2019insertion sociale et professionnelle des jeunes et des femmes en difficult\u00e9\u00a0: les jeunes sans qualification ni emploi, les femmes en situation pr\u00e9caire, les personnes avec autisme. Depuis 30 ans, les actions de la Fondation leur donnent acc\u00e8s \u00e0 l\u2019\u00e9ducation, \u00e0 la sant\u00e9, \u00e0 la culture pour leur permettre de mieux s\u2019int\u00e9grer dans la soci\u00e9t\u00e9.\u00a0Nous contribuons \u00e9galement \u00e0 la d\u00e9mocratisation de la culture aupr\u00e8s de tous les publics en favorisant l\u2019acc\u00e8s \u00e0 la musique vocale, au livre, aux mus\u00e9es.\u00a0La Fondation intervient aujourd\u2019hui dans tous ces domaines, pour que le num\u00e9rique devenu essentiel, soit un facteur d\u2019\u00e9galit\u00e9 des chances. Ainsi, avec le soutien de ses salari\u00e9s engag\u00e9s, la Fondation Orange\u00a0permet chaque ann\u00e9e, dans 30 pays, \u00e0 pr\u00e8s de 2 millions de personnes de prendre un nouveau d\u00e9part.<\/p>\n<p class=\"yiv3913913086MsoNormalCxSpMiddle\">\u00ab\u00a0Fondation Orange, vous rapprocher de l\u2019essentiel\u00a0\u00bb<\/p>\n<p class=\"yiv3913913086MsoNormalCxSpMiddle\">En savoir plus\u00a0:\u00a0<a href=\"http:\/\/www.fondationorange.com\/\" target=\"_blank\" rel=\"nofollow noopener noreferrer\">fondationorange.com<\/a><\/p>\n<p class=\"yiv3913913086MsoNormalCxSpMiddle\">\u00a0<\/p>\n<p class=\"yiv3913913086MsoNormalCxSpMiddle\">A propos de l\u2019Institut fran\u00e7ais<\/p>\n<p class=\"yiv3913913086MsoNormalCxSpMiddle\">L\u2019Institut fran\u00e7ais est l\u2019\u00e9tablissement public charg\u00e9 de l\u2019action culturelle ext\u00e9rieure de la France. Sous la double tutelle du minist\u00e8re de l\u2019Europe et des Affaires \u00e9trang\u00e8res et du minist\u00e8re de la Culture, il contribue activement \u00e0 la diplomatie d\u2019influence de la France. La diffusion du livre fran\u00e7ais dans le monde est un enjeu \u00e0 la fois culturel, intellectuel et \u00e9conomique. Le p\u00f4le Livre et M\u00e9diath\u00e8ques poursuit dans la dur\u00e9e, en collaboration avec le r\u00e9seau culturel fran\u00e7ais \u00e0 l\u2019\u00e9tranger, les objectifs suivants :<\/p>\n<p class=\"yiv3913913086MsoNormalCxSpMiddle\">\u00b7\u00a0\u00a0\u00a0\u00a0\u00a0\u00a0\u00a0\u00a0\u00a0Favoriser les \u00e9changes professionnels internationaux, en initiant et soutenant des rencontres th\u00e9matiques entre \u00e9diteurs fran\u00e7ais et \u00e9trangers ou entre professionnels du livre et de l\u2019audiovisuel, pour susciter l\u2019adaptation d\u2019\u0153uvres litt\u00e9raires fran\u00e7aises \u00e0 l\u2019\u00e9cran.<\/p>\n<p class=\"yiv3913913086MsoNormalCxSpMiddle\">\u00b7\u00a0\u00a0\u00a0\u00a0\u00a0\u00a0\u00a0\u00a0\u00a0Soutenir la cession de droits et la traduction avec des programmes d\u2019aide \u00e0 la publication aux \u00e9diteurs \u00e9trangers qui d\u00e9veloppent un catalogue de titres traduits du fran\u00e7ais ou la Fabrique des traducteurs qui contribue \u00e0 renouveler les g\u00e9n\u00e9rations de traducteurs du fran\u00e7ais dans le monde.<\/p>\n<p class=\"yiv3913913086MsoNormalCxSpMiddle\">\u00b7\u00a0\u00a0\u00a0\u00a0\u00a0\u00a0\u00a0\u00a0\u00a0Accro\u00eetre la visibilit\u00e9 des auteurs de langue fran\u00e7aise en favorisant leur mobilit\u00e9 internationale et leur rencontre avec leurs publics \u00e9trangers, \u00e0 travers des programmes de r\u00e9sidences, des op\u00e9rations de promotion ou l\u2019invitation au sein de manifestations litt\u00e9raires \u00e0 fort impact.<\/p>\n<p class=\"yiv3913913086MsoNormalCxSpMiddle\">En savoir plus\u00a0:\u00a0<a href=\"http:\/\/www.institutfrancais.com\/\" target=\"_blank\" rel=\"nofollow noopener noreferrer\">www.institutfrancais.com<\/a><\/p>\n","protected":false},"excerpt":{"rendered":"Apr\u00e8s deux \u00e9ditions r\u00e9ussies, la Fondation Orange, a choisi de renouveler en 2021, avec le soutien de l\u2019Institut Fran\u00e7ais, le Prix Orange du Livre en Afrique. La Fondation Orange, dont Elizabeth Tchoungui vient de prendre la vice-pr\u00e9sidence, est engag\u00e9e dans 18 pays africains et a pour ambition d\u2019accompagner ces pays dans leur d\u00e9veloppement, notamment sur [...]","protected":false},"author":3,"featured_media":20781,"comment_status":"open","ping_status":"closed","sticky":false,"template":"","format":"standard","meta":{"content-type":"","jnews-multi-image_gallery":[],"jnews_single_post":{"subtitle":"","format":"standard","video":"","gallery":"","source_name":"","source_url":"","via_name":"","via_url":"","override":[{"single_blog_custom":"","sidebar":"","second_sidebar":"","share_position":"","share_float_style":"","post_date_format":"","post_date_format_custom":"","post_reading_time_wpm":"","zoom_button_out_step":"1","zoom_button_in_step":"1","number_popup_post":"1"}],"image_override":[{"single_post_thumbnail_size":"","single_post_gallery_size":""}],"trending_post_position":"","trending_post_label":"","sponsored_post_label":"","sponsored_post_name":"","sponsored_post_url":"","sponsored_post_logo":"","sponsored_post_desc":""},"jnews_primary_category":{"id":""},"jnews_override_bookmark_settings":[],"jnews_review":[],"enable_review":"","type":"","name":"","summary":"","brand":"","sku":"","good":[],"bad":[],"score_override":"","override_value":"","rating":[],"price":[],"jnews_post_split":[],"footnotes":""},"categories":[5],"tags":[1583,5463],"class_list":["post-20780","post","type-post","status-publish","format-standard","has-post-thumbnail","hentry","category-edufor","tag-fondation-orange","tag-prix-orange-du-livre-en-afrique"],"_links":{"self":[{"href":"https:\/\/www.africanchallenges.com\/index.php?rest_route=\/wp\/v2\/posts\/20780","targetHints":{"allow":["GET"]}}],"collection":[{"href":"https:\/\/www.africanchallenges.com\/index.php?rest_route=\/wp\/v2\/posts"}],"about":[{"href":"https:\/\/www.africanchallenges.com\/index.php?rest_route=\/wp\/v2\/types\/post"}],"author":[{"embeddable":true,"href":"https:\/\/www.africanchallenges.com\/index.php?rest_route=\/wp\/v2\/users\/3"}],"replies":[{"embeddable":true,"href":"https:\/\/www.africanchallenges.com\/index.php?rest_route=%2Fwp%2Fv2%2Fcomments&post=20780"}],"version-history":[{"count":2,"href":"https:\/\/www.africanchallenges.com\/index.php?rest_route=\/wp\/v2\/posts\/20780\/revisions"}],"predecessor-version":[{"id":20783,"href":"https:\/\/www.africanchallenges.com\/index.php?rest_route=\/wp\/v2\/posts\/20780\/revisions\/20783"}],"wp:featuredmedia":[{"embeddable":true,"href":"https:\/\/www.africanchallenges.com\/index.php?rest_route=\/wp\/v2\/media\/20781"}],"wp:attachment":[{"href":"https:\/\/www.africanchallenges.com\/index.php?rest_route=%2Fwp%2Fv2%2Fmedia&parent=20780"}],"wp:term":[{"taxonomy":"category","embeddable":true,"href":"https:\/\/www.africanchallenges.com\/index.php?rest_route=%2Fwp%2Fv2%2Fcategories&post=20780"},{"taxonomy":"post_tag","embeddable":true,"href":"https:\/\/www.africanchallenges.com\/index.php?rest_route=%2Fwp%2Fv2%2Ftags&post=20780"}],"curies":[{"name":"wp","href":"https:\/\/api.w.org\/{rel}","templated":true}]}}