{"id":20772,"date":"2020-09-16T18:40:58","date_gmt":"2020-09-16T18:40:58","guid":{"rendered":"http:\/\/www.africanchallenges.com\/?p=20772"},"modified":"2020-09-16T18:42:50","modified_gmt":"2020-09-16T18:42:50","slug":"tunisie-abir-moussi-lutter-contre-lislamisation-du-parlement-cest-mon-devoir","status":"publish","type":"post","link":"https:\/\/www.africanchallenges.com\/?p=20772","title":{"rendered":"Tunisie-Abir Moussi: lutter contre l\u2019islamisation du Parlement c&rsquo;est  mon devoir"},"content":{"rendered":"\n<p class=\"wp-block-paragraph\">La pr\u00e9sidente du Parti destourien libre (PDL), Abir Moussi, a avou\u00e9 avoir contrecarr\u00e9 les plans pr\u00e9sum\u00e9s de Rached Ghannouchi pour l\u2019islamisation du Parlement tunisien.<\/p>\n\n\n\n<p class=\"wp-block-paragraph\">Elle a rappel\u00e9, dans ce sens, l\u2019hommage rendu \u00e0 l\u2019ancien pr\u00e9sident de la R\u00e9publique \u00e9gyptienne, Mohamed Morsi, apr\u00e8s sa mort soulignant que ce dernier \u00e9tait pr\u00e9sident de l\u2019organisation des Fr\u00e8res musulmans et qu\u2019il \u00e9tait impliqu\u00e9 dans des affaires en lien avec le terrorisme.<\/p>\n\n\n\n<p class=\"wp-block-paragraph\">Moussi a soulign\u00e9 \u201cIl est de mon devoir de lutter contre ses organisations rattach\u00e9es aux Fr\u00e8res musulmans (Ennahdha, ndlr)\u201d.<\/p>\n\n\n\n<p class=\"wp-block-paragraph\">Evoquant la marche que le PDL compte organiser samedi 19 septembre contre le terrorisme, elle a assur\u00e9 qu\u2019elle allait d\u00e9voiler dans les heures qui viennent plusieurs v\u00e9rit\u00e9s sur l\u2019infiltration de l\u2019appareil de l\u2019Etat tunisien par les Fr\u00e8res musulmans.<\/p>\n\n\n\n<p class=\"wp-block-paragraph\">Au sujet de la plainte d\u00e9pos\u00e9e \u00e0 son encontre par des avocats, elle a qualifi\u00e9 cette action en justice de \u201cd\u00e9marche da\u00e9chienne\u201d(en r\u00e9f\u00e9rence \u00e0 l\u2019Etat islamique Daech, ndlr) assurant que ceux qui ont \u00e9t\u00e9 \u00e0 l\u2019origine de cette plainte devraient, eux-m\u00eame \u00eatre poursuivi pour apologie du terrorisme.<\/p>\n\n\n\n<p class=\"wp-block-paragraph\">Trois plaintes ont \u00e9t\u00e9 d\u00e9pos\u00e9es contre Abir Moussi et les membres du bloc parlementaire du PDL pour corruption, terrorisme et crimes de droit commun et ce en r\u00e9action au sit-in que la d\u00e9put\u00e9e et ses confr\u00e8res avaient observ\u00e9 au Parlement, jug\u00e9 comme entrave au bon d\u00e9roulement des travaux de l\u2019Assembl\u00e9e des repr\u00e9sentants du peuple.<\/p>\n\n\n\n<p class=\"wp-block-paragraph\">Sous le slogan \u00ab non au terrorisme au Parlement \u00bb, les \u00e9lus du PDL ont rappelons-le, revendiqu\u00e9, l\u2019interdiction d\u2019acc\u00e8s au Parlement aux individus suspect\u00e9s de terrorisme.<\/p>\n\n\n\n<p class=\"wp-block-paragraph\">L\u2019\u00e9lu d\u2019Al Karama, Seif Eddine Makhlouf a \u00e9t\u00e9 \u00e0 l\u2019origine de cette contestation. Le d\u00e9put\u00e9 avait, en effet, forc\u00e9 l\u2019entr\u00e9e au Parlement de l\u2019un des fondateurs du parti fich\u00e9 S17, avec l\u2019appui du chef de cabinet du pr\u00e9sident du Parlement, Habib Khedher et en d\u00e9pit du refus des agents de la Garde pr\u00e9sidentielle pr\u00e9sents \u00e0 l\u2019ARP.<\/p>\n\n\n\n<p class=\"wp-block-paragraph\">Elle a rappel\u00e9, dans ce sens, l\u2019hommage rendu \u00e0 l\u2019ancien pr\u00e9sident de la R\u00e9publique \u00e9gyptienne, Mohamed Morsi, apr\u00e8s sa mort soulignant que ce dernier \u00e9tait pr\u00e9sident de l\u2019organisation des Fr\u00e8res musulmans et qu\u2019il \u00e9tait impliqu\u00e9 dans des affaires en lien avec le terrorisme.<\/p>\n\n\n\n<p class=\"wp-block-paragraph\">Moussi a soulign\u00e9 \u201cIl est de mon devoir de lutter contre ses organisations rattach\u00e9es aux Fr\u00e8res musulmans (Ennahdha, ndlr)\u201d.<\/p>\n\n\n\n<p class=\"wp-block-paragraph\">Evoquant la marche que le PDL compte organiser samedi 19 septembre contre le terrorisme, elle a assur\u00e9 qu\u2019elle allait d\u00e9voiler dans les heures qui viennent plusieurs v\u00e9rit\u00e9s sur l\u2019infiltration de l\u2019appareil de l\u2019Etat tunisien par les Fr\u00e8res musulmans.<\/p>\n\n\n\n<p class=\"wp-block-paragraph\">Au sujet de la plainte d\u00e9pos\u00e9e \u00e0 son encontre par des avocats, elle a qualifi\u00e9 cette action en justice de \u201cd\u00e9marche da\u00e9chienne\u201d(en r\u00e9f\u00e9rence \u00e0 l\u2019Etat islamique Daech, ndlr) assurant que ceux qui ont \u00e9t\u00e9 \u00e0 l\u2019origine de cette plainte devraient, eux-m\u00eame \u00eatre poursuivi pour apologie du terrorisme.<\/p>\n\n\n\n<p class=\"wp-block-paragraph\">Trois plaintes ont \u00e9t\u00e9 d\u00e9pos\u00e9es contre Abir Moussi et les membres du bloc parlementaire du PDL pour corruption, terrorisme et crimes de droit commun et ce en r\u00e9action au sit-in que la d\u00e9put\u00e9e et ses confr\u00e8res avaient observ\u00e9 au Parlement, jug\u00e9 comme entrave au bon d\u00e9roulement des travaux de l\u2019Assembl\u00e9e des repr\u00e9sentants du peuple.<\/p>\n\n\n\n<p class=\"wp-block-paragraph\">Sous le slogan \u00ab non au terrorisme au Parlement \u00bb, les \u00e9lus du PDL ont rappelons-le, revendiqu\u00e9, l\u2019interdiction d\u2019acc\u00e8s au Parlement aux individus suspect\u00e9s de terrorisme.<\/p>\n\n\n\n<p class=\"wp-block-paragraph\">L\u2019\u00e9lu d\u2019Al Karama, Seif Eddine Makhlouf a \u00e9t\u00e9 \u00e0 l\u2019origine de cette contestation. Le d\u00e9put\u00e9 avait, en effet, forc\u00e9 l\u2019entr\u00e9e au Parlement de l\u2019un des fondateurs du parti fich\u00e9 S17, avec l\u2019appui du chef de cabinet du pr\u00e9sident du Parlement, Habib Khedher et en d\u00e9pit du refus des agents de la Garde pr\u00e9sidentielle pr\u00e9sents \u00e0 l\u2019ARP.<\/p>\n\n\n","protected":false},"excerpt":{"rendered":"<p>La pr\u00e9sidente du Parti destourien libre (PDL), Abir Moussi, a avou\u00e9 avoir contrecarr\u00e9 les plans pr\u00e9sum\u00e9s de Rached Ghannouchi pour l\u2019islamisation du Parlement tunisien. Elle a rappel\u00e9, dans ce sens, l\u2019hommage rendu \u00e0 l\u2019ancien pr\u00e9sident de la R\u00e9publique \u00e9gyptienne, Mohamed Morsi, apr\u00e8s sa mort soulignant que ce dernier \u00e9tait pr\u00e9sident de l\u2019organisation des Fr\u00e8res musulmans [&hellip;]<\/p>\n","protected":false},"author":4,"featured_media":20260,"comment_status":"open","ping_status":"closed","sticky":false,"template":"","format":"standard","meta":{"content-type":"","jnews-multi-image_gallery":[],"jnews_single_post":{"subtitle":"","format":"standard","video":"","gallery":"","source_name":"","source_url":"","via_name":"","via_url":"","override":[{"single_blog_custom":"","sidebar":"","second_sidebar":"","share_position":"","share_float_style":"","post_date_format":"","post_date_format_custom":"","post_reading_time_wpm":"","zoom_button_out_step":"1","zoom_button_in_step":"1","number_popup_post":"1"}],"image_override":[{"single_post_thumbnail_size":"","single_post_gallery_size":""}],"trending_post_position":"","trending_post_label":"","sponsored_post_label":"","sponsored_post_name":"","sponsored_post_url":"","sponsored_post_logo":"","sponsored_post_desc":""},"jnews_primary_category":{"id":""},"jnews_override_bookmark_settings":[],"jnews_review":[],"enable_review":"","type":"","name":"","summary":"","brand":"","sku":"","good":[],"bad":[],"score_override":"","override_value":"","rating":[],"price":[],"jnews_post_split":[],"footnotes":""},"categories":[2],"tags":[4157,5459,2957],"class_list":["post-20772","post","type-post","status-publish","format-standard","has-post-thumbnail","hentry","category-news-politique","tag-abir-moussi","tag-lislamisation","tag-parlement"],"_links":{"self":[{"href":"https:\/\/www.africanchallenges.com\/index.php?rest_route=\/wp\/v2\/posts\/20772","targetHints":{"allow":["GET"]}}],"collection":[{"href":"https:\/\/www.africanchallenges.com\/index.php?rest_route=\/wp\/v2\/posts"}],"about":[{"href":"https:\/\/www.africanchallenges.com\/index.php?rest_route=\/wp\/v2\/types\/post"}],"author":[{"embeddable":true,"href":"https:\/\/www.africanchallenges.com\/index.php?rest_route=\/wp\/v2\/users\/4"}],"replies":[{"embeddable":true,"href":"https:\/\/www.africanchallenges.com\/index.php?rest_route=%2Fwp%2Fv2%2Fcomments&post=20772"}],"version-history":[{"count":1,"href":"https:\/\/www.africanchallenges.com\/index.php?rest_route=\/wp\/v2\/posts\/20772\/revisions"}],"predecessor-version":[{"id":20773,"href":"https:\/\/www.africanchallenges.com\/index.php?rest_route=\/wp\/v2\/posts\/20772\/revisions\/20773"}],"wp:featuredmedia":[{"embeddable":true,"href":"https:\/\/www.africanchallenges.com\/index.php?rest_route=\/wp\/v2\/media\/20260"}],"wp:attachment":[{"href":"https:\/\/www.africanchallenges.com\/index.php?rest_route=%2Fwp%2Fv2%2Fmedia&parent=20772"}],"wp:term":[{"taxonomy":"category","embeddable":true,"href":"https:\/\/www.africanchallenges.com\/index.php?rest_route=%2Fwp%2Fv2%2Fcategories&post=20772"},{"taxonomy":"post_tag","embeddable":true,"href":"https:\/\/www.africanchallenges.com\/index.php?rest_route=%2Fwp%2Fv2%2Ftags&post=20772"}],"curies":[{"name":"wp","href":"https:\/\/api.w.org\/{rel}","templated":true}]}}