{"id":20499,"date":"2020-09-07T14:57:24","date_gmt":"2020-09-07T14:57:24","guid":{"rendered":"http:\/\/www.africanchallenges.com\/?p=20499"},"modified":"2020-09-07T14:59:56","modified_gmt":"2020-09-07T14:59:56","slug":"tunisie-retour-sur-les-details-de-lattaque-terroriste-qui-a-vise-la-patrouille-securitaire-de-la-garde-nationale-en-service-au-rond-point-dakouda","status":"publish","type":"post","link":"https:\/\/www.africanchallenges.com\/?p=20499","title":{"rendered":"Tunisie : Retour sur les d\u00e9tails de l\u2019attaque terroriste qui a vis\u00e9 la patrouille s\u00e9curitaire de la Garde nationale en service au rond-point d\u2019Akouda"},"content":{"rendered":"\n<p style=\"box-sizing: border-box; margin-top: 32px; margin-bottom: 25px; line-height: 28px; color: #232323; font-family: Arimo; font-size: 15px;\">Une attaque terroriste a \u00e9t\u00e9 perp\u00e9tr\u00e9e hier dimanche matin 06 septembre. Trois terroristes se sont attaqu\u00e9s \u00e0 la patrouille s\u00e9curitaire de la Garde nationale \u00e0 Sousse. Les trois terroristes ont fonc\u00e9 sur les deux agents de la Garde nationale avec leur v\u00e9hicule, avant de les poignarder, leur causant de graves blessures. L\u2019adjudant Sami Mrabet est tomb\u00e9 en martyr, succombant \u00e0 ses blessures \u00e0 l\u2019h\u00f4pital de Sahloul, alors que l\u2019adjudant Rami Limam transport\u00e9 \u00e0 l\u2019h\u00f4pital dans un \u00e9tat critique est aujourd\u2019hui dans un \u00e9tat stable selon Houssem Eddine Jebabli.<\/p>\n<p style=\"box-sizing: border-box; margin-top: 32px; margin-bottom: 25px; line-height: 28px; color: #232323; font-family: Arimo; font-size: 15px;\">Le porte-parole de la direction g\u00e9n\u00e9rale de la Garde nationale, Houssem Eddine Jebabli est revenu ce lundi 7 septembre 2020, sur les d\u00e9tails de l\u2019attaque terroriste qui a vis\u00e9 hier la patrouille s\u00e9curitaire de la Garde nationale en service au rond-point d\u2019Akouda, menant vers la Baie des Anges \u00e0 El Kantaoui-Sousse.<\/p>\n<p style=\"box-sizing: border-box; margin-top: 32px; margin-bottom: 25px; line-height: 28px; color: #232323; font-family: Arimo; font-size: 15px;\">Lors d\u2019une d\u00e9claration accord\u00e9e aux m\u00e9dias, M. Jebabli a indiqu\u00e9 que \u00ab Le groupe terroriste est entr\u00e9 dans la mosqu\u00e9e avant de se d\u00e9placer vers le lieu de l\u2019attaque \u00e0 6h30. A 8h46, les terroristes ont \u00e9t\u00e9 \u00e9limin\u00e9s\u00bb.<\/p>\n<p style=\"box-sizing: border-box; margin-top: 32px; margin-bottom: 25px; line-height: 28px; color: #232323; font-family: Arimo; font-size: 15px;\">Le porte-parole de la direction g\u00e9n\u00e9rale de la Garde nationale a pr\u00e9cis\u00e9 que les trois terroristes avaient fonc\u00e9 sur les deux agents de la Garde nationale post\u00e9s au rond point avec leur v\u00e9hicule, dans le but de voler leurs armes.<\/p>\n<p style=\"box-sizing: border-box; margin-top: 32px; margin-bottom: 25px; line-height: 28px; color: #232323; font-family: Arimo; font-size: 15px;\">Soulignant que les unit\u00e9s militaires et s\u00e9curitaires sont toujours pr\u00eates \u00e0 confronter les terroristes, il a martel\u00e9 : \u00ab Les agents de la Garde nationale ont r\u00e9ussi leur mission en \u00e9liminant les terroristes. En seulement quelques minutes, les zones dans lesquelles se trouvaient les terroristes ont \u00e9t\u00e9 d\u00e9limit\u00e9es\u00a0\u00bb.<\/p>\n<p style=\"box-sizing: border-box; margin-top: 32px; margin-bottom: 25px; line-height: 28px; color: #232323; font-family: Arimo; font-size: 15px;\">\u00ab\u00a0Les trois terroristes abattus ne sont pas connus par les services du minist\u00e8re \u00bb, a ajout\u00e9 Houssem Eddine Jebabli qui a pr\u00e9cis\u00e9 que les investigations ont permis d\u2019interroger 43 personnes et que sept d\u2019entre elles ont \u00e9t\u00e9 plac\u00e9es en garde \u00e0 vue. Parmi les arr\u00eat\u00e9s figure le terroriste qui a radicalis\u00e9 les deux fr\u00e8res ayant men\u00e9 l\u2019op\u00e9ration terroriste ainsi que l\u2019\u00e9pouse de l\u2019un d\u2019entre eux.<\/p>\n<p style=\"box-sizing: border-box; margin-top: 32px; margin-bottom: 25px; line-height: 28px; color: #232323; font-family: Arimo; font-size: 15px;\">M. Jebabli a pr\u00e9cis\u00e9 que les terroristes, pouss\u00e9s dans leurs retranchements, et d\u00e9sarm\u00e9s, essayent de mener des op\u00e9rations visant \u00e0 subtiliser des armes et que affaiblis ils recourent \u00e0 des techniques comme le poignardage ou encore l\u2019empoisonnement. Des techniques qui prouvent le d\u00e9sespoir des terroristes dont la plupart des camps ont \u00e9t\u00e9 d\u00e9truits selon le porte-parole de la Garde nationale.<\/p>\n","protected":false},"excerpt":{"rendered":"Une attaque terroriste a \u00e9t\u00e9 perp\u00e9tr\u00e9e hier dimanche matin 06 septembre. Trois terroristes se sont attaqu\u00e9s \u00e0 la patrouille s\u00e9curitaire de la Garde nationale \u00e0 Sousse. Les trois terroristes ont fonc\u00e9 sur les deux agents de la Garde nationale avec leur v\u00e9hicule, avant de les poignarder, leur causant de graves blessures. L\u2019adjudant Sami Mrabet est [...]","protected":false},"author":4,"featured_media":20500,"comment_status":"open","ping_status":"closed","sticky":false,"template":"","format":"standard","meta":{"content-type":"","jnews-multi-image_gallery":[],"jnews_single_post":{"subtitle":"","format":"standard","video":"","gallery":"","source_name":"","source_url":"","via_name":"","via_url":"","override":[{"single_blog_custom":"","sidebar":"","second_sidebar":"","share_position":"","share_float_style":"","post_date_format":"","post_date_format_custom":"","post_reading_time_wpm":"","zoom_button_out_step":"1","zoom_button_in_step":"1","number_popup_post":"1"}],"image_override":[{"single_post_thumbnail_size":"","single_post_gallery_size":""}],"trending_post_position":"","trending_post_label":"","sponsored_post_label":"","sponsored_post_name":"","sponsored_post_url":"","sponsored_post_logo":"","sponsored_post_desc":""},"jnews_primary_category":{"id":""},"jnews_override_bookmark_settings":[],"jnews_review":[],"enable_review":"","type":"","name":"","summary":"","brand":"","sku":"","good":[],"bad":[],"score_override":"","override_value":"","rating":[],"price":[],"jnews_post_split":[],"footnotes":""},"categories":[61],"tags":[5389,215],"class_list":["post-20499","post","type-post","status-publish","format-standard","has-post-thumbnail","hentry","category-societe","tag-attaque-terroriste","tag-garde-nationale"],"_links":{"self":[{"href":"https:\/\/www.africanchallenges.com\/index.php?rest_route=\/wp\/v2\/posts\/20499","targetHints":{"allow":["GET"]}}],"collection":[{"href":"https:\/\/www.africanchallenges.com\/index.php?rest_route=\/wp\/v2\/posts"}],"about":[{"href":"https:\/\/www.africanchallenges.com\/index.php?rest_route=\/wp\/v2\/types\/post"}],"author":[{"embeddable":true,"href":"https:\/\/www.africanchallenges.com\/index.php?rest_route=\/wp\/v2\/users\/4"}],"replies":[{"embeddable":true,"href":"https:\/\/www.africanchallenges.com\/index.php?rest_route=%2Fwp%2Fv2%2Fcomments&post=20499"}],"version-history":[{"count":1,"href":"https:\/\/www.africanchallenges.com\/index.php?rest_route=\/wp\/v2\/posts\/20499\/revisions"}],"predecessor-version":[{"id":20501,"href":"https:\/\/www.africanchallenges.com\/index.php?rest_route=\/wp\/v2\/posts\/20499\/revisions\/20501"}],"wp:featuredmedia":[{"embeddable":true,"href":"https:\/\/www.africanchallenges.com\/index.php?rest_route=\/wp\/v2\/media\/20500"}],"wp:attachment":[{"href":"https:\/\/www.africanchallenges.com\/index.php?rest_route=%2Fwp%2Fv2%2Fmedia&parent=20499"}],"wp:term":[{"taxonomy":"category","embeddable":true,"href":"https:\/\/www.africanchallenges.com\/index.php?rest_route=%2Fwp%2Fv2%2Fcategories&post=20499"},{"taxonomy":"post_tag","embeddable":true,"href":"https:\/\/www.africanchallenges.com\/index.php?rest_route=%2Fwp%2Fv2%2Ftags&post=20499"}],"curies":[{"name":"wp","href":"https:\/\/api.w.org\/{rel}","templated":true}]}}