{"id":20209,"date":"2020-08-25T19:35:41","date_gmt":"2020-08-25T19:35:41","guid":{"rendered":"http:\/\/www.africanchallenges.com\/?p=20209"},"modified":"2020-08-25T19:38:18","modified_gmt":"2020-08-25T19:38:18","slug":"tunisie-pleniere-consacree-au-vote-du-gouvernement-mechichi-le1er-septembre","status":"publish","type":"post","link":"https:\/\/www.africanchallenges.com\/?p=20209","title":{"rendered":"Tunisie : Pl\u00e9ni\u00e8re consacr\u00e9e au vote du gouvernement Mechichi le1er septembre"},"content":{"rendered":"\n<p>Le bureau de l\u2019Assembl\u00e9e des repr\u00e9sentants du peuple a fix\u00e9 au 1er septembre 2020, la pl\u00e9ni\u00e8re consacr\u00e9e au vote de confiance du gouvernement d\u2019e Hichem Mechichi.<\/p>\n<p>Hichem Mechichi a annonc\u00e9 hier, lundi 24 ao\u00fbt 2020, \u00e0 minuit, la composition de son gouvernement.<\/p>\n","protected":false},"excerpt":{"rendered":"Le bureau de l\u2019Assembl\u00e9e des repr\u00e9sentants du peuple a fix\u00e9 au 1er septembre 2020, la pl\u00e9ni\u00e8re consacr\u00e9e au vote de confiance du gouvernement d\u2019e Hichem Mechichi. Hichem Mechichi a annonc\u00e9 hier, lundi 24 ao\u00fbt 2020, \u00e0 minuit, la composition de son gouvernement.","protected":false},"author":4,"featured_media":15815,"comment_status":"open","ping_status":"closed","sticky":false,"template":"","format":"standard","meta":{"content-type":"","jnews-multi-image_gallery":[],"jnews_single_post":{"subtitle":"","format":"standard","video":"","gallery":"","source_name":"","source_url":"","via_name":"","via_url":"","override":[{"single_blog_custom":"","sidebar":"","second_sidebar":"","share_position":"","share_float_style":"","post_date_format":"","post_date_format_custom":"","post_reading_time_wpm":"","zoom_button_out_step":"1","zoom_button_in_step":"1","number_popup_post":"1"}],"image_override":[{"single_post_thumbnail_size":"","single_post_gallery_size":""}],"trending_post_position":"","trending_post_label":"","sponsored_post_label":"","sponsored_post_name":"","sponsored_post_url":"","sponsored_post_logo":"","sponsored_post_desc":""},"jnews_primary_category":{"id":""},"jnews_override_bookmark_settings":[],"jnews_review":[],"enable_review":"","type":"","name":"","summary":"","brand":"","sku":"","good":[],"bad":[],"score_override":"","override_value":"","rating":[],"price":[],"jnews_post_split":[],"footnotes":""},"categories":[2],"tags":[5182,4974],"class_list":["post-20209","post","type-post","status-publish","format-standard","has-post-thumbnail","hentry","category-news-politique","tag-gouvernement-mechichi","tag-pleniere"],"_links":{"self":[{"href":"https:\/\/www.africanchallenges.com\/index.php?rest_route=\/wp\/v2\/posts\/20209","targetHints":{"allow":["GET"]}}],"collection":[{"href":"https:\/\/www.africanchallenges.com\/index.php?rest_route=\/wp\/v2\/posts"}],"about":[{"href":"https:\/\/www.africanchallenges.com\/index.php?rest_route=\/wp\/v2\/types\/post"}],"author":[{"embeddable":true,"href":"https:\/\/www.africanchallenges.com\/index.php?rest_route=\/wp\/v2\/users\/4"}],"replies":[{"embeddable":true,"href":"https:\/\/www.africanchallenges.com\/index.php?rest_route=%2Fwp%2Fv2%2Fcomments&post=20209"}],"version-history":[{"count":1,"href":"https:\/\/www.africanchallenges.com\/index.php?rest_route=\/wp\/v2\/posts\/20209\/revisions"}],"predecessor-version":[{"id":20210,"href":"https:\/\/www.africanchallenges.com\/index.php?rest_route=\/wp\/v2\/posts\/20209\/revisions\/20210"}],"wp:featuredmedia":[{"embeddable":true,"href":"https:\/\/www.africanchallenges.com\/index.php?rest_route=\/wp\/v2\/media\/15815"}],"wp:attachment":[{"href":"https:\/\/www.africanchallenges.com\/index.php?rest_route=%2Fwp%2Fv2%2Fmedia&parent=20209"}],"wp:term":[{"taxonomy":"category","embeddable":true,"href":"https:\/\/www.africanchallenges.com\/index.php?rest_route=%2Fwp%2Fv2%2Fcategories&post=20209"},{"taxonomy":"post_tag","embeddable":true,"href":"https:\/\/www.africanchallenges.com\/index.php?rest_route=%2Fwp%2Fv2%2Ftags&post=20209"}],"curies":[{"name":"wp","href":"https:\/\/api.w.org\/{rel}","templated":true}]}}