{"id":2011,"date":"2018-09-12T16:47:09","date_gmt":"2018-09-12T16:47:09","guid":{"rendered":"http:\/\/www.africanchallenges.com\/?p=2011"},"modified":"2018-09-12T16:47:09","modified_gmt":"2018-09-12T16:47:09","slug":"tunisie-remise-du-prix-national-de-la-qualite-2017","status":"publish","type":"post","link":"https:\/\/www.africanchallenges.com\/?p=2011","title":{"rendered":"Tunisie : remise du Prix national de la Qualit\u00e9 2017"},"content":{"rendered":"<p><strong>Une \u00a0c\u00e9r\u00e9monie de remise des prix, est organis\u00e9e le lundi 10 septembre, au si\u00e8ge de l\u2019UTICA.<\/strong><\/p>\n<p><strong>La soci\u00e9t\u00e9 Ardia, sp\u00e9cialiste des \u00e9quipements \u00e9lectroniques destin\u00e9s aux march\u00e9s des v\u00e9hicules roulants et de l\u2019\u00e9nergie, a remport\u00e9 le premier Prix national de la Qualit\u00e9, \u00e9dition 2017, l<\/strong><strong>e deuxi\u00e8me prix a \u00e9t\u00e9 attribu\u00e9 au groupe Sancella, fabricant de produits d\u2019hygi\u00e8ne et l<\/strong><strong>e troisi\u00e8me a \u00e9t\u00e9 d\u00e9cern\u00e9 \u00e0 la soci\u00e9t\u00e9 Land\u2019Or, sp\u00e9cialis\u00e9e dans la fabrication de fromages.<\/strong><\/p>\n<p>Le directeur g\u00e9n\u00e9ral de la soci\u00e9t\u00e9 Ardia, Walid Rouissi, a d\u00e9clar\u00e9 que ce prix valorise les efforts des ing\u00e9nieurs de la soci\u00e9t\u00e9, dont le nombre s\u2019\u00e9l\u00e8ve \u00e0 386.<\/p>\n<p>Rouissi a ajout\u00e9 que sa soci\u00e9t\u00e9, filiale de groupe fran\u00e7ais Actia, pr\u00e9voit de finaliser la construction du deuxi\u00e8me si\u00e8ge d\u2019Ardia Tunisie sur une superficie de 9000 m2, dans la zone industrielle Chotrana 2, avant la fin de l\u2019ann\u00e9e 2018.<\/p>\n<p>Walid Rouissi \u00a0a pr\u00e9cis\u00e9<strong><em> \u201cLa soci\u00e9t\u00e9 emploie en moyenne 100 ing\u00e9nieurs par an, pour un total de 750 ing\u00e9nieurs sp\u00e9cialis\u00e9s dans l\u2019\u00e9lectronique, la technologie et l\u2019informatique. Ardia, totalement exportatrice, a r\u00e9alis\u00e9 un chiffre d\u2019affaires de 23 millions de dinars en 2017 et pr\u00e9voit la progression de son CA \u00e0 27 MDT fin 2018\u201d.<\/em><\/strong><\/p>\n<p>Pour sa part,M. Jean-Louis Pech\u00a0, le pr\u00e9sident du directoire du groupe ACTIA, a assur\u00e9 que la main-d\u2019\u0153uvre comp\u00e9tente en Tunisie constitue un point fort pour la soci\u00e9t\u00e9 \u00e9tant donn\u00e9 sa capacit\u00e9 \u00e0 d\u00e9velopper les activit\u00e9s technologiques.<\/p>\n<p>Il a avanc\u00e9 que la valeur des investissements en Tunisie a avoisin\u00e9 les 20 millions de dinars au cours des trois derni\u00e8res ann\u00e9es, pointant la difficult\u00e9 d\u2019obtenir des financements en Tunisie pour d\u00e9velopper l\u2019activit\u00e9 de la filiale.<\/p>\n<p>M.Samir Majoul ,le pr\u00e9sident de l\u2019UTICA, , a soulign\u00e9 que <strong><em>\u201cnous devons avoir \u00e0 c\u0153ur de r\u00e9compenser l\u2019excellence, la qualit\u00e9 et la volont\u00e9 de l\u2019entreprise tunisienne de mieux faire pour r\u00e9ussir \u00e0 d\u00e9montrer sa capacit\u00e9 \u00e0 se r\u00e9former, \u00e0 r\u00e9pondre toujours mieux aux attentes du march\u00e9\u201d.<\/em><\/strong><\/p>\n<p>Il estime que <strong><em>\u201cl\u2019am\u00e9lioration de la qualit\u00e9 qui impactera positivement la comp\u00e9titivit\u00e9 du tissu productif repose fondamentalement sur la restructuration des fili\u00e8res industrielles en \u00e9cosyst\u00e8mes performants, comp\u00e9titifs et la cr\u00e9ation d\u2019un environnement favorable au d\u00e9veloppement de la comp\u00e9titivit\u00e9 des entreprises, notamment \u00e0 travers la disponibilit\u00e9 d\u2019une main-d\u2019\u0153uvre qualifi\u00e9e travaillant dans des conditions saines et de s\u00e9curit\u00e9, respectant les normes internationales en mati\u00e8re de qualit\u00e9, sant\u00e9, s\u00e9curit\u00e9 au travail et respect de l\u2019environnement\u201d.<\/em><\/strong><\/p>\n<p>Pr\u00e9sent \u00e0 la c\u00e9r\u00e9monie de remise des prix, le ministre de l\u2019Industrie et des Petites et moyennes entreprises, charg\u00e9 de l\u2019Energie, des Mines et des Energies renouvelables, Slim Feriani, a mis l\u2019accent sur \u201c<strong><em>la n\u00e9cessit\u00e9 de promouvoir la qualit\u00e9 dans le domaine industriel, comme condition sine qua non aux exportations et \u00e0 la croissance\u201d.<\/em><\/strong><\/p>\n<p>&nbsp;<\/p>\n","protected":false},"excerpt":{"rendered":"<p>Une \u00a0c\u00e9r\u00e9monie de remise des prix, est organis\u00e9e le lundi 10 septembre, au si\u00e8ge de l\u2019UTICA. La soci\u00e9t\u00e9 Ardia, sp\u00e9cialiste des \u00e9quipements \u00e9lectroniques destin\u00e9s aux march\u00e9s des v\u00e9hicules roulants et de l\u2019\u00e9nergie, a remport\u00e9 le premier Prix national de la Qualit\u00e9, \u00e9dition 2017, le deuxi\u00e8me prix a \u00e9t\u00e9 attribu\u00e9 au groupe Sancella, fabricant de produits [&hellip;]<\/p>\n","protected":false},"author":3,"featured_media":2012,"comment_status":"open","ping_status":"closed","sticky":false,"template":"","format":"standard","meta":{"content-type":"","jnews-multi-image_gallery":[],"jnews_single_post":{"override_template":"0","override":[{"template":"1","parallax":"1","fullscreen":"0","layout":"right-sidebar","sidebar":"default-sidebar","second_sidebar":"default-sidebar","sticky_sidebar":"1","share_position":"top","share_float_style":"share-monocrhome","show_share_counter":"1","show_view_counter":"1","show_featured":"1","show_post_meta":"1","show_post_author":"1","show_post_author_image":"1","show_post_date":"1","post_date_format":"default","post_date_format_custom":"Y\/m\/d","show_post_category":"1","show_post_tag":"1","show_prev_next_post":"1","show_popup_post":"1","number_popup_post":"1","show_author_box":"0","show_post_related":"1","show_inline_post_related":"0"}],"override_image_size":"0","image_override":[{"single_post_thumbnail_size":"crop-500","single_post_gallery_size":"crop-500"}]},"jnews_primary_category":{"id":""},"jnews_override_bookmark_settings":[],"jnews_review":[],"enable_review":"","type":"","name":"","summary":"","brand":"","sku":"","good":[],"bad":[],"score_override":"","override_value":"","rating":[],"price":[],"jnews_post_split":[],"footnotes":""},"categories":[43],"tags":[881,229,964,962,961,963],"class_list":["post-2011","post","type-post","status-publish","format-standard","has-post-thumbnail","hentry","category-eco-business","tag-ardia","tag-ceremonie","tag-landor","tag-qualite2017","tag-remise-des-prix","tag-sancella"],"_links":{"self":[{"href":"https:\/\/www.africanchallenges.com\/index.php?rest_route=\/wp\/v2\/posts\/2011","targetHints":{"allow":["GET"]}}],"collection":[{"href":"https:\/\/www.africanchallenges.com\/index.php?rest_route=\/wp\/v2\/posts"}],"about":[{"href":"https:\/\/www.africanchallenges.com\/index.php?rest_route=\/wp\/v2\/types\/post"}],"author":[{"embeddable":true,"href":"https:\/\/www.africanchallenges.com\/index.php?rest_route=\/wp\/v2\/users\/3"}],"replies":[{"embeddable":true,"href":"https:\/\/www.africanchallenges.com\/index.php?rest_route=%2Fwp%2Fv2%2Fcomments&post=2011"}],"version-history":[{"count":1,"href":"https:\/\/www.africanchallenges.com\/index.php?rest_route=\/wp\/v2\/posts\/2011\/revisions"}],"predecessor-version":[{"id":2013,"href":"https:\/\/www.africanchallenges.com\/index.php?rest_route=\/wp\/v2\/posts\/2011\/revisions\/2013"}],"wp:featuredmedia":[{"embeddable":true,"href":"https:\/\/www.africanchallenges.com\/index.php?rest_route=\/wp\/v2\/media\/2012"}],"wp:attachment":[{"href":"https:\/\/www.africanchallenges.com\/index.php?rest_route=%2Fwp%2Fv2%2Fmedia&parent=2011"}],"wp:term":[{"taxonomy":"category","embeddable":true,"href":"https:\/\/www.africanchallenges.com\/index.php?rest_route=%2Fwp%2Fv2%2Fcategories&post=2011"},{"taxonomy":"post_tag","embeddable":true,"href":"https:\/\/www.africanchallenges.com\/index.php?rest_route=%2Fwp%2Fv2%2Ftags&post=2011"}],"curies":[{"name":"wp","href":"https:\/\/api.w.org\/{rel}","templated":true}]}}