{"id":20070,"date":"2020-08-18T21:33:14","date_gmt":"2020-08-18T21:33:14","guid":{"rendered":"http:\/\/www.africanchallenges.com\/?p=20070"},"modified":"2020-08-18T21:37:19","modified_gmt":"2020-08-18T21:37:19","slug":"facebook-lance-ses-avatars-personnalises-en-afrique","status":"publish","type":"post","link":"https:\/\/www.africanchallenges.com\/?p=20070","title":{"rendered":"Facebook  lance ses avatars personnalis\u00e9s en Afrique"},"content":{"rendered":"\n<p class=\"texte textearticle\"><strong>Disponibles pour la premi\u00e8re fois en Australie depuis plus d\u2019un an, les avatars, petits personnages num\u00e9riques personnalisables de Facebook, sont d\u00e9sormais disponibles en Afrique. La fonctionnalit\u00e9 avait d\u00e9j\u00e0 \u00e9t\u00e9 lanc\u00e9e en Europe en avril 2020.<\/strong><\/p>\n<p class=\"texte textearticle\">En Afrique subsaharienne, Facebook vient de lancer ses \u00ab\u00a0avatars\u00a0\u00bb. Il s\u2019agit de personnages num\u00e9riques personnalisables qui permettent aux abonn\u00e9s d\u2019affirmer encore plus leur identit\u00e9 sur le r\u00e9seau social. D\u2019apr\u00e8s Facebook, en permettant de partager toute une gamme d&rsquo;\u00e9motions et d&rsquo;expressions, ils rendent les interactions plus personnelles et dynamiques.\u00a0<\/p>\n<p class=\"texte textearticle\">Les avatars seront utilisables dans les commentaires, les stories et sur Messenger.\u00a0<em>\u00ab\u00a0Facebook abrite certains de vos contenus les plus personnels et nous voulons permettre aux gens de partager et de r\u00e9agir \u00e0 ces contenus de la mani\u00e8re la plus personnalis\u00e9e possible. Nous sommes ravis de donner aux gens plus d&rsquo;options pour transmettre leur identit\u00e9 sur Facebook, leur permettant de partager de mani\u00e8re plus personnelle et l\u00e9g\u00e8re\u00a0\u00bb<\/em>, a d\u00e9clar\u00e9 Nunu Ntshingila (photo), directrice r\u00e9gionale de Facebook Afrique.<\/p>\n<p class=\"texte textearticle\">Il faut savoir que les avatars \u00e9taient d\u00e9j\u00e0 disponibles depuis avril en Europe. La fonctionnalit\u00e9 a \u00e9t\u00e9 lanc\u00e9e en Australie depuis pr\u00e8s d\u2019un an.<\/p>\n","protected":false},"excerpt":{"rendered":"Disponibles pour la premi\u00e8re fois en Australie depuis plus d\u2019un an, les avatars, petits personnages num\u00e9riques personnalisables de Facebook, sont d\u00e9sormais disponibles en Afrique. La fonctionnalit\u00e9 avait d\u00e9j\u00e0 \u00e9t\u00e9 lanc\u00e9e en Europe en avril 2020. En Afrique subsaharienne, Facebook vient de lancer ses \u00ab\u00a0avatars\u00a0\u00bb. Il s\u2019agit de personnages num\u00e9riques personnalisables qui permettent aux abonn\u00e9s d\u2019affirmer [...]","protected":false},"author":4,"featured_media":20071,"comment_status":"open","ping_status":"closed","sticky":false,"template":"","format":"standard","meta":{"content-type":"","jnews-multi-image_gallery":[],"jnews_single_post":{"subtitle":"","format":"standard","video":"","gallery":"","source_name":"","source_url":"","via_name":"","via_url":"","override":[{"single_blog_custom":"","sidebar":"","second_sidebar":"","share_position":"","share_float_style":"","post_date_format":"","post_date_format_custom":"","post_reading_time_wpm":"","zoom_button_out_step":"1","zoom_button_in_step":"1","number_popup_post":"1"}],"image_override":[{"single_post_thumbnail_size":"","single_post_gallery_size":""}],"trending_post_position":"","trending_post_label":"","sponsored_post_label":"","sponsored_post_name":"","sponsored_post_url":"","sponsored_post_logo":"","sponsored_post_desc":""},"jnews_primary_category":{"id":""},"jnews_override_bookmark_settings":[],"jnews_review":[],"enable_review":"","type":"","name":"","summary":"","brand":"","sku":"","good":[],"bad":[],"score_override":"","override_value":"","rating":[],"price":[],"jnews_post_split":[],"footnotes":""},"categories":[12],"tags":[63,5262,162],"class_list":["post-20070","post","type-post","status-publish","format-standard","has-post-thumbnail","hentry","category-tech","tag-afrique","tag-avatars-personnalises","tag-facebook"],"_links":{"self":[{"href":"https:\/\/www.africanchallenges.com\/index.php?rest_route=\/wp\/v2\/posts\/20070","targetHints":{"allow":["GET"]}}],"collection":[{"href":"https:\/\/www.africanchallenges.com\/index.php?rest_route=\/wp\/v2\/posts"}],"about":[{"href":"https:\/\/www.africanchallenges.com\/index.php?rest_route=\/wp\/v2\/types\/post"}],"author":[{"embeddable":true,"href":"https:\/\/www.africanchallenges.com\/index.php?rest_route=\/wp\/v2\/users\/4"}],"replies":[{"embeddable":true,"href":"https:\/\/www.africanchallenges.com\/index.php?rest_route=%2Fwp%2Fv2%2Fcomments&post=20070"}],"version-history":[{"count":1,"href":"https:\/\/www.africanchallenges.com\/index.php?rest_route=\/wp\/v2\/posts\/20070\/revisions"}],"predecessor-version":[{"id":20072,"href":"https:\/\/www.africanchallenges.com\/index.php?rest_route=\/wp\/v2\/posts\/20070\/revisions\/20072"}],"wp:featuredmedia":[{"embeddable":true,"href":"https:\/\/www.africanchallenges.com\/index.php?rest_route=\/wp\/v2\/media\/20071"}],"wp:attachment":[{"href":"https:\/\/www.africanchallenges.com\/index.php?rest_route=%2Fwp%2Fv2%2Fmedia&parent=20070"}],"wp:term":[{"taxonomy":"category","embeddable":true,"href":"https:\/\/www.africanchallenges.com\/index.php?rest_route=%2Fwp%2Fv2%2Fcategories&post=20070"},{"taxonomy":"post_tag","embeddable":true,"href":"https:\/\/www.africanchallenges.com\/index.php?rest_route=%2Fwp%2Fv2%2Ftags&post=20070"}],"curies":[{"name":"wp","href":"https:\/\/api.w.org\/{rel}","templated":true}]}}