{"id":19845,"date":"2020-08-12T21:34:52","date_gmt":"2020-08-12T21:34:52","guid":{"rendered":"http:\/\/www.africanchallenges.com\/?p=19845"},"modified":"2020-08-12T21:38:14","modified_gmt":"2020-08-12T21:38:14","slug":"tunisie-abir-moussi-soutient-le-gouvernement-mechichi","status":"publish","type":"post","link":"https:\/\/www.africanchallenges.com\/?p=19845","title":{"rendered":"Tunisie : Abir Moussi soutient le gouvernement Mechichi"},"content":{"rendered":"\n<p>A l\u2019issue de la rencontre avec le charg\u00e9 de la formation du nouveau gouvernement, Hichem Mechichi, la pr\u00e9sidente du PDL, Abir Moussi, a affirm\u00e9, que le parti destourien tient \u00e0 ce que la nouvelle \u00e9quipe gouvernementale soit compos\u00e9e de comp\u00e9tences totalement et v\u00e9ritablement ind\u00e9pendantes.<\/p>\n<p>\u00a0Moussi a d\u00e9clar\u00e9 <strong><em>\u00ab Nous avons d\u2019abord abord\u00e9 avec M. Mechichi la n\u00e9cessit\u00e9 qu\u2019il y ait une vraie volont\u00e9 politique pour r\u00e9former le pays et consacrer les valeurs d\u2019Etat de droit et des institutions. Nous avons parl\u00e9 de la structure du gouvernement et nous avons \u00e9voqu\u00e9 l\u2019option de constituer des p\u00f4les minist\u00e9riels qui pourront se charger de certains dossiers avec plus d\u2019efficacit\u00e9 et le charg\u00e9 de la formation du nouveau gouvernement semblait adh\u00e9rer \u00e0 cette id\u00e9e \u00bb .<\/em><\/strong><\/p>\n<p>La pr\u00e9sidente du PDL a expliqu\u00e9 que son parti a accept\u00e9 de rencontrer Hichem Mechichi quand ce dernier a annonc\u00e9 opter pour un gouvernement ind\u00e9pendant.<\/p>\n<p>Moussi a conclu <strong><em>\u00ab Nous avons soumis au chef du gouvernement d\u00e9sign\u00e9 notre vision mais nous ne voterons pour son \u00e9quipe que si nous avons la certitude de sa totale ind\u00e9pendance. Il ne s\u2019agit pas de trouver apr\u00e8s des sous-marins et encore moins des gens qui ont des relations aussi lointaines qu\u2019elles soient avec les extr\u00e9mistes, point sur lequel nous ne transigeons pas \u00bb .<\/em><\/strong><\/p>\n","protected":false},"excerpt":{"rendered":"A l\u2019issue de la rencontre avec le charg\u00e9 de la formation du nouveau gouvernement, Hichem Mechichi, la pr\u00e9sidente du PDL, Abir Moussi, a affirm\u00e9, que le parti destourien tient \u00e0 ce que la nouvelle \u00e9quipe gouvernementale soit compos\u00e9e de comp\u00e9tences totalement et v\u00e9ritablement ind\u00e9pendantes. \u00a0Moussi a d\u00e9clar\u00e9 \u00ab Nous avons d\u2019abord abord\u00e9 avec M. Mechichi [...]","protected":false},"author":4,"featured_media":19846,"comment_status":"open","ping_status":"closed","sticky":false,"template":"","format":"standard","meta":{"content-type":"","jnews-multi-image_gallery":[],"jnews_single_post":{"subtitle":"","format":"standard","video":"","gallery":"","source_name":"","source_url":"","via_name":"","via_url":"","override":[{"single_blog_custom":"","sidebar":"","second_sidebar":"","share_position":"","share_float_style":"","post_date_format":"","post_date_format_custom":"","post_reading_time_wpm":"","zoom_button_out_step":"1","zoom_button_in_step":"1","number_popup_post":"1"}],"image_override":[{"single_post_thumbnail_size":"","single_post_gallery_size":""}],"trending_post_position":"","trending_post_label":"","sponsored_post_label":"","sponsored_post_name":"","sponsored_post_url":"","sponsored_post_logo":"","sponsored_post_desc":""},"jnews_primary_category":{"id":""},"jnews_override_bookmark_settings":[],"jnews_review":[],"enable_review":"","type":"","name":"","summary":"","brand":"","sku":"","good":[],"bad":[],"score_override":"","override_value":"","rating":[],"price":[],"jnews_post_split":[],"footnotes":""},"categories":[2],"tags":[4157,5182],"class_list":["post-19845","post","type-post","status-publish","format-standard","has-post-thumbnail","hentry","category-news-politique","tag-abir-moussi","tag-gouvernement-mechichi"],"_links":{"self":[{"href":"https:\/\/www.africanchallenges.com\/index.php?rest_route=\/wp\/v2\/posts\/19845","targetHints":{"allow":["GET"]}}],"collection":[{"href":"https:\/\/www.africanchallenges.com\/index.php?rest_route=\/wp\/v2\/posts"}],"about":[{"href":"https:\/\/www.africanchallenges.com\/index.php?rest_route=\/wp\/v2\/types\/post"}],"author":[{"embeddable":true,"href":"https:\/\/www.africanchallenges.com\/index.php?rest_route=\/wp\/v2\/users\/4"}],"replies":[{"embeddable":true,"href":"https:\/\/www.africanchallenges.com\/index.php?rest_route=%2Fwp%2Fv2%2Fcomments&post=19845"}],"version-history":[{"count":2,"href":"https:\/\/www.africanchallenges.com\/index.php?rest_route=\/wp\/v2\/posts\/19845\/revisions"}],"predecessor-version":[{"id":19849,"href":"https:\/\/www.africanchallenges.com\/index.php?rest_route=\/wp\/v2\/posts\/19845\/revisions\/19849"}],"wp:featuredmedia":[{"embeddable":true,"href":"https:\/\/www.africanchallenges.com\/index.php?rest_route=\/wp\/v2\/media\/19846"}],"wp:attachment":[{"href":"https:\/\/www.africanchallenges.com\/index.php?rest_route=%2Fwp%2Fv2%2Fmedia&parent=19845"}],"wp:term":[{"taxonomy":"category","embeddable":true,"href":"https:\/\/www.africanchallenges.com\/index.php?rest_route=%2Fwp%2Fv2%2Fcategories&post=19845"},{"taxonomy":"post_tag","embeddable":true,"href":"https:\/\/www.africanchallenges.com\/index.php?rest_route=%2Fwp%2Fv2%2Ftags&post=19845"}],"curies":[{"name":"wp","href":"https:\/\/api.w.org\/{rel}","templated":true}]}}