{"id":19559,"date":"2020-08-04T22:16:20","date_gmt":"2020-08-04T22:16:20","guid":{"rendered":"http:\/\/www.africanchallenges.com\/?p=19559"},"modified":"2020-08-04T22:24:09","modified_gmt":"2020-08-04T22:24:09","slug":"tunisie-coronavirus-elyes-fakhfakhle-chef-du-gouvernement-demissionnaire-en-visite-a-laeroport-tunis-carthage","status":"publish","type":"post","link":"https:\/\/www.africanchallenges.com\/?p=19559","title":{"rendered":"Tunisie &#8211; Coronavirus : Elyes Fakhfakh,le chef du gouvernement d\u00e9missionnaire en visite \u00e0 l\u2019a\u00e9roport Tunis-Carthage"},"content":{"rendered":"\n<p><strong>Dans le cadre du plan de lutte contre le Covid-19, le chef du gouvernement d\u00e9missionnaire, Elyes Fakhfakh s\u2019est d\u00e9plac\u00e9, ce mardi 4 ao\u00fbt, \u00e0 l\u2019a\u00e9roport Tunis-Carthage Un cluster a \u00e9t\u00e9 d\u00e9couvert r\u00e9cemment au sein des agents de l\u2019a\u00e9roport.<\/strong><\/p>\n<p>Elyes Fakhfakh, qui \u00e9tait accompagn\u00e9 par les ministres de la Sant\u00e9, du Transport et du Tourisme, a constat\u00e9 les mesures mises en place pour contrer la propagation du virus et le degr\u00e9 de respect du protocole sanitaire.<\/p>\n<p>Il s\u2019est \u00e9galement rendu aux postes d\u00e9di\u00e9s aux tests PCR, soulignant la n\u00e9cessit\u00e9 d\u2019augmenter le nombre de pr\u00e9l\u00e8vements pour les agents de l\u2019a\u00e9roport et plus sp\u00e9cifiquement ceux qui sont en premi\u00e8re ligne et en contact direct avec les touristes et tunisiens de retour de l\u2019\u00e9tranger.<\/p>\n<p><img fetchpriority=\"high\" decoding=\"async\" class=\"alignnone wp-image-19562 size-full\" src=\"https:\/\/www.africanchallenges.com\/wp-content\/uploads\/2020\/08\/a\u00e9roport2.jpg\" alt=\"\" width=\"615\" height=\"410\" srcset=\"https:\/\/www.africanchallenges.com\/wp-content\/uploads\/2020\/08\/a\u00e9roport2.jpg 615w, https:\/\/www.africanchallenges.com\/wp-content\/uploads\/2020\/08\/a\u00e9roport2-300x200.jpg 300w\" sizes=\"(max-width: 615px) 100vw, 615px\" \/><\/p>\n<p>\u00a0<\/p>\n<p>\u00a0<\/p>\n","protected":false},"excerpt":{"rendered":"Dans le cadre du plan de lutte contre le Covid-19, le chef du gouvernement d\u00e9missionnaire, Elyes Fakhfakh s\u2019est d\u00e9plac\u00e9, ce mardi 4 ao\u00fbt, \u00e0 l\u2019a\u00e9roport Tunis-Carthage Un cluster a \u00e9t\u00e9 d\u00e9couvert r\u00e9cemment au sein des agents de l\u2019a\u00e9roport. Elyes Fakhfakh, qui \u00e9tait accompagn\u00e9 par les ministres de la Sant\u00e9, du Transport et du Tourisme, a [...]","protected":false},"author":4,"featured_media":19560,"comment_status":"open","ping_status":"closed","sticky":false,"template":"","format":"standard","meta":{"content-type":"","jnews-multi-image_gallery":[],"jnews_single_post":{"subtitle":"","format":"standard","video":"","gallery":"","source_name":"","source_url":"","via_name":"","via_url":"","override":[{"single_blog_custom":"","sidebar":"","second_sidebar":"","share_position":"","share_float_style":"","post_date_format":"","post_date_format_custom":"","post_reading_time_wpm":"","zoom_button_out_step":"1","zoom_button_in_step":"1","number_popup_post":"1"}],"image_override":[{"single_post_thumbnail_size":"","single_post_gallery_size":""}],"trending_post_position":"","trending_post_label":"","sponsored_post_label":"","sponsored_post_name":"","sponsored_post_url":"","sponsored_post_logo":"","sponsored_post_desc":""},"jnews_primary_category":{"id":""},"jnews_override_bookmark_settings":[],"jnews_review":[],"enable_review":"","type":"","name":"","summary":"","brand":"","sku":"","good":[],"bad":[],"score_override":"","override_value":"","rating":[],"price":[],"jnews_post_split":[],"footnotes":""},"categories":[11],"tags":[4166,4092,5074],"class_list":["post-19559","post","type-post","status-publish","format-standard","has-post-thumbnail","hentry","category-health","tag-coronavirus","tag-elyes-fakhfakh","tag-laeroport-tunis-carthage-2"],"_links":{"self":[{"href":"https:\/\/www.africanchallenges.com\/index.php?rest_route=\/wp\/v2\/posts\/19559","targetHints":{"allow":["GET"]}}],"collection":[{"href":"https:\/\/www.africanchallenges.com\/index.php?rest_route=\/wp\/v2\/posts"}],"about":[{"href":"https:\/\/www.africanchallenges.com\/index.php?rest_route=\/wp\/v2\/types\/post"}],"author":[{"embeddable":true,"href":"https:\/\/www.africanchallenges.com\/index.php?rest_route=\/wp\/v2\/users\/4"}],"replies":[{"embeddable":true,"href":"https:\/\/www.africanchallenges.com\/index.php?rest_route=%2Fwp%2Fv2%2Fcomments&post=19559"}],"version-history":[{"count":3,"href":"https:\/\/www.africanchallenges.com\/index.php?rest_route=\/wp\/v2\/posts\/19559\/revisions"}],"predecessor-version":[{"id":19565,"href":"https:\/\/www.africanchallenges.com\/index.php?rest_route=\/wp\/v2\/posts\/19559\/revisions\/19565"}],"wp:featuredmedia":[{"embeddable":true,"href":"https:\/\/www.africanchallenges.com\/index.php?rest_route=\/wp\/v2\/media\/19560"}],"wp:attachment":[{"href":"https:\/\/www.africanchallenges.com\/index.php?rest_route=%2Fwp%2Fv2%2Fmedia&parent=19559"}],"wp:term":[{"taxonomy":"category","embeddable":true,"href":"https:\/\/www.africanchallenges.com\/index.php?rest_route=%2Fwp%2Fv2%2Fcategories&post=19559"},{"taxonomy":"post_tag","embeddable":true,"href":"https:\/\/www.africanchallenges.com\/index.php?rest_route=%2Fwp%2Fv2%2Ftags&post=19559"}],"curies":[{"name":"wp","href":"https:\/\/api.w.org\/{rel}","templated":true}]}}