{"id":18966,"date":"2020-07-11T19:23:20","date_gmt":"2020-07-11T19:23:20","guid":{"rendered":"http:\/\/www.africanchallenges.com\/?p=18966"},"modified":"2020-07-11T19:28:24","modified_gmt":"2020-07-11T19:28:24","slug":"tunisie-les-deputes-du-bloc-du-parti-destourien-libre-pdl-observe-un-sit-in-ouvert-appelant-a-retirer-la-confiance-au-president-du-parlement","status":"publish","type":"post","link":"https:\/\/www.africanchallenges.com\/?p=18966","title":{"rendered":"Tunisie : Les d\u00e9put\u00e9s du bloc du Parti destourien libre (PDL)  observ\u00e9  un sit-in ouvert appelant \u00e0 retirer la confiance au pr\u00e9sident du Parlement"},"content":{"rendered":"\n<p>Les d\u00e9put\u00e9s du bloc du Parti destourien libre (PDL) pr\u00e9sid\u00e9 par Abir Moussi ont observ\u00e9 ce samedi 11 juillet un sit-in ouvert, appelant \u00e0 retirer la confiance au pr\u00e9sident du Parlement, Rached Ghannouchi. <br \/>Ce sit-in observ\u00e9 en r\u00e9action aux \u00e9v\u00e8nements qui ont chamboul\u00e9 la pl\u00e9ni\u00e8re du vendredi apr\u00e8s que le d\u00e9put\u00e9 d\u2019Al Karama, Seif Eddine Makhlouf a laiss\u00e9 entrer de force un membre fondateur de son parti fich\u00e9 \u00ab S17 \u00bb.<br \/>La proc\u00e9dure S17 a \u00e9t\u00e9 mise en place en 2013, dans le cadre de la strat\u00e9gie nationale de lutte contre le terrorisme afin d\u2019emp\u00eacher des individus soup\u00e7onn\u00e9s d&rsquo;\u00eatre affili\u00e9s \u00e0 des groupes djihadistes de rejoindre des groupes arm\u00e9s \u00e0 l&rsquo;\u00e9tranger \u2013 le groupe arm\u00e9 Etat islamique (EI) en Syrie, entre autres \u2013 et \u00e0 contr\u00f4ler les d\u00e9placements des personnes revenues de zones de conflit.<\/p>\n<p>Un \u00e9change assez tendu a \u00e9clat\u00e9, entre la pr\u00e9sidente du PDL et le pr\u00e9sident du bloc Al Karama, Seif Eddine Makhlouf.<br \/>Dans une vid\u00e9o publi\u00e9e sur la page Facebook du PDL, Abir Moussi a \u00e9voqu\u00e9 une atteinte \u00e0 la s\u00e9curit\u00e9 des d\u00e9put\u00e9s de la part de la pr\u00e9sidence de l\u2019ARP ayant autoris\u00e9 l\u2019acc\u00e8s \u00e0 un individu \u00e0 l\u2019identit\u00e9 m\u00e9connue.<br \/>Elle a rappel\u00e9, \u00e9galement, qu&rsquo;elle avait \u00e9t\u00e9 agress\u00e9e verbalement par les d\u00e9put\u00e9s d&rsquo;AL Karama et qu&rsquo;elle \u00e9tait, toujours, menac\u00e9e de mort. <\/p>\n","protected":false},"excerpt":{"rendered":"Les d\u00e9put\u00e9s du bloc du Parti destourien libre (PDL) pr\u00e9sid\u00e9 par Abir Moussi ont observ\u00e9 ce samedi 11 juillet un sit-in ouvert, appelant \u00e0 retirer la confiance au pr\u00e9sident du Parlement, Rached Ghannouchi. Ce sit-in observ\u00e9 en r\u00e9action aux \u00e9v\u00e8nements qui ont chamboul\u00e9 la pl\u00e9ni\u00e8re du vendredi apr\u00e8s que le d\u00e9put\u00e9 d\u2019Al Karama, Seif Eddine [...]","protected":false},"author":4,"featured_media":18967,"comment_status":"open","ping_status":"closed","sticky":false,"template":"","format":"standard","meta":{"content-type":"","jnews-multi-image_gallery":[],"jnews_single_post":{"subtitle":"","format":"standard","video":"","gallery":"","source_name":"","source_url":"","via_name":"","via_url":"","override":[{"single_blog_custom":"","sidebar":"","second_sidebar":"","share_position":"","share_float_style":"","post_date_format":"","post_date_format_custom":"","post_reading_time_wpm":"","zoom_button_out_step":"1","zoom_button_in_step":"1","number_popup_post":"1"}],"image_override":[{"single_post_thumbnail_size":"","single_post_gallery_size":""}],"trending_post_position":"","trending_post_label":"","sponsored_post_label":"","sponsored_post_name":"","sponsored_post_url":"","sponsored_post_logo":"","sponsored_post_desc":""},"jnews_primary_category":{"id":""},"jnews_override_bookmark_settings":[],"jnews_review":[],"enable_review":"","type":"","name":"","summary":"","brand":"","sku":"","good":[],"bad":[],"score_override":"","override_value":"","rating":[],"price":[],"jnews_post_split":[],"footnotes":""},"categories":[2],"tags":[4915,450,2957,4916,4851],"class_list":["post-18966","post","type-post","status-publish","format-standard","has-post-thumbnail","hentry","category-news-politique","tag-bloc-du-parti-destourien-libre","tag-confiance","tag-parlement","tag-rached-ghannouchi-3","tag-sit-in"],"_links":{"self":[{"href":"https:\/\/www.africanchallenges.com\/index.php?rest_route=\/wp\/v2\/posts\/18966","targetHints":{"allow":["GET"]}}],"collection":[{"href":"https:\/\/www.africanchallenges.com\/index.php?rest_route=\/wp\/v2\/posts"}],"about":[{"href":"https:\/\/www.africanchallenges.com\/index.php?rest_route=\/wp\/v2\/types\/post"}],"author":[{"embeddable":true,"href":"https:\/\/www.africanchallenges.com\/index.php?rest_route=\/wp\/v2\/users\/4"}],"replies":[{"embeddable":true,"href":"https:\/\/www.africanchallenges.com\/index.php?rest_route=%2Fwp%2Fv2%2Fcomments&post=18966"}],"version-history":[{"count":2,"href":"https:\/\/www.africanchallenges.com\/index.php?rest_route=\/wp\/v2\/posts\/18966\/revisions"}],"predecessor-version":[{"id":18970,"href":"https:\/\/www.africanchallenges.com\/index.php?rest_route=\/wp\/v2\/posts\/18966\/revisions\/18970"}],"wp:featuredmedia":[{"embeddable":true,"href":"https:\/\/www.africanchallenges.com\/index.php?rest_route=\/wp\/v2\/media\/18967"}],"wp:attachment":[{"href":"https:\/\/www.africanchallenges.com\/index.php?rest_route=%2Fwp%2Fv2%2Fmedia&parent=18966"}],"wp:term":[{"taxonomy":"category","embeddable":true,"href":"https:\/\/www.africanchallenges.com\/index.php?rest_route=%2Fwp%2Fv2%2Fcategories&post=18966"},{"taxonomy":"post_tag","embeddable":true,"href":"https:\/\/www.africanchallenges.com\/index.php?rest_route=%2Fwp%2Fv2%2Ftags&post=18966"}],"curies":[{"name":"wp","href":"https:\/\/api.w.org\/{rel}","templated":true}]}}