{"id":18951,"date":"2020-07-10T20:20:42","date_gmt":"2020-07-10T20:20:42","guid":{"rendered":"http:\/\/www.africanchallenges.com\/?p=18951"},"modified":"2020-07-10T20:39:37","modified_gmt":"2020-07-10T20:39:37","slug":"tunisie-le-depute-dal-karama-seif-eddine-makhlouf-fait-entrer-de-force-un-invidi-fiche-s17-ay-parlement","status":"publish","type":"post","link":"https:\/\/www.africanchallenges.com\/?p=18951","title":{"rendered":"Tunisie :  Le d\u00e9put\u00e9 d&rsquo;Al Karama Seif Eddine Makhlouf  fait entrer de force un individu fich\u00e9 \u00ab\u00a0S17\u00a0\u00bb au parlement"},"content":{"rendered":"\n<p>Le d\u00e9put\u00e9 Al Karama, Seif Eddine Makhlouf, a caus\u00e9 ce vendredi 10 juillet 2020, le d\u00e9sordre et un scandale dans les couloirs de l\u2019ARP. L\u2019individu en question a \u00e9t\u00e9 emp\u00each\u00e9 d\u2019entrer parce qu\u2019il \u00e9tait fich\u00e9 \u00ab S17 \u00bb .<br \/>Cette personne est d\u00e9j\u00e0 venu \u00e0 l\u2019ARP \u00e0 maintes reprises avant selon des sources.Makhlouf a menac\u00e9 d\u2019entraver les travaux du Parlement .<br \/><br \/>Rappelons que la proc\u00e9dure S17 a \u00e9t\u00e9 mise en place en 2013, dans le cadre de la strat\u00e9gie nationale de lutte contre le terrorisme. <br \/>Ces mesures visent \u00e0 emp\u00eacher des individus soup\u00e7onn\u00e9s d&rsquo;\u00eatre affili\u00e9s \u00e0 des groupes djihadistes de rejoindre des groupes arm\u00e9s \u00e0 l&rsquo;\u00e9tranger, notamment le groupe arm\u00e9 qui se fait appeler Etat islamique (EI) en Syrie, et \u00e0 contr\u00f4ler les d\u00e9placements des personnes revenues de zones de conflit.<br \/><br \/>En 2018, la justice a expliqu\u00e9 qu\u2019il s\u2019agit d\u2019une proc\u00e9dure judiciaire et non administrative, et que le recours du minist\u00e8re de l&rsquo;Int\u00e9rieur \u00e0 la proc\u00e9dure S17 est ill\u00e9gal. Il n&rsquo;en demeure pas moins que le Tribunal administratif n&rsquo;a pas annul\u00e9 d\u00e9finitivement la proc\u00e9dure S17.<br \/><br \/><\/p>\n","protected":false},"excerpt":{"rendered":"Le d\u00e9put\u00e9 Al Karama, Seif Eddine Makhlouf, a caus\u00e9 ce vendredi 10 juillet 2020, le d\u00e9sordre et un scandale dans les couloirs de l\u2019ARP. L\u2019individu en question a \u00e9t\u00e9 emp\u00each\u00e9 d\u2019entrer parce qu\u2019il \u00e9tait fich\u00e9 \u00ab S17 \u00bb .Cette personne est d\u00e9j\u00e0 venu \u00e0 l\u2019ARP \u00e0 maintes reprises avant selon des sources.Makhlouf a menac\u00e9 d\u2019entraver [...]","protected":false},"author":4,"featured_media":18952,"comment_status":"open","ping_status":"closed","sticky":false,"template":"","format":"standard","meta":{"content-type":"","jnews-multi-image_gallery":[],"jnews_single_post":{"subtitle":"","format":"standard","video":"","gallery":"","source_name":"","source_url":"","via_name":"","via_url":"","override":[{"single_blog_custom":"","sidebar":"","second_sidebar":"","share_position":"","share_float_style":"","post_date_format":"","post_date_format_custom":"","post_reading_time_wpm":"","zoom_button_out_step":"1","zoom_button_in_step":"1","number_popup_post":"1"}],"image_override":[{"single_post_thumbnail_size":"","single_post_gallery_size":""}],"trending_post_position":"","trending_post_label":"","sponsored_post_label":"","sponsored_post_name":"","sponsored_post_url":"","sponsored_post_logo":"","sponsored_post_desc":""},"jnews_primary_category":{"id":""},"jnews_override_bookmark_settings":[],"jnews_review":[],"enable_review":"","type":"","name":"","summary":"","brand":"","sku":"","good":[],"bad":[],"score_override":"","override_value":"","rating":[],"price":[],"jnews_post_split":[],"footnotes":""},"categories":[2],"tags":[2957,4910,4909],"class_list":["post-18951","post","type-post","status-publish","format-standard","has-post-thumbnail","hentry","category-news-politique","tag-parlement","tag-scandale","tag-seif-eddine-makhlouf"],"_links":{"self":[{"href":"https:\/\/www.africanchallenges.com\/index.php?rest_route=\/wp\/v2\/posts\/18951","targetHints":{"allow":["GET"]}}],"collection":[{"href":"https:\/\/www.africanchallenges.com\/index.php?rest_route=\/wp\/v2\/posts"}],"about":[{"href":"https:\/\/www.africanchallenges.com\/index.php?rest_route=\/wp\/v2\/types\/post"}],"author":[{"embeddable":true,"href":"https:\/\/www.africanchallenges.com\/index.php?rest_route=\/wp\/v2\/users\/4"}],"replies":[{"embeddable":true,"href":"https:\/\/www.africanchallenges.com\/index.php?rest_route=%2Fwp%2Fv2%2Fcomments&post=18951"}],"version-history":[{"count":4,"href":"https:\/\/www.africanchallenges.com\/index.php?rest_route=\/wp\/v2\/posts\/18951\/revisions"}],"predecessor-version":[{"id":18956,"href":"https:\/\/www.africanchallenges.com\/index.php?rest_route=\/wp\/v2\/posts\/18951\/revisions\/18956"}],"wp:featuredmedia":[{"embeddable":true,"href":"https:\/\/www.africanchallenges.com\/index.php?rest_route=\/wp\/v2\/media\/18952"}],"wp:attachment":[{"href":"https:\/\/www.africanchallenges.com\/index.php?rest_route=%2Fwp%2Fv2%2Fmedia&parent=18951"}],"wp:term":[{"taxonomy":"category","embeddable":true,"href":"https:\/\/www.africanchallenges.com\/index.php?rest_route=%2Fwp%2Fv2%2Fcategories&post=18951"},{"taxonomy":"post_tag","embeddable":true,"href":"https:\/\/www.africanchallenges.com\/index.php?rest_route=%2Fwp%2Fv2%2Ftags&post=18951"}],"curies":[{"name":"wp","href":"https:\/\/api.w.org\/{rel}","templated":true}]}}