{"id":18564,"date":"2020-06-30T19:38:38","date_gmt":"2020-06-30T19:38:38","guid":{"rendered":"http:\/\/www.africanchallenges.com\/?p=18564"},"modified":"2020-06-30T19:41:55","modified_gmt":"2020-06-30T19:41:55","slug":"tunisie-le-secretaire-general-de-lugtt-noureddine-taboubi-affirme-quil-ne-craint-pas-les-menaces-de-mort","status":"publish","type":"post","link":"https:\/\/www.africanchallenges.com\/?p=18564","title":{"rendered":"Tunisie : Le secr\u00e9taire g\u00e9n\u00e9ral de l\u2019UGTT, Noureddine Taboubi affirme qu&rsquo;\u2019il ne craint pas les menaces de mort"},"content":{"rendered":"\n<p><strong>Le secr\u00e9taire g\u00e9n\u00e9ral de l\u2019UGTT, Noureddine Taboubi a indiqu\u00e9, mardi 30 juin 2020, que le pays se retrouvait dans une situation de crise \u00e0 tous les niveaux, en d\u00e9non\u00e7ant les tiraillements politiques qui aggravent la situation.<\/strong><\/p>\n<p>Concernant \u00a0les menaces de mort prof\u00e9r\u00e9es \u00e0 son encontre, Noureddine Taboubi a affirm\u00e9 que qu\u2019il n\u2019\u00e9tait pas le premier secr\u00e9taire g\u00e9n\u00e9ral qui a subi des menaces \u00e0 condition qu\u2019il soit\u00a0<em>\u00ab\u00a0un secr\u00e9taire g\u00e9n\u00e9ral patriote et honn\u00eate\u00a0\u00bb,<\/em>\u00a0ajoutant qu\u2019il ne craint pas ces menaces.<\/p>\n<p><em>\u00ab\u00a0La bataille \u00e0 Sfax est politis\u00e9e\u00a0\u00bb\u00a0<\/em>a-t-il lanc\u00e9 en soulignant que l\u2019objectif de l\u2019affaire de l\u2019arrestation des syndicalistes \u00e0 Sfax est de d\u00e9nigrer l\u2019organisation syndicale.<\/p>\n<p>En r\u00e9f\u00e9rence \u00e0 la visite officielle de pr\u00e9sident de la R\u00e9publique, Ka\u00efs Sa\u00efed en France et l\u2019intervention du pr\u00e9sident de l\u2019Assembl\u00e9e des repr\u00e9sentants du peuple dans le conflit libyen, le syndicaliste a indiqu\u00e9 que les institutions de souverainet\u00e9 ne se respectent plus, \u00a0et il \u00a0a soulign\u00e9 l\u2019importance de r\u00e9guler la situation politique.\u00a0<\/p>\n<p>Une mise \u00e0 jour du minist\u00e8re de la sant\u00e9 marocaine r\u00e9v\u00e8le que \u00a0le Maroc compte d\u00e9sormais 12.385 cas confirm\u00e9s de coronavirus, dont 95 nouveaux, enregistr\u00e9s entre lundi 18H et mardi 10H.<\/p>\n<p>Le minist\u00e8re invite les citoyens \u00e0 respecter les r\u00e8gles d\u2019hygi\u00e8ne et de s\u00e9curit\u00e9 sanitaire ainsi que les mesures pr\u00e9ventives prises par les autorit\u00e9s marocaines en faisant preuve de responsabilit\u00e9 et de patriotisme.<\/p>\n<p>\u00a0<\/p>\n<p>\u00a0<\/p>\n","protected":false},"excerpt":{"rendered":"Le secr\u00e9taire g\u00e9n\u00e9ral de l\u2019UGTT, Noureddine Taboubi a indiqu\u00e9, mardi 30 juin 2020, que le pays se retrouvait dans une situation de crise \u00e0 tous les niveaux, en d\u00e9non\u00e7ant les tiraillements politiques qui aggravent la situation. Concernant \u00a0les menaces de mort prof\u00e9r\u00e9es \u00e0 son encontre, Noureddine Taboubi a affirm\u00e9 que qu\u2019il n\u2019\u00e9tait pas le premier [...]","protected":false},"author":4,"featured_media":18565,"comment_status":"open","ping_status":"closed","sticky":false,"template":"","format":"standard","meta":{"content-type":"","jnews-multi-image_gallery":[],"jnews_single_post":{"subtitle":"","format":"standard","video":"","gallery":"","source_name":"","source_url":"","via_name":"","via_url":"","override":[{"single_blog_custom":"","sidebar":"","second_sidebar":"","share_position":"","share_float_style":"","post_date_format":"","post_date_format_custom":"","post_reading_time_wpm":"","zoom_button_out_step":"1","zoom_button_in_step":"1","number_popup_post":"1"}],"image_override":[{"single_post_thumbnail_size":"","single_post_gallery_size":""}],"trending_post_position":"","trending_post_label":""},"jnews_primary_category":{"id":""},"jnews_override_bookmark_settings":[],"jnews_review":[],"enable_review":"","type":"","name":"","summary":"","brand":"","sku":"","good":[],"bad":[],"score_override":"","override_value":"","rating":[],"price":[],"jnews_post_split":[],"footnotes":""},"categories":[61],"tags":[2135,4769,4770,420],"class_list":["post-18564","post","type-post","status-publish","format-standard","has-post-thumbnail","hentry","category-societe","tag-lugtt","tag-le-secretaire-general-de-lugtt","tag-menaces-de-mort","tag-noureddine-taboubi"],"_links":{"self":[{"href":"https:\/\/www.africanchallenges.com\/index.php?rest_route=\/wp\/v2\/posts\/18564","targetHints":{"allow":["GET"]}}],"collection":[{"href":"https:\/\/www.africanchallenges.com\/index.php?rest_route=\/wp\/v2\/posts"}],"about":[{"href":"https:\/\/www.africanchallenges.com\/index.php?rest_route=\/wp\/v2\/types\/post"}],"author":[{"embeddable":true,"href":"https:\/\/www.africanchallenges.com\/index.php?rest_route=\/wp\/v2\/users\/4"}],"replies":[{"embeddable":true,"href":"https:\/\/www.africanchallenges.com\/index.php?rest_route=%2Fwp%2Fv2%2Fcomments&post=18564"}],"version-history":[{"count":2,"href":"https:\/\/www.africanchallenges.com\/index.php?rest_route=\/wp\/v2\/posts\/18564\/revisions"}],"predecessor-version":[{"id":18567,"href":"https:\/\/www.africanchallenges.com\/index.php?rest_route=\/wp\/v2\/posts\/18564\/revisions\/18567"}],"wp:featuredmedia":[{"embeddable":true,"href":"https:\/\/www.africanchallenges.com\/index.php?rest_route=\/wp\/v2\/media\/18565"}],"wp:attachment":[{"href":"https:\/\/www.africanchallenges.com\/index.php?rest_route=%2Fwp%2Fv2%2Fmedia&parent=18564"}],"wp:term":[{"taxonomy":"category","embeddable":true,"href":"https:\/\/www.africanchallenges.com\/index.php?rest_route=%2Fwp%2Fv2%2Fcategories&post=18564"},{"taxonomy":"post_tag","embeddable":true,"href":"https:\/\/www.africanchallenges.com\/index.php?rest_route=%2Fwp%2Fv2%2Ftags&post=18564"}],"curies":[{"name":"wp","href":"https:\/\/api.w.org\/{rel}","templated":true}]}}