{"id":18410,"date":"2020-06-23T21:44:00","date_gmt":"2020-06-23T21:44:00","guid":{"rendered":"http:\/\/www.africanchallenges.com\/?p=18410"},"modified":"2020-06-25T22:05:58","modified_gmt":"2020-06-25T22:05:58","slug":"tunisie-reunion-sur-lactivite-de-letablissement-les-ateliers-mecaniques-du-sahel-ams-au-ministre-de-lindustrie-et-des-petites-et-moyennes-entreprises-pme","status":"publish","type":"post","link":"https:\/\/www.africanchallenges.com\/?p=18410","title":{"rendered":"Tunisie : R\u00e9union sur l\u2019activit\u00e9 de l\u2019\u00e9tablissement         \u00ab les Ateliers M\u00e9caniques du Sahel AMS \u00bb  au ministre de l&rsquo;Industrie et des Petites et Moyennes Entreprises (PME)"},"content":{"rendered":"\n<p><strong>Le ministre de l&rsquo;Industrie et des Petites et Moyennes Entreprises (PME) M. Saleh Ben Youssef a\u00a0 \u200b\u200bre\u00e7u, le mardi 23 juin 2020 \u00a0au si\u00e8ge du minist\u00e8re, le gouverneur de Sousse, Mme Raja Trabelsi, M. Bassam Loukil, pr\u00e9sident du conseil d&rsquo;administration \u00ab les Ateliers M\u00e9caniques du Sahel AMS \u00bb et M. Hatem Chabchoub, directeur g\u00e9n\u00e9ral de la Fondation.<\/strong><\/p>\n<p>Au cours de cette r\u00e9union, ils ont discut\u00e9 des perspectives de d\u00e9veloppement de l&rsquo;activit\u00e9 de l&rsquo;\u00e9tablissement\u00a0 les Ateliers M\u00e9caniques du Sahel AMS et des moyens de maintenir la viabilit\u00e9 de l&rsquo;institution\u00a0 et des lieux de travail, notamment \u00e0 la lumi\u00e8re des effets n\u00e9gatifs de la pand\u00e9mie de Corona.<\/p>\n<p>Dans le m\u00eame contexte, M. Saleh Ben Youssef a soulign\u00e9 que les services du Minist\u00e8re s&#8217;emploient \u00e0 encadrer davantage cette institution.<\/p>\n<p>Il convient de noter que \u00ab\u00a0les Ateliers M\u00e9caniques du Sahel AMS\u00a0\u00bb ont \u00e9t\u00e9 cr\u00e9\u00e9s en 1962 et offre environ 417 postes de travail, sp\u00e9cialis\u00e9s dans la fabrication d&rsquo;ustensiles de cuisine, de robinets et sanitaires et font la promotion de leurs produits sur le march\u00e9 int\u00e9rieur et sur de nombreux march\u00e9s africains et asiatiques.<\/p>\n","protected":false},"excerpt":{"rendered":"Le ministre de l'Industrie et des Petites et Moyennes Entreprises (PME) M. Saleh Ben Youssef a\u00a0 \u200b\u200bre\u00e7u, le mardi 23 juin 2020 \u00a0au si\u00e8ge du minist\u00e8re, le gouverneur de Sousse, Mme Raja Trabelsi, M. Bassam Loukil, pr\u00e9sident du conseil d'administration \u00ab les Ateliers M\u00e9caniques du Sahel AMS \u00bb et M. Hatem Chabchoub, directeur g\u00e9n\u00e9ral de [...]","protected":false},"author":4,"featured_media":18413,"comment_status":"open","ping_status":"closed","sticky":false,"template":"","format":"standard","meta":{"content-type":"","jnews-multi-image_gallery":[],"jnews_single_post":{"subtitle":"","format":"standard","video":"","gallery":"","source_name":"","source_url":"","via_name":"","via_url":"","override":[{"single_blog_custom":"","sidebar":"","second_sidebar":"","share_position":"","share_float_style":"","post_date_format":"","post_date_format_custom":"","post_reading_time_wpm":"","zoom_button_out_step":"1","zoom_button_in_step":"1","number_popup_post":"1"}],"image_override":[{"single_post_thumbnail_size":"","single_post_gallery_size":""}],"trending_post_position":"","trending_post_label":""},"jnews_primary_category":{"id":""},"jnews_override_bookmark_settings":[],"jnews_review":[],"enable_review":"","type":"","name":"","summary":"","brand":"","sku":"","good":[],"bad":[],"score_override":"","override_value":"","rating":[],"price":[],"jnews_post_split":[],"footnotes":""},"categories":[43,73],"tags":[4723,1797,4440],"class_list":["post-18410","post","type-post","status-publish","format-standard","has-post-thumbnail","hentry","category-eco-business","category-eco","tag-ams","tag-reunion","tag-saleh-ben-youssef"],"_links":{"self":[{"href":"https:\/\/www.africanchallenges.com\/index.php?rest_route=\/wp\/v2\/posts\/18410","targetHints":{"allow":["GET"]}}],"collection":[{"href":"https:\/\/www.africanchallenges.com\/index.php?rest_route=\/wp\/v2\/posts"}],"about":[{"href":"https:\/\/www.africanchallenges.com\/index.php?rest_route=\/wp\/v2\/types\/post"}],"author":[{"embeddable":true,"href":"https:\/\/www.africanchallenges.com\/index.php?rest_route=\/wp\/v2\/users\/4"}],"replies":[{"embeddable":true,"href":"https:\/\/www.africanchallenges.com\/index.php?rest_route=%2Fwp%2Fv2%2Fcomments&post=18410"}],"version-history":[{"count":5,"href":"https:\/\/www.africanchallenges.com\/index.php?rest_route=\/wp\/v2\/posts\/18410\/revisions"}],"predecessor-version":[{"id":18417,"href":"https:\/\/www.africanchallenges.com\/index.php?rest_route=\/wp\/v2\/posts\/18410\/revisions\/18417"}],"wp:featuredmedia":[{"embeddable":true,"href":"https:\/\/www.africanchallenges.com\/index.php?rest_route=\/wp\/v2\/media\/18413"}],"wp:attachment":[{"href":"https:\/\/www.africanchallenges.com\/index.php?rest_route=%2Fwp%2Fv2%2Fmedia&parent=18410"}],"wp:term":[{"taxonomy":"category","embeddable":true,"href":"https:\/\/www.africanchallenges.com\/index.php?rest_route=%2Fwp%2Fv2%2Fcategories&post=18410"},{"taxonomy":"post_tag","embeddable":true,"href":"https:\/\/www.africanchallenges.com\/index.php?rest_route=%2Fwp%2Fv2%2Ftags&post=18410"}],"curies":[{"name":"wp","href":"https:\/\/api.w.org\/{rel}","templated":true}]}}