{"id":18151,"date":"2020-06-19T21:52:27","date_gmt":"2020-06-19T21:52:27","guid":{"rendered":"http:\/\/www.africanchallenges.com\/?p=18151"},"modified":"2020-06-19T21:54:57","modified_gmt":"2020-06-19T21:54:57","slug":"tunisie-italie-le-festival-de-la-musique-italia-festival-le-21-juin","status":"publish","type":"post","link":"https:\/\/www.africanchallenges.com\/?p=18151","title":{"rendered":"Tunisie -Italie : Le festival de la musique \u00ab\u00a0Italia Festival\u00a0\u00bb le 21 juin"},"content":{"rendered":"\n<p class=\"yiv8584071258MsoNormal\"><strong><span lang=\"EN-US\">En esp\u00e9rant que cette journ\u00e9e qui marque le solstice d\u2019\u00e9t\u00e9 soit de bon augure et dans l\u2019impossibilit\u00e9 de f\u00eater dans ses espaces habituels, l\u2019Institut Italien de Culture de Tunis rend hommage \u00e0 la musique et aux jeunes talents qui la cultivent avec passion.<\/span><\/strong><\/p>\n<p class=\"yiv8584071258MsoNormal\"><span lang=\"EN-US\">Pour commencer, nous aurons \u00ab\u00a0<b>La musica che unisce\u00a0\u00bb (La musique qui unit)<\/b>, un petit concert de Bel Canto interpr\u00e9t\u00e9 par de jeunes promesses du chant lyrique de l\u2019Institut Sup\u00e9rieur de Musique de Tunis, avec la direction artistique de Hristina Hadjieva.<\/span><\/p>\n<p class=\"yiv8584071258MsoNormal\"><span lang=\"EN-US\">Voici le programme\u00a0:<\/span><\/p>\n<p class=\"yiv8584071258ListParagraphCxSpFirst\"><span lang=\"EN-US\">\u00b7\u00a0\u00a0\u00a0\u00a0\u00a0\u00a0\u00a0\u00a0<\/span><span lang=\"EN-US\">\u00ab\u00a0Nessun dorma\u00a0\u00bb de l\u2019op\u00e9ra Turandot de Giacomo Puccini, interpr\u00e9t\u00e9 par Youssef Ben Abderrazak ;<\/span><span lang=\"EN-US\">\u00a0<\/span><span lang=\"FR\"><a href=\"https:\/\/www.youtube.com\/watch?v=LpPOYyX92lw\" target=\"_blank\" rel=\"nofollow noopener noreferrer\">https:\/\/www.youtube.com\/watch?v=LpPOYyX92lw<\/a><\/span><\/p>\n<p class=\"yiv8584071258ListParagraphCxSpMiddle\"><span lang=\"EN-US\">\u00b7\u00a0\u00a0\u00a0\u00a0\u00a0\u00a0\u00a0\u00a0<\/span><span lang=\"EN-US\">\u00ab\u00a0O mio babbino caro\u00a0\u00bb de l\u2019op\u00e9ra Gianni Schicchi de Giacomo Puccini, interpr\u00e9t\u00e9 par Amina Baklouti\u00a0;<\/span><span lang=\"EN-US\">\u00a0<\/span><span lang=\"FR\"><a href=\"https:\/\/www.youtube.com\/watch?v=rJWFon3grYI&amp;t=5s\" target=\"_blank\" rel=\"nofollow noopener noreferrer\">https:\/\/www.youtube.com\/watch?v=rJWFon3grYI&amp;t=5s<\/a><\/span><\/p>\n<p class=\"yiv8584071258ListParagraphCxSpMiddle\"><span lang=\"EN-US\">\u00b7\u00a0\u00a0\u00a0\u00a0\u00a0\u00a0\u00a0\u00a0<\/span><span lang=\"EN-US\">\u00ab\u00a0Quando me&rsquo;n vo'\u00a0\u00bb, de l\u2019op\u00e9ra La Boh\u00e8me de Giacomo Puccini, interpr\u00e9t\u00e9 par Nesrine Mahbouli ;<\/span><span lang=\"EN-US\">\u00a0<\/span><span lang=\"FR\"><a href=\"https:\/\/www.youtube.com\/watch?v=X_oJR-Je9Ts\" target=\"_blank\" rel=\"nofollow noopener noreferrer\">https:\/\/www.youtube.com\/watch?v=X_oJR-Je9Ts<\/a><\/span><\/p>\n<p class=\"yiv8584071258ListParagraphCxSpMiddle\"><span lang=\"EN-US\">\u00b7\u00a0\u00a0\u00a0\u00a0\u00a0\u00a0\u00a0\u00a0<\/span><span lang=\"EN-US\">\u00ab\u00a0O sole mio\u00a0\u00bb, du chanteur Eduardo di Capua, interpr\u00e9t\u00e9 par Chung Charles ;<\/span><span lang=\"EN-US\">\u00a0<\/span><span lang=\"FR\"><a href=\"https:\/\/www.youtube.com\/watch?v=IKwSOTxTwX0&amp;t=67s\" target=\"_blank\" rel=\"nofollow noopener noreferrer\">https:\/\/www.youtube.com\/watch?v=IKwSOTxTwX0&amp;t=67s<\/a><\/span><\/p>\n<p class=\"yiv8584071258ListParagraphCxSpLast\"><span lang=\"EN-US\">\u00b7\u00a0\u00a0\u00a0\u00a0\u00a0\u00a0\u00a0\u00a0<\/span><span lang=\"EN-US\">\u00ab\u00a0Va pensiero\u00a0\u00bb de l\u2019op\u00e9ra Nabucco de Giuseppe Verdi, interpr\u00e9t\u00e9 par Youssef Ben Abderrazak, Amina Baklouti, Nesrine Mahbouli, Chung Charles.<\/span><span lang=\"EN-US\">\u00a0<\/span><span lang=\"FR\"><a href=\"https:\/\/www.youtube.com\/watch?v=UbH5kPJgvV0&amp;t=10s\" target=\"_blank\" rel=\"nofollow noopener noreferrer\">https:\/\/www.youtube.com\/watch?v=UbH5kPJgvV0&amp;t=10s<\/a><\/span><\/p>\n<p class=\"yiv8584071258MsoNormal\"><span lang=\"EN-US\">au piano : Anna Kim \u00a0<\/span><\/p>\n<p class=\"yiv8584071258MsoNormal\" align=\"center\"><span lang=\"FR\"><img fetchpriority=\"high\" decoding=\"async\" id=\"yiv8584071258Image_x0020_4\" src=\"https:\/\/dl-mail.ymail.com\/ws\/download\/mailboxes\/@.id==VjN-LwmBhq_YmrJdplaRXgkO4xXAwzAXD0JEPcMeHxSnuObH5lKyAk7PaVxiIufrfVSTvJ_josKc0NTe5reqVcg1QQ\/messages\/@.id==AOinC6sMNI0XXuzVSgs7AAgGBwk\/content\/parts\/@.id==4\/raw?appid=YMailNorrin&amp;ymreqid=630930f3-2f59-9605-1cf3-c30001018e00&amp;token=zitEzqOML3j84e6ealFTT5U7-km5qEQF52lp7AcCuBbiSXR9ie-DVqXr8JRbM4WNUuauDiB0bogUMCgxB8cY7CAQEZRMtuD1mzQIdnKn54VOG87BJ_cnZtxJMFC4LO1L\" width=\"402\" height=\"359\" border=\"0\" \/><\/span><\/p>\n<p class=\"yiv8584071258MsoNormal\"><span lang=\"EN-US\">\u00a0<\/span><\/p>\n<p class=\"yiv8584071258MsoNormal\"><span lang=\"EN-US\">Ensuite, encore de la musique, avec\u00a0<b>\u00ab\u00a0Estate all&rsquo;italiana Festival\u00a0\u00bb (Le Festival de l\u2019\u00e9t\u00e9 \u00e0 l\u2019italienne)<\/b>, plus d\u2019une vingtaine de spectacles de haut profil artistique disponibles gratuitement en ligne &#8211; en streaming et on-demand pour 48 heures \u2013 gr\u00e2ce \u00e0 la collaboration de ItaliaFestival, une Association qui unit les plus importantes institutions de festivals italiens. Pour profiter de ce programme, un enregistrement au site web\u00a0<a href=\"http:\/\/www.italiafestival.it\/\" target=\"_blank\" rel=\"nofollow noopener noreferrer\">www.italiafestival.it<\/a>\u00a0est pr\u00e9alablement requis.<\/span><\/p>\n<p class=\"yiv8584071258MsoNormal\"><span lang=\"EN-US\">\u00ab\u00a0Estate all&rsquo;italiana Festival\u00a0\u00bb d\u00e9butera le 21 Juin, avec le concert d\u2019ouverture de Ravenna Festival qui pr\u00e9sentera \u00ab\u00a0l&rsquo;Orchestra Giovanile Luigi Cherubini\u00a0\u00bb et le soprano Rosa Feola, dirig\u00e9s par le Maestro Riccardo Muti. C\u2019est une date qui a une grande valeur symbolique, vu qu\u2019il s\u2019agira du premier grand concert en Italie avec la pr\u00e9sence du public, apr\u00e8s la r\u00e9ouverture des th\u00e9\u00e2tres et des sales italiennes.<\/span><\/p>\n<p class=\"yiv8584071258MsoNormal\"><span lang=\"EN-US\">Ce concert d\u2019inauguration sera accessible sur la plateforme<\/span><span lang=\"EN-US\">\u00a0<\/span><span lang=\"FR\"><a href=\"http:\/\/www.ravennafestival.live\/\" target=\"_blank\" rel=\"nofollow noopener noreferrer\">www.ravennafestival.live<\/a><\/span><span class=\"yiv8584071258MsoHyperlink\"><span lang=\"FR\">.<\/span><\/span><span lang=\"FR\">\u00a0<\/span><span lang=\"EN-US\">Un enregistrement sera pr\u00e9alablement requis; les utilisateurs recevront alors par mail le lien d\u2019acc\u00e8s pour assister au concert.<\/span><\/p>\n<p class=\"yiv8584071258MsoNormal\"><span lang=\"EN-US\">\u00ab\u00a0Estate all&rsquo;italiana Festival\u00a0\u00bb est une initiative cr\u00e9\u00e9e par la Farnesina afin de soutenir les entreprises culturelles et cr\u00e9atives dans plusieurs territoires italiens. Tr\u00e8s prochainement, nous publierons une page avec le calendrier complet de la manifestation.<\/span><\/p>\n","protected":false},"excerpt":{"rendered":"En esp\u00e9rant que cette journ\u00e9e qui marque le solstice d\u2019\u00e9t\u00e9 soit de bon augure et dans l\u2019impossibilit\u00e9 de f\u00eater dans ses espaces habituels, l\u2019Institut Italien de Culture de Tunis rend hommage \u00e0 la musique et aux jeunes talents qui la cultivent avec passion. Pour commencer, nous aurons \u00ab\u00a0La musica che unisce\u00a0\u00bb (La musique qui unit), [...]","protected":false},"author":4,"featured_media":18155,"comment_status":"open","ping_status":"closed","sticky":false,"template":"","format":"standard","meta":{"content-type":"","jnews-multi-image_gallery":[],"jnews_single_post":{"subtitle":"","format":"standard","video":"","gallery":"","source_name":"","source_url":"","via_name":"","via_url":"","override":[{"single_blog_custom":"","sidebar":"","second_sidebar":"","share_position":"","share_float_style":"","post_date_format":"","post_date_format_custom":"","post_reading_time_wpm":"","zoom_button_out_step":"1","zoom_button_in_step":"1","number_popup_post":"1"}],"image_override":[{"single_post_thumbnail_size":"","single_post_gallery_size":""}],"trending_post_position":"","trending_post_label":""},"jnews_primary_category":{"id":""},"jnews_override_bookmark_settings":[],"jnews_review":[],"enable_review":"","type":"","name":"","summary":"","brand":"","sku":"","good":[],"bad":[],"score_override":"","override_value":"","rating":[],"price":[],"jnews_post_split":[],"footnotes":""},"categories":[17,7],"tags":[4633,3599,4635,4634],"class_list":["post-18151","post","type-post","status-publish","format-standard","has-post-thumbnail","hentry","category-entertainment","category-lifestyle","tag-italia-festival","tag-italie","tag-linstitut-italien-de-culture-de-tunis","tag-musique"],"_links":{"self":[{"href":"https:\/\/www.africanchallenges.com\/index.php?rest_route=\/wp\/v2\/posts\/18151","targetHints":{"allow":["GET"]}}],"collection":[{"href":"https:\/\/www.africanchallenges.com\/index.php?rest_route=\/wp\/v2\/posts"}],"about":[{"href":"https:\/\/www.africanchallenges.com\/index.php?rest_route=\/wp\/v2\/types\/post"}],"author":[{"embeddable":true,"href":"https:\/\/www.africanchallenges.com\/index.php?rest_route=\/wp\/v2\/users\/4"}],"replies":[{"embeddable":true,"href":"https:\/\/www.africanchallenges.com\/index.php?rest_route=%2Fwp%2Fv2%2Fcomments&post=18151"}],"version-history":[{"count":3,"href":"https:\/\/www.africanchallenges.com\/index.php?rest_route=\/wp\/v2\/posts\/18151\/revisions"}],"predecessor-version":[{"id":18156,"href":"https:\/\/www.africanchallenges.com\/index.php?rest_route=\/wp\/v2\/posts\/18151\/revisions\/18156"}],"wp:featuredmedia":[{"embeddable":true,"href":"https:\/\/www.africanchallenges.com\/index.php?rest_route=\/wp\/v2\/media\/18155"}],"wp:attachment":[{"href":"https:\/\/www.africanchallenges.com\/index.php?rest_route=%2Fwp%2Fv2%2Fmedia&parent=18151"}],"wp:term":[{"taxonomy":"category","embeddable":true,"href":"https:\/\/www.africanchallenges.com\/index.php?rest_route=%2Fwp%2Fv2%2Fcategories&post=18151"},{"taxonomy":"post_tag","embeddable":true,"href":"https:\/\/www.africanchallenges.com\/index.php?rest_route=%2Fwp%2Fv2%2Ftags&post=18151"}],"curies":[{"name":"wp","href":"https:\/\/api.w.org\/{rel}","templated":true}]}}