{"id":1800,"date":"2018-09-02T21:58:38","date_gmt":"2018-09-02T21:58:38","guid":{"rendered":"http:\/\/www.africanchallenges.com\/?p=1800"},"modified":"2018-09-02T21:58:38","modified_gmt":"2018-09-02T21:58:38","slug":"tunisie-le-senegal-invite-dhonneur-a-la-29eme-edition-des-jcc","status":"publish","type":"post","link":"https:\/\/www.africanchallenges.com\/?p=1800","title":{"rendered":"Tunisie : le s\u00e9n\u00e9gal invit\u00e9 d\u2019honneur \u00e0 la 29\u00e8me \u00e9dition  des JCC"},"content":{"rendered":"<p class=\"yiv1207142078gmail-Normal1\"><b>La Session 2018 des Journ\u00e9es cin\u00e9matographiques de Carthage a introduit une nouvelle section \u00ab\u00a0FOCUS\u00a0\u00bb qui met en avant chaque ann\u00e9e, quatre pays repr\u00e9sentant l\u2019Afrique sub-saharienne, le monde arabe, l\u2019Asie et l\u2019Am\u00e9rique latine redonnant au festival sa dimension tricontinentale, voulue lors de sa fondation, confirmant ainsi sa vocation de festival du Sud.<\/b><\/p>\n<p class=\"yiv1207142078gmail-Normal1\">Pour la session 2019 qui aura lieu du 3 au 10 Novembre, l\u2019exp\u00e9rience se renouvellera et c\u2019est le S\u00e9n\u00e9gal, l\u2019Irak, l\u2019inde et le Br\u00e9sil qui seront les pays invit\u00e9s d\u2019honneur. Une fois les invitations lanc\u00e9es, Nejib Ayed, directeur g\u00e9n\u00e9ral des JCC a entam\u00e9 une tourn\u00e9e qui l\u2019a men\u00e9 \u00e0 Bagdad et Dakar.<b><\/b><\/p>\n<p class=\"yiv1207142078gmail-Normal1\">Lors de sa rencontre avec les autorit\u00e9s et les professionnels du cin\u00e9ma irakien ainsi que les membres des m\u00e9dias nationaux, N\u00e9jib Ayed a rappel\u00e9 le r\u00f4le des JCC depuis 1966, comme plateforme de d\u00e9couverte et lieu de rencontre des talents arabes et africains, toutes g\u00e9n\u00e9rations confondues et leur engagement militant en faveur de tous les combats justes.\u00a0 De leur c\u00f4t\u00e9, les professionnels du cin\u00e9ma irakiens ont consid\u00e9r\u00e9 que la mise \u00e0 l\u2019honneur de leur cin\u00e9ma \u00e0 Carthage est un signe de reconnaissance et un message fort qui permet effectivement de lever le blocus culturel que connait leur cin\u00e9ma depuis plus d\u2019une d\u00e9cennie. . Ce \u00ab\u00a0FOCUS\u00a0\u00bb sur l\u2019Irak permettra au public tunisien de d\u00e9couvrir et de red\u00e9couvrir au travers d\u2019une douzaine de films, des classiques au plus r\u00e9cents, un cin\u00e9ma vibrant et talentueux mais aussi la culture irakienne sous toutes ses formes, gr\u00e2ce \u00e0 la venue \u00e0 Tunis d\u2019une forte d\u00e9l\u00e9gation ainsi que la Troupe Nationale des Arts Populaires.<\/p>\n<p class=\"yiv1207142078gmail-Normal1\">A Dakar, Nejib Ayed a \u00e9t\u00e9 re\u00e7u au sein du minist\u00e8re de la culture s\u00e9n\u00e9galais par le chef de cabinet du ministre de la culture et le secr\u00e9taire g\u00e9n\u00e9ral du minist\u00e8re, ce qui a permit la facilitation des proc\u00e9dures de collaboration en cr\u00e9ant un canal direct entre les JCC et les professionnels du cin\u00e9ma s\u00e9n\u00e9galais.<\/p>\n<p class=\"yiv1207142078gmail-Normal1\">La d\u00e9cision de faire du S\u00e9n\u00e9gal, l\u2019invit\u00e9 d\u2019honneur repr\u00e9sentant l\u2019Afrique sub-saharienne a \u00e9t\u00e9 salu\u00e9 unanimement comme une reconnaissance au r\u00f4le important qu\u2019a jou\u00e9 la cin\u00e9matographie de ce pays dans la fondation m\u00eame du festival. D\u2019ailleurs N\u00e9jib Ayed lors de sa conf\u00e9rence de presse Dakaroise a rappel\u00e9 que le premier Tanit d\u2019Or de l\u2019histoire des JCC a \u00e9t\u00e9 attribu\u00e9 en 1966 \u00e0 Semb\u00e8ne Oussman pour \u00ab\u00a0LA NOIRE DE\u00a0\u00bb et que Semb\u00e8ne fut le compagnon de route de Tahar Cheriaa, fondateur des JCC.<\/p>\n<p class=\"yiv1207142078gmail-Normal1\">Le S\u00e9n\u00e9gal sera donc \u00e0 Tunis en Novembre pour montrer sa cin\u00e9matographie mais aussi ses cultures riches et festives avec une participation du Ballet National du S\u00e9n\u00e9gal dans les activit\u00e9s \u00e9v\u00e9nementielles qui \u00e9gaieront l\u2019avenue Bourguiba.<\/p>\n<p class=\"yiv1207142078gmail-Normal1\">Des programmes de collaboration avec le Br\u00e9sil et l\u2019Inde sont actuellement en cours de finalisation et le m\u00eame esprit cin\u00e9philique et festif viendront confirmer que les JCC\u00a0 sont la F\u00eate du Cin\u00e9ma mais aussi de la vie.<\/p>\n","protected":false},"excerpt":{"rendered":"<p>La Session 2018 des Journ\u00e9es cin\u00e9matographiques de Carthage a introduit une nouvelle section \u00ab\u00a0FOCUS\u00a0\u00bb qui met en avant chaque ann\u00e9e, quatre pays repr\u00e9sentant l\u2019Afrique sub-saharienne, le monde arabe, l\u2019Asie et l\u2019Am\u00e9rique latine redonnant au festival sa dimension tricontinentale, voulue lors de sa fondation, confirmant ainsi sa vocation de festival du Sud. Pour la session 2019 [&hellip;]<\/p>\n","protected":false},"author":3,"featured_media":1802,"comment_status":"open","ping_status":"closed","sticky":false,"template":"","format":"standard","meta":{"content-type":"","jnews-multi-image_gallery":[],"jnews_single_post":{"override_template":"0","override":[{"template":"1","parallax":"1","fullscreen":"0","layout":"right-sidebar","sidebar":"default-sidebar","second_sidebar":"default-sidebar","sticky_sidebar":"1","share_position":"top","share_float_style":"share-monocrhome","show_share_counter":"1","show_view_counter":"1","show_featured":"1","show_post_meta":"1","show_post_author":"1","show_post_author_image":"1","show_post_date":"1","post_date_format":"default","post_date_format_custom":"Y\/m\/d","show_post_category":"1","show_post_tag":"1","show_prev_next_post":"1","show_popup_post":"1","number_popup_post":"1","show_author_box":"0","show_post_related":"1","show_inline_post_related":"0"}],"override_image_size":"0","image_override":[{"single_post_thumbnail_size":"crop-500","single_post_gallery_size":"crop-500"}]},"jnews_primary_category":{"id":""},"jnews_override_bookmark_settings":[],"jnews_review":[],"enable_review":"","type":"","name":"","summary":"","brand":"","sku":"","good":[],"bad":[],"score_override":"","override_value":"","rating":[],"price":[],"jnews_post_split":[],"footnotes":""},"categories":[17,7],"tags":[832,831,830,833],"class_list":["post-1800","post","type-post","status-publish","format-standard","has-post-thumbnail","hentry","category-entertainment","category-lifestyle","tag-afrique-sub-saharienne","tag-jcc","tag-le-senegal","tag-nejib-ayed"],"_links":{"self":[{"href":"https:\/\/www.africanchallenges.com\/index.php?rest_route=\/wp\/v2\/posts\/1800","targetHints":{"allow":["GET"]}}],"collection":[{"href":"https:\/\/www.africanchallenges.com\/index.php?rest_route=\/wp\/v2\/posts"}],"about":[{"href":"https:\/\/www.africanchallenges.com\/index.php?rest_route=\/wp\/v2\/types\/post"}],"author":[{"embeddable":true,"href":"https:\/\/www.africanchallenges.com\/index.php?rest_route=\/wp\/v2\/users\/3"}],"replies":[{"embeddable":true,"href":"https:\/\/www.africanchallenges.com\/index.php?rest_route=%2Fwp%2Fv2%2Fcomments&post=1800"}],"version-history":[{"count":2,"href":"https:\/\/www.africanchallenges.com\/index.php?rest_route=\/wp\/v2\/posts\/1800\/revisions"}],"predecessor-version":[{"id":1803,"href":"https:\/\/www.africanchallenges.com\/index.php?rest_route=\/wp\/v2\/posts\/1800\/revisions\/1803"}],"wp:featuredmedia":[{"embeddable":true,"href":"https:\/\/www.africanchallenges.com\/index.php?rest_route=\/wp\/v2\/media\/1802"}],"wp:attachment":[{"href":"https:\/\/www.africanchallenges.com\/index.php?rest_route=%2Fwp%2Fv2%2Fmedia&parent=1800"}],"wp:term":[{"taxonomy":"category","embeddable":true,"href":"https:\/\/www.africanchallenges.com\/index.php?rest_route=%2Fwp%2Fv2%2Fcategories&post=1800"},{"taxonomy":"post_tag","embeddable":true,"href":"https:\/\/www.africanchallenges.com\/index.php?rest_route=%2Fwp%2Fv2%2Ftags&post=1800"}],"curies":[{"name":"wp","href":"https:\/\/api.w.org\/{rel}","templated":true}]}}