{"id":17955,"date":"2020-06-13T23:00:19","date_gmt":"2020-06-13T23:00:19","guid":{"rendered":"http:\/\/www.africanchallenges.com\/?p=17955"},"modified":"2020-06-13T23:02:39","modified_gmt":"2020-06-13T23:02:39","slug":"tunisie-allemagne-un-fonds-allemand-dedie-pour-le-soutien-les-petites-et-moyennes-entreprises-actives-dans-le-domaine-de-lautomobile-et-aeronautique","status":"publish","type":"post","link":"https:\/\/www.africanchallenges.com\/?p=17955","title":{"rendered":"Tunisie-Allemagne : un fonds allemand d\u00e9di\u00e9 pour le soutien les petites et moyennes entreprises actives dans le domaine de l&rsquo;automobile et a\u00e9ronautique"},"content":{"rendered":"\n<div>\n<div>\n<div>\n<div>\n<div class=\"block-editor-block-list__layout\">\n<div id=\"block-1af0ab77-8893-4124-afd3-d2d22af22dd8\" class=\"wp-block block-editor-block-list__block has-selected-ui\" tabindex=\"0\" role=\"group\" data-block=\"1af0ab77-8893-4124-afd3-d2d22af22dd8\" data-type=\"core\/paragraph\" aria-label=\"Bloc\u00a0: Paragraphe\">\n<p class=\"rich-text block-editor-rich-text__editable wp-block-paragraph\" role=\"textbox\" aria-multiline=\"true\" aria-label=\"Bloc paragraphe\"><strong>En partenariat avec l&rsquo;Agence de promotion de l&rsquo;industrie et de l&rsquo;innovation APII , l&rsquo;Allemagne lance un nouveau programme de soutien aux petites et moyennes entreprises actives dans le domaine de la construction automobile et a\u00e9ronautique en Tunisie.<\/strong><\/p>\n<\/div>\n<div id=\"block-dc3b9580-e6f4-4cc4-80a3-501b448084e1\" class=\"wp-block block-editor-block-list__block has-selected-ui\" tabindex=\"0\" role=\"group\" data-block=\"dc3b9580-e6f4-4cc4-80a3-501b448084e1\" data-type=\"core\/paragraph\" aria-label=\"Bloc\u00a0: Paragraphe\">\n<p class=\"rich-text block-editor-rich-text__editable wp-block-paragraph\" role=\"textbox\" aria-multiline=\"true\" aria-label=\"Bloc paragraphe\">Ce programme vise \u00e0 lancer un nouveau fonds de soutien \u00e0 ces entreprises, notamment pour financer les d\u00e9penses engendr\u00e9es par les mesures pr\u00e9ventives prises pour r\u00e9duire le d\u00e9clenchement de la pand\u00e9mie de Corona en Tunisie.<\/p>\n<\/div>\n<div id=\"block-450030c9-19a4-4cb5-aece-6a950f54f10a\" class=\"wp-block block-editor-block-list__block has-selected-ui\" tabindex=\"0\" role=\"group\" data-block=\"450030c9-19a4-4cb5-aece-6a950f54f10a\" data-type=\"core\/paragraph\" aria-label=\"Bloc\u00a0: Paragraphe\">\n<p class=\"rich-text block-editor-rich-text__editable wp-block-paragraph\" role=\"textbox\" aria-multiline=\"true\" aria-label=\"Bloc paragraphe\">Pour mettre en \u0153uvre ce programme, un budget a \u00e9t\u00e9 allou\u00e9 \u00e0 l&rsquo;Agence de la promotion de l&rsquo;industrie et de l&rsquo;innovation pendant la p\u00e9riode allant du mois de juillet \u00a02020 \u00e0 ao\u00fbt 2022.<\/p>\n<\/div>\n<div id=\"block-f9f1f7f3-5801-4721-9d8e-d4392be0d27d\" class=\"wp-block block-editor-block-list__block has-selected-ui\" tabindex=\"0\" role=\"group\" data-block=\"f9f1f7f3-5801-4721-9d8e-d4392be0d27d\" data-type=\"core\/paragraph\" aria-label=\"Bloc\u00a0: Paragraphe\">\n<p class=\"rich-text block-editor-rich-text__editable wp-block-paragraph\" role=\"textbox\" aria-multiline=\"true\" aria-label=\"Bloc paragraphe\">\u00a0Les normes seront annonc\u00e9es \u00e0 la fin du mois de juillet.<\/p>\n<\/div>\n<div id=\"block-fcaff7ca-c59e-4449-9f35-7b35b9104ddf\" class=\"wp-block block-editor-block-list__block has-selected-ui\" tabindex=\"0\" role=\"group\" data-block=\"fcaff7ca-c59e-4449-9f35-7b35b9104ddf\" data-type=\"core\/paragraph\" aria-label=\"Bloc\u00a0: Paragraphe\">\n<p class=\"rich-text block-editor-rich-text__editable wp-block-paragraph\" role=\"textbox\" aria-multiline=\"true\" aria-label=\"Bloc paragraphe\">Ce programme est r\u00e9alis\u00e9 dans le cadre du projet \u00ab\u00a0Partenariat pour l&#8217;emploi et le soutien aux petites et moyennes entreprises en Tunisie\u00a0\u00bb, qui est mis en \u0153uvre par l&rsquo;Agence allemande de coop\u00e9ration GIZ Tunisie avec le mandat du minist\u00e8re f\u00e9d\u00e9ral de la Coop\u00e9ration \u00e9conomique et du D\u00e9veloppement (BMZ) Bundesministerium f\u00fcr wirtschaftliche Zusammenarbeit und Entwicklung (BMZ) en coop\u00e9ration avec le minist\u00e8re de l&rsquo;industrie et des micro-entreprises Minist\u00e8re des Affaires \u00e9trang\u00e8res, Minist\u00e8re des Affaires \u00e9trang\u00e8res, PME<\/p>\n<\/div>\n<div id=\"block-147dbadc-f900-434d-99ab-bc06c2c80e64\" class=\"wp-block block-editor-block-list__block has-selected-ui\" tabindex=\"0\" role=\"group\" data-block=\"147dbadc-f900-434d-99ab-bc06c2c80e64\" data-type=\"core\/paragraph\" aria-label=\"Bloc\u00a0: Paragraphe\">\n<p class=\"rich-text block-editor-rich-text__editable wp-block-paragraph\" role=\"textbox\" aria-multiline=\"true\" aria-label=\"Bloc paragraphe\">\u00a0Dans le cadre d&rsquo;une initiative sp\u00e9ciale de soutien \u00e0 la formation et \u00e0 l&#8217;emploi en Tunisie.<\/p>\n<\/div>\n<div class=\"block-list-appender\" tabindex=\"-1\">\u00a0<\/div>\n<\/div>\n<\/div>\n<\/div>\n<\/div>\n<\/div>\n<div tabindex=\"0\">\u00a0<\/div>\n","protected":false},"excerpt":{"rendered":"En partenariat avec l'Agence de promotion de l'industrie et de l'innovation APII , l'Allemagne lance un nouveau programme de soutien aux petites et moyennes entreprises actives dans le domaine de la construction automobile et a\u00e9ronautique en Tunisie. Ce programme vise \u00e0 lancer un nouveau fonds de soutien \u00e0 ces entreprises, notamment pour financer les d\u00e9penses [...]","protected":false},"author":4,"featured_media":17957,"comment_status":"open","ping_status":"closed","sticky":false,"template":"","format":"standard","meta":{"content-type":"","jnews-multi-image_gallery":[],"jnews_single_post":{"subtitle":"","format":"standard","video":"","gallery":"","source_name":"","source_url":"","via_name":"","via_url":"","override":[{"single_blog_custom":"","sidebar":"","second_sidebar":"","share_position":"","share_float_style":"","post_date_format":"","post_date_format_custom":"","post_reading_time_wpm":"","zoom_button_out_step":"1","zoom_button_in_step":"1","number_popup_post":"1"}],"image_override":[{"single_post_thumbnail_size":"","single_post_gallery_size":""}],"trending_post_position":"","trending_post_label":""},"jnews_primary_category":{"id":""},"jnews_override_bookmark_settings":[],"jnews_review":[],"enable_review":"","type":"","name":"","summary":"","brand":"","sku":"","good":[],"bad":[],"score_override":"","override_value":"","rating":[],"price":[],"jnews_post_split":[],"footnotes":""},"categories":[71],"tags":[4548,255,1182,4547],"class_list":["post-17955","post","type-post","status-publish","format-standard","has-post-thumbnail","hentry","category-autos-motos-2","tag-aeronautique","tag-allemagne","tag-automobile","tag-fonds-allemand"],"_links":{"self":[{"href":"https:\/\/www.africanchallenges.com\/index.php?rest_route=\/wp\/v2\/posts\/17955","targetHints":{"allow":["GET"]}}],"collection":[{"href":"https:\/\/www.africanchallenges.com\/index.php?rest_route=\/wp\/v2\/posts"}],"about":[{"href":"https:\/\/www.africanchallenges.com\/index.php?rest_route=\/wp\/v2\/types\/post"}],"author":[{"embeddable":true,"href":"https:\/\/www.africanchallenges.com\/index.php?rest_route=\/wp\/v2\/users\/4"}],"replies":[{"embeddable":true,"href":"https:\/\/www.africanchallenges.com\/index.php?rest_route=%2Fwp%2Fv2%2Fcomments&post=17955"}],"version-history":[{"count":2,"href":"https:\/\/www.africanchallenges.com\/index.php?rest_route=\/wp\/v2\/posts\/17955\/revisions"}],"predecessor-version":[{"id":17958,"href":"https:\/\/www.africanchallenges.com\/index.php?rest_route=\/wp\/v2\/posts\/17955\/revisions\/17958"}],"wp:featuredmedia":[{"embeddable":true,"href":"https:\/\/www.africanchallenges.com\/index.php?rest_route=\/wp\/v2\/media\/17957"}],"wp:attachment":[{"href":"https:\/\/www.africanchallenges.com\/index.php?rest_route=%2Fwp%2Fv2%2Fmedia&parent=17955"}],"wp:term":[{"taxonomy":"category","embeddable":true,"href":"https:\/\/www.africanchallenges.com\/index.php?rest_route=%2Fwp%2Fv2%2Fcategories&post=17955"},{"taxonomy":"post_tag","embeddable":true,"href":"https:\/\/www.africanchallenges.com\/index.php?rest_route=%2Fwp%2Fv2%2Ftags&post=17955"}],"curies":[{"name":"wp","href":"https:\/\/api.w.org\/{rel}","templated":true}]}}