{"id":1636,"date":"2018-08-22T01:00:26","date_gmt":"2018-08-22T01:00:26","guid":{"rendered":"http:\/\/www.africanchallenges.com\/?p=1636"},"modified":"2018-08-22T01:04:33","modified_gmt":"2018-08-22T01:04:33","slug":"maroc-le-ministere-de-la-communication-invite-la-presse-digitale-a-se-conformer-a-la-nouvelle-legislation","status":"publish","type":"post","link":"https:\/\/www.africanchallenges.com\/?p=1636","title":{"rendered":"Maroc : le minist\u00e8re de la Communication invite la presse digitale \u00e0 se conformer \u00e0 la nouvelle l\u00e9gislation"},"content":{"rendered":"<p><strong>Au Maroc, le minist\u00e8re de la Culture et de la Communication vient d\u2019annoncer une s\u00e9rie de mesures administratives destin\u00e9es \u00e0 obliger la presse \u00e9lectronique \u00e0 respecter la nouvelle r\u00e9glementation de son activit\u00e9. L\u2019information a \u00e9t\u00e9 rendue publique par un communiqu\u00e9 de presse issu du d\u00e9partement minist\u00e9riel.<\/strong><\/p>\n<p>A titre de rappel, une nouvelle r\u00e9glementation avait \u00e9t\u00e9 adopt\u00e9e en 2016 pour la presse \u00e9lectronique. Les principaux changements, par rapport \u00e0 l\u2019ancienne loi, concernaient notamment la mention, dans la page d\u2019accueil de tout quotidien digital, du nom du directeur de publication, la qualit\u00e9 des personnes charg\u00e9es de la direction, l\u2019adresse du journal \u00e9lectronique et de l\u2019h\u00e9bergeur, ainsi que le nombre quotidien de visiteurs.<\/p>\n<p>Conscients des efforts n\u00e9cessaires pour se conformer aux nouvelles r\u00e8gles, les autorit\u00e9s ont accord\u00e9 une ann\u00e9e \u00e0 la presse \u00e9lectronique pour y parvenir. Pourtant jusque-l\u00e0, de nombreux m\u00e9dias ne sont toujours pas en r\u00e8gle.<\/p>\n<p>Le minist\u00e8re de la Communication a donc annonc\u00e9 la mise en \u0153uvre prochaine de mesures destin\u00e9es \u00e0 favoriser le respect des nouvelles r\u00e8gles. Les autorit\u00e9s ont \u00e9galement rappel\u00e9 les avantages de la nouvelle r\u00e9glementation. Elle accorde notamment, \u00e0 titre gratuit, aux quotidiens digitaux, un nom de domaine national avec l\u2019extension press.ma, et des mesures incitatives publiques.<\/p>\n<p>Avec Agence Ecofin<\/p>\n","protected":false},"excerpt":{"rendered":"<p>Au Maroc, le minist\u00e8re de la Culture et de la Communication vient d\u2019annoncer une s\u00e9rie de mesures administratives destin\u00e9es \u00e0 obliger la presse \u00e9lectronique \u00e0 respecter la nouvelle r\u00e9glementation de son activit\u00e9. L\u2019information a \u00e9t\u00e9 rendue publique par un communiqu\u00e9 de presse issu du d\u00e9partement minist\u00e9riel. A titre de rappel, une nouvelle r\u00e9glementation avait \u00e9t\u00e9 [&hellip;]<\/p>\n","protected":false},"author":4,"featured_media":1637,"comment_status":"open","ping_status":"closed","sticky":false,"template":"","format":"standard","meta":{"content-type":"","jnews-multi-image_gallery":[],"jnews_single_post":{"override_template":"1","override":[{"template":"1","parallax":"1","fullscreen":"0","layout":"right-sidebar","sidebar":"default-sidebar","second_sidebar":"default-sidebar","sticky_sidebar":"1","share_position":"top","share_float_style":"share-monocrhome","show_share_counter":"1","show_view_counter":"1","show_featured":"1","show_post_meta":"1","show_post_author":"1","show_post_author_image":"1","show_post_date":"1","post_date_format":"default","post_date_format_custom":"Y\/m\/d","show_post_category":"1","show_post_tag":"1","show_prev_next_post":"1","show_popup_post":"1","number_popup_post":"1","show_author_box":"0","show_post_related":"1","show_inline_post_related":"0"}],"override_image_size":"0","image_override":[{"single_post_thumbnail_size":"crop-500","single_post_gallery_size":"crop-500"}]},"jnews_primary_category":{"id":""},"jnews_override_bookmark_settings":[],"jnews_review":[],"enable_review":"","type":"","name":"","summary":"","brand":"","sku":"","good":[],"bad":[],"score_override":"","override_value":"","rating":[],"price":[],"jnews_post_split":[],"footnotes":""},"categories":[61],"tags":[737,349,738],"class_list":["post-1636","post","type-post","status-publish","format-standard","has-post-thumbnail","hentry","category-societe","tag-communication","tag-maroc","tag-presse-electronique"],"_links":{"self":[{"href":"https:\/\/www.africanchallenges.com\/index.php?rest_route=\/wp\/v2\/posts\/1636","targetHints":{"allow":["GET"]}}],"collection":[{"href":"https:\/\/www.africanchallenges.com\/index.php?rest_route=\/wp\/v2\/posts"}],"about":[{"href":"https:\/\/www.africanchallenges.com\/index.php?rest_route=\/wp\/v2\/types\/post"}],"author":[{"embeddable":true,"href":"https:\/\/www.africanchallenges.com\/index.php?rest_route=\/wp\/v2\/users\/4"}],"replies":[{"embeddable":true,"href":"https:\/\/www.africanchallenges.com\/index.php?rest_route=%2Fwp%2Fv2%2Fcomments&post=1636"}],"version-history":[{"count":3,"href":"https:\/\/www.africanchallenges.com\/index.php?rest_route=\/wp\/v2\/posts\/1636\/revisions"}],"predecessor-version":[{"id":1640,"href":"https:\/\/www.africanchallenges.com\/index.php?rest_route=\/wp\/v2\/posts\/1636\/revisions\/1640"}],"wp:featuredmedia":[{"embeddable":true,"href":"https:\/\/www.africanchallenges.com\/index.php?rest_route=\/wp\/v2\/media\/1637"}],"wp:attachment":[{"href":"https:\/\/www.africanchallenges.com\/index.php?rest_route=%2Fwp%2Fv2%2Fmedia&parent=1636"}],"wp:term":[{"taxonomy":"category","embeddable":true,"href":"https:\/\/www.africanchallenges.com\/index.php?rest_route=%2Fwp%2Fv2%2Fcategories&post=1636"},{"taxonomy":"post_tag","embeddable":true,"href":"https:\/\/www.africanchallenges.com\/index.php?rest_route=%2Fwp%2Fv2%2Ftags&post=1636"}],"curies":[{"name":"wp","href":"https:\/\/api.w.org\/{rel}","templated":true}]}}