{"id":15838,"date":"2020-04-06T18:32:20","date_gmt":"2020-04-06T18:32:20","guid":{"rendered":"http:\/\/www.africanchallenges.com\/?p=15838"},"modified":"2020-04-06T18:34:56","modified_gmt":"2020-04-06T18:34:56","slug":"tunisie-covid-19-seance-de-travail-ministerielle-consacree-a-lexamen-du-plan-national-de-relance-economique","status":"publish","type":"post","link":"https:\/\/www.africanchallenges.com\/?p=15838","title":{"rendered":"Tunisie : covid-19 : s\u00e9ance de travail minist\u00e9rielle consacr\u00e9e \u00e0 l&rsquo;examen du plan national de relance \u00e9conomique"},"content":{"rendered":"\n<p style=\"background: white;\"><strong>Le Premier ministre Elyes Fakhfakh, , a pr\u00e9sid\u00e9 ce lundi 6 avril 2020 \u00e0 la Kasbah , une s\u00e9ance de travail minist\u00e9rielle consacr\u00e9e \u00e0 l&rsquo;examen du plan national de relance \u00e9conomique.<\/strong><br \/>Les participants ont discut\u00e9 des r\u00e9percussions attendues et possibles de la crise de Corona, en particulier sur les plans \u00e9conomique et social.<br \/>La r\u00e9union a \u00e9galement abord\u00e9 les plans n\u00e9cessaires pour assurer le retour r\u00e9gulier au cycle \u00e9conomique et les m\u00e9canismes pour renforcer l&rsquo;immunit\u00e9 et la r\u00e9silience de l&rsquo;\u00e9conomie nationale, en plus d&rsquo;examiner les moyens de mobiliser des ressources financi\u00e8res et des mesures urgentes et \u00e0 moyen terme pour relever les d\u00e9fis \u00e0 venir.<br \/>Le Premier ministre a soulign\u00e9 l&rsquo;approche proactive pour diagnostiquer les r\u00e9percussions \u00e9conomiques de la crise et \u00e9tablir une strat\u00e9gie de perspectives pour s&rsquo;en sortir en fonction des r\u00e9formes et des projets majeurs n\u00e9cessaires \u00e0 la reprise de l&rsquo;\u00e9conomie nationale.<\/p>\n","protected":false},"excerpt":{"rendered":"Le Premier ministre Elyes Fakhfakh, , a pr\u00e9sid\u00e9 ce lundi 6 avril 2020 \u00e0 la Kasbah , une s\u00e9ance de travail minist\u00e9rielle consacr\u00e9e \u00e0 l'examen du plan national de relance \u00e9conomique.Les participants ont discut\u00e9 des r\u00e9percussions attendues et possibles de la crise de Corona, en particulier sur les plans \u00e9conomique et social.La r\u00e9union a \u00e9galement [...]","protected":false},"author":4,"featured_media":15840,"comment_status":"open","ping_status":"closed","sticky":false,"template":"","format":"standard","meta":{"content-type":"","jnews-multi-image_gallery":[],"jnews_single_post":{"subtitle":"","format":"standard","video":"","gallery":"","source_name":"","source_url":"","via_name":"","via_url":"","override":[{"single_blog_custom":"","sidebar":"","second_sidebar":"","share_position":"","share_float_style":"","post_date_format":"","post_date_format_custom":"","post_reading_time_wpm":"","zoom_button_out_step":"1","zoom_button_in_step":"1","number_popup_post":"1"}],"image_override":[{"single_post_thumbnail_size":"","single_post_gallery_size":""}],"trending_post_position":"","trending_post_label":""},"jnews_primary_category":{"id":""},"jnews_override_bookmark_settings":[],"jnews_review":[],"enable_review":"","type":"","name":"","summary":"","brand":"","sku":"","good":[],"bad":[],"score_override":"","override_value":"","rating":[],"price":[],"jnews_post_split":[],"footnotes":""},"categories":[2],"tags":[4092,4330,4331,4329],"class_list":["post-15838","post","type-post","status-publish","format-standard","has-post-thumbnail","hentry","category-news-politique","tag-elyes-fakhfakh","tag-examen","tag-plan-national","tag-relance-economique"],"_links":{"self":[{"href":"https:\/\/www.africanchallenges.com\/index.php?rest_route=\/wp\/v2\/posts\/15838","targetHints":{"allow":["GET"]}}],"collection":[{"href":"https:\/\/www.africanchallenges.com\/index.php?rest_route=\/wp\/v2\/posts"}],"about":[{"href":"https:\/\/www.africanchallenges.com\/index.php?rest_route=\/wp\/v2\/types\/post"}],"author":[{"embeddable":true,"href":"https:\/\/www.africanchallenges.com\/index.php?rest_route=\/wp\/v2\/users\/4"}],"replies":[{"embeddable":true,"href":"https:\/\/www.africanchallenges.com\/index.php?rest_route=%2Fwp%2Fv2%2Fcomments&post=15838"}],"version-history":[{"count":2,"href":"https:\/\/www.africanchallenges.com\/index.php?rest_route=\/wp\/v2\/posts\/15838\/revisions"}],"predecessor-version":[{"id":15841,"href":"https:\/\/www.africanchallenges.com\/index.php?rest_route=\/wp\/v2\/posts\/15838\/revisions\/15841"}],"wp:featuredmedia":[{"embeddable":true,"href":"https:\/\/www.africanchallenges.com\/index.php?rest_route=\/wp\/v2\/media\/15840"}],"wp:attachment":[{"href":"https:\/\/www.africanchallenges.com\/index.php?rest_route=%2Fwp%2Fv2%2Fmedia&parent=15838"}],"wp:term":[{"taxonomy":"category","embeddable":true,"href":"https:\/\/www.africanchallenges.com\/index.php?rest_route=%2Fwp%2Fv2%2Fcategories&post=15838"},{"taxonomy":"post_tag","embeddable":true,"href":"https:\/\/www.africanchallenges.com\/index.php?rest_route=%2Fwp%2Fv2%2Ftags&post=15838"}],"curies":[{"name":"wp","href":"https:\/\/api.w.org\/{rel}","templated":true}]}}