{"id":14225,"date":"2020-02-15T17:47:34","date_gmt":"2020-02-15T17:47:34","guid":{"rendered":"http:\/\/www.africanchallenges.com\/?p=14225"},"modified":"2020-02-15T17:52:31","modified_gmt":"2020-02-15T17:52:31","slug":"tunisie-elyes-fakfakh-presente-la-composition-finale-du-gouvernement-aux-partis-politiques","status":"publish","type":"post","link":"https:\/\/www.africanchallenges.com\/?p=14225","title":{"rendered":"Tunisie : Elyes Fakfakh pr\u00e9sente la composition finale du gouvernement aux partis politiques"},"content":{"rendered":"\n<p><strong>Le Premier ministre d\u00e9sign\u00e9 Elyes Fakhfakh a pr\u00e9sent\u00e9 ce matin, \u00e0 Dar Dhiafa \u00e0 Carthage, aux partis et blocs parlementaires impliqu\u00e9s dans la formation de la coalition gouvernementale la composition finale du gouvernement avant sa pr\u00e9sentation officielle ce soir au pr\u00e9sident de la R\u00e9publique.<\/strong><\/p>\n<p><img fetchpriority=\"high\" decoding=\"async\" class=\"aligncenter wp-image-14228 size-full\" src=\"https:\/\/www.africanchallenges.com\/wp-content\/uploads\/2020\/02\/F\u00e3kf\u00e3k2.jpg\" alt=\"\" width=\"415\" height=\"297\" srcset=\"https:\/\/www.africanchallenges.com\/wp-content\/uploads\/2020\/02\/F\u00e3kf\u00e3k2.jpg 415w, https:\/\/www.africanchallenges.com\/wp-content\/uploads\/2020\/02\/F\u00e3kf\u00e3k2-300x215.jpg 300w, https:\/\/www.africanchallenges.com\/wp-content\/uploads\/2020\/02\/F\u00e3kf\u00e3k2-120x86.jpg 120w, https:\/\/www.africanchallenges.com\/wp-content\/uploads\/2020\/02\/F\u00e3kf\u00e3k2-350x250.jpg 350w\" sizes=\"(max-width: 415px) 100vw, 415px\" \/><\/p>\n<p>\u00a0Dans ce contexte, il a rencontr\u00e9 des repr\u00e9sentants du mouvemenr d\u2019Ennahda, du Mouvement d\u00e9mocratique et du Mouvement populaire, Tahya Tounes et le Bloc national de r\u00e9forme, ainsi que des repr\u00e9sentants des blocs de la Coalition pour la dignit\u00e9 et l&rsquo;avenir.<\/p>\n<p>Galb Tounes et les partis constitutionnels libres n&rsquo;ont pas r\u00e9pondu \u00e0 l&rsquo;invitation qui leur a \u00e9t\u00e9 adress\u00e9e.<\/p>\n","protected":false},"excerpt":{"rendered":"Le Premier ministre d\u00e9sign\u00e9 Elyes Fakhfakh a pr\u00e9sent\u00e9 ce matin, \u00e0 Dar Dhiafa \u00e0 Carthage, aux partis et blocs parlementaires impliqu\u00e9s dans la formation de la coalition gouvernementale la composition finale du gouvernement avant sa pr\u00e9sentation officielle ce soir au pr\u00e9sident de la R\u00e9publique. \u00a0Dans ce contexte, il a rencontr\u00e9 des repr\u00e9sentants du mouvemenr d\u2019Ennahda, [...]","protected":false},"author":4,"featured_media":14227,"comment_status":"open","ping_status":"closed","sticky":false,"template":"","format":"standard","meta":{"content-type":"","jnews-multi-image_gallery":[],"jnews_single_post":{"subtitle":"","format":"standard","video":"","gallery":"","source_name":"","source_url":"","via_name":"","via_url":"","override":[{"single_blog_custom":"","sidebar":"","second_sidebar":"","share_position":"","share_float_style":"","post_date_format":"","post_date_format_custom":"","post_reading_time_wpm":"","zoom_button_out_step":"1","zoom_button_in_step":"1","number_popup_post":"1"}],"image_override":[{"single_post_thumbnail_size":"","single_post_gallery_size":""}],"trending_post_position":"","trending_post_label":""},"jnews_primary_category":{"id":""},"jnews_override_bookmark_settings":[],"jnews_review":[],"enable_review":"","type":"","name":"","summary":"","brand":"","sku":"","good":[],"bad":[],"score_override":"","override_value":"","rating":[],"price":[],"jnews_post_split":[],"footnotes":""},"categories":[2],"tags":[4194,4193,4195],"class_list":["post-14225","post","type-post","status-publish","format-standard","has-post-thumbnail","hentry","category-news-politique","tag-composition-finale","tag-elyes-fakfakh","tag-partis-politiques"],"_links":{"self":[{"href":"https:\/\/www.africanchallenges.com\/index.php?rest_route=\/wp\/v2\/posts\/14225","targetHints":{"allow":["GET"]}}],"collection":[{"href":"https:\/\/www.africanchallenges.com\/index.php?rest_route=\/wp\/v2\/posts"}],"about":[{"href":"https:\/\/www.africanchallenges.com\/index.php?rest_route=\/wp\/v2\/types\/post"}],"author":[{"embeddable":true,"href":"https:\/\/www.africanchallenges.com\/index.php?rest_route=\/wp\/v2\/users\/4"}],"replies":[{"embeddable":true,"href":"https:\/\/www.africanchallenges.com\/index.php?rest_route=%2Fwp%2Fv2%2Fcomments&post=14225"}],"version-history":[{"count":3,"href":"https:\/\/www.africanchallenges.com\/index.php?rest_route=\/wp\/v2\/posts\/14225\/revisions"}],"predecessor-version":[{"id":14231,"href":"https:\/\/www.africanchallenges.com\/index.php?rest_route=\/wp\/v2\/posts\/14225\/revisions\/14231"}],"wp:featuredmedia":[{"embeddable":true,"href":"https:\/\/www.africanchallenges.com\/index.php?rest_route=\/wp\/v2\/media\/14227"}],"wp:attachment":[{"href":"https:\/\/www.africanchallenges.com\/index.php?rest_route=%2Fwp%2Fv2%2Fmedia&parent=14225"}],"wp:term":[{"taxonomy":"category","embeddable":true,"href":"https:\/\/www.africanchallenges.com\/index.php?rest_route=%2Fwp%2Fv2%2Fcategories&post=14225"},{"taxonomy":"post_tag","embeddable":true,"href":"https:\/\/www.africanchallenges.com\/index.php?rest_route=%2Fwp%2Fv2%2Ftags&post=14225"}],"curies":[{"name":"wp","href":"https:\/\/api.w.org\/{rel}","templated":true}]}}