{"id":1422,"date":"2018-08-13T17:15:26","date_gmt":"2018-08-13T17:15:26","guid":{"rendered":"http:\/\/www.africanchallenges.com\/?p=1422"},"modified":"2018-08-13T17:15:26","modified_gmt":"2018-08-13T17:15:26","slug":"tunisie-beji-caid-essebsi-penche-pour-legalite-de-lheritage-entre-lhomme-et-la-femme","status":"publish","type":"post","link":"https:\/\/www.africanchallenges.com\/?p=1422","title":{"rendered":"Tunisie :  Beji Ca\u00efd Essebsi penche pour l&rsquo;\u00e9galit\u00e9 de l&rsquo;h\u00e9ritage entre l&rsquo;homme et la femme"},"content":{"rendered":"<p><strong>Le discours du Pr\u00e9sident de la R\u00e9publique Tunisienne Beji Ca\u00efd Essebsi a, lors de son discours \u00e0 l&rsquo;occasion de la c\u00e9l\u00e9bration de la journ\u00e9e de la femme tunisienne, annonc\u00e9 qu&rsquo;un projet de loi pr\u00f4nant l&rsquo;\u00e9galit\u00e9 de l&rsquo;h\u00e9ritage entre l&rsquo;homme et la femme sera transmis \u00e0 l&rsquo;Assembl\u00e9e des Repr\u00e9sentants du peuple Une annonce phare, au vu des diff\u00e9rentes manifestations qui ont pr\u00e9c\u00e9d\u00e9es ce discours tant attentu.<\/strong><\/p>\n<p>\u00c7a y est, le Pr\u00e9sident Essebsi a donc choisi de pr\u00f4ner la loi sur le religieux En effet, les pourfandeurs de ce projet de loi \u00e9voquait le Saint Coran comme pr\u00e9texte pour ne pas envisager une telle loi. Seulement, BCE a voulu montr\u00e9 aux yeux de tout le monde s&rsquo;il en fallait encore que la Tunisie reste le trajet qu&rsquo;elle s&rsquo;est trac\u00e9e depuis son ind\u00e9pendance, et qui la distingue des autres pays \u00ab\u00a0arabes\u00a0\u00bb, sa civilit\u00e9.<\/p>\n<p>Il faut dire que de nombreux pays arabes appliquent cette loi qui fait qu&rsquo;un homme h\u00e9rite le double de ce qui revient \u00e0 une femme de m\u00eame niveau de parent\u00e9, avec cette mesure, lr Pr\u00e9sident Ca\u00efd Essebsi \u00ab\u00a0veut inverser la situation\u00a0\u00bb en faisant de l&rsquo;\u00e9galit\u00e9 la r\u00e8gle.<\/p>\n<p>Notons que cette proposition fait suite \u00e0 un rapport \u00e9mis par la Commission pour les libert\u00e9s individuelles et l\u2019\u00e9galit\u00e9 (Colibe), cr\u00e9\u00e9 il y a un an, et qui a sugg\u00e9r\u00e9 que le patrimoine familial soit partag\u00e9 par d\u00e9faut de fa\u00e7on \u00e9gale entre h\u00e9ritiers hommes et femmes.<\/p>\n","protected":false},"excerpt":{"rendered":"<p>Le discours du Pr\u00e9sident de la R\u00e9publique Tunisienne Beji Ca\u00efd Essebsi a, lors de son discours \u00e0 l&rsquo;occasion de la c\u00e9l\u00e9bration de la journ\u00e9e de la femme tunisienne, annonc\u00e9 qu&rsquo;un projet de loi pr\u00f4nant l&rsquo;\u00e9galit\u00e9 de l&rsquo;h\u00e9ritage entre l&rsquo;homme et la femme sera transmis \u00e0 l&rsquo;Assembl\u00e9e des Repr\u00e9sentants du peuple Une annonce phare, au vu [&hellip;]<\/p>\n","protected":false},"author":2,"featured_media":1423,"comment_status":"open","ping_status":"closed","sticky":false,"template":"","format":"standard","meta":{"content-type":"","jnews-multi-image_gallery":[],"jnews_single_post":{"override_template":"1","override":[{"template":"1","parallax":"1","fullscreen":"0","layout":"right-sidebar","sidebar":"default-sidebar","second_sidebar":"default-sidebar","sticky_sidebar":"1","share_position":"top","share_float_style":"share-monocrhome","show_share_counter":"1","show_view_counter":"1","show_featured":"1","show_post_meta":"1","show_post_author":"1","show_post_author_image":"1","show_post_date":"1","post_date_format":"default","post_date_format_custom":"Y\/m\/d","show_post_category":"1","show_post_tag":"1","show_prev_next_post":"1","show_popup_post":"1","number_popup_post":"1","show_author_box":"0","show_post_related":"1","show_inline_post_related":"0"}],"override_image_size":"0","image_override":[{"single_post_thumbnail_size":"crop-500","single_post_gallery_size":"crop-500"}]},"jnews_primary_category":{"id":""},"jnews_override_bookmark_settings":[],"jnews_review":[],"enable_review":"","type":"","name":"","summary":"","brand":"","sku":"","good":[],"bad":[],"score_override":"","override_value":"","rating":[],"price":[],"jnews_post_split":[],"footnotes":""},"categories":[2],"tags":[630,329,54],"class_list":["post-1422","post","type-post","status-publish","format-standard","has-post-thumbnail","hentry","category-news-politique","tag-bce","tag-beji-caid-essebsi","tag-tunisie"],"_links":{"self":[{"href":"https:\/\/www.africanchallenges.com\/index.php?rest_route=\/wp\/v2\/posts\/1422","targetHints":{"allow":["GET"]}}],"collection":[{"href":"https:\/\/www.africanchallenges.com\/index.php?rest_route=\/wp\/v2\/posts"}],"about":[{"href":"https:\/\/www.africanchallenges.com\/index.php?rest_route=\/wp\/v2\/types\/post"}],"author":[{"embeddable":true,"href":"https:\/\/www.africanchallenges.com\/index.php?rest_route=\/wp\/v2\/users\/2"}],"replies":[{"embeddable":true,"href":"https:\/\/www.africanchallenges.com\/index.php?rest_route=%2Fwp%2Fv2%2Fcomments&post=1422"}],"version-history":[{"count":1,"href":"https:\/\/www.africanchallenges.com\/index.php?rest_route=\/wp\/v2\/posts\/1422\/revisions"}],"predecessor-version":[{"id":1424,"href":"https:\/\/www.africanchallenges.com\/index.php?rest_route=\/wp\/v2\/posts\/1422\/revisions\/1424"}],"wp:featuredmedia":[{"embeddable":true,"href":"https:\/\/www.africanchallenges.com\/index.php?rest_route=\/wp\/v2\/media\/1423"}],"wp:attachment":[{"href":"https:\/\/www.africanchallenges.com\/index.php?rest_route=%2Fwp%2Fv2%2Fmedia&parent=1422"}],"wp:term":[{"taxonomy":"category","embeddable":true,"href":"https:\/\/www.africanchallenges.com\/index.php?rest_route=%2Fwp%2Fv2%2Fcategories&post=1422"},{"taxonomy":"post_tag","embeddable":true,"href":"https:\/\/www.africanchallenges.com\/index.php?rest_route=%2Fwp%2Fv2%2Ftags&post=1422"}],"curies":[{"name":"wp","href":"https:\/\/api.w.org\/{rel}","templated":true}]}}